{"id":52663,"date":"2020-11-27T19:10:02","date_gmt":"2020-11-27T18:10:02","guid":{"rendered":"https:\/\/alzira.es\/previsio-de-pluges-moderades-a-alzira-2\/"},"modified":"2020-11-27T19:10:02","modified_gmt":"2020-11-27T18:10:02","slug":"previsio-de-pluges-moderades-a-alzira-2","status":"publish","type":"post","link":"https:\/\/alzira.es\/es\/previsio-de-pluges-moderades-a-alzira-2\/","title":{"rendered":"Previsi\u00f3 de pluges moderades a Alzira"},"content":{"rendered":"<p>La situaci\u00f3 d&#8217;Alzira a hores d&#8217;ara, \u00e9s de pluges persistents encara que la previsi\u00f3 indica tend\u00e8ncia a l&#8217;estabilitat.<\/p>\n<p>A les 15:30 hores, una tromba d&#8217;aigua ha descarregat sobre la ciutat, acumulant-se fins a este moment prop de 90 litres per metre quadrat. El barranc Fosc ha desbordat degut a l&#8217;acumulaci\u00f3 d&#8217;aigua acompanyada de fang baixada de la muntanya.<\/p>\n<p>L&#8217;alcalde d&#8217;Alzira, <strong>Diego G\u00f3mez<\/strong> ha estat en la zona m\u00e9s afectada per la pluja i ha explicat que \u00abA hores d&#8217;ara ja no passa aigua per este punt, per\u00f2 cal tindre molta precauci\u00f3. En este moment situaci\u00f3 \u00e9s de normalitat, encara que estem molt atents a l&#8217;evoluci\u00f3. L&#8217;\u00fanic punt problem\u00e0tic a la ciutat, es troba a la carretera d&#8217;Albalat, on la Diputaci\u00f3 ha procedit al tall\u00bb.<\/p>\n<p><strong>Quantitats enregistrades a les estacions municipals a les 18.30 hores:<\/strong><br \/>90 l\/m2 Alquen\u00e8ncia<br \/>77 l\/m2 Murta<br \/>72 l\/m2 Ajuntament<br \/>52 l\/m2 Casella<\/p>\n<p>Segons indica el meteor\u00f2leg Jovi Esteve \u00abAlzira continua en preemerg\u00e8ncia taronja per pluja i aix\u00ed es mantindr\u00e0 al llarg de la vesprada. Les pr\u00f2ximes hores no es descarten noves tronades, per\u00f2 a mesura que avance la nit \u00e9s cada vegada m\u00e9s improbable\u00bb<\/p>\n<p>Les precipitacions s\u00f3n residuals i encara que no hi ha avisos per a dem\u00e0, es recomana no agafar el cotxe i anar amb molta precauci\u00f3.<\/p>\n<p>\u00e7<img fetchpriority=\"high\" decoding=\"async\" class=\" size-full wp-image-52660\" style=\"margin-right: auto; margin-left: auto; display: block;\" src=\"https:\/\/alzira.es\/wp-content\/uploads\/2020\/11\/127188366_3870616259635653_4834145797913355792_o.jpg\" alt=\"127188366 3870616259635653 4834145797913355792 o\" width=\"500\" height=\"375\" srcset=\"https:\/\/alzira.es\/wp-content\/uploads\/2020\/11\/127188366_3870616259635653_4834145797913355792_o.jpg 1600w, https:\/\/alzira.es\/wp-content\/uploads\/2020\/11\/127188366_3870616259635653_4834145797913355792_o-680x510.jpg 680w, https:\/\/alzira.es\/wp-content\/uploads\/2020\/11\/127188366_3870616259635653_4834145797913355792_o-1430x1072.jpg 1430w, https:\/\/alzira.es\/wp-content\/uploads\/2020\/11\/127188366_3870616259635653_4834145797913355792_o-768x576.jpg 768w, https:\/\/alzira.es\/wp-content\/uploads\/2020\/11\/127188366_3870616259635653_4834145797913355792_o-1536x1152.jpg 1536w\" sizes=\"(max-width: 500px) 100vw, 500px\" \/><\/p>\n<p>&nbsp;<\/p>\n","protected":false},"excerpt":{"rendered":"<p>La situaci\u00f3 d&#8217;Alzira a hores d&#8217;ara, \u00e9s de pluges persistents encara que la previsi\u00f3 indica tend\u00e8ncia a l&#8217;estabilitat. A les 15:30 hores, una tromba d&#8217;aigua ha descarregat sobre la ciutat, acumulant-se fins a este moment prop de 90 litres per metre quadrat. El barranc Fosc ha desbordat degut a l&#8217;acumulaci\u00f3 d&#8217;aigua acompanyada de fang baixada &hellip; <\/p>\n<p class=\"link-more\"><a href=\"https:\/\/alzira.es\/es\/previsio-de-pluges-moderades-a-alzira-2\/\" class=\"more-link\">Continuar leyendo<span class=\"screen-reader-text\"> \u00abPrevisi\u00f3 de pluges moderades a Alzira\u00bb<\/span><\/a><\/p>\n","protected":false},"author":36,"featured_media":52660,"comment_status":"","ping_status":"","sticky":false,"template":"","format":"standard","meta":{"_acf_changed":false,"footnotes":""},"categories":[],"tags":[],"class_list":["post-52663","post","type-post","status-publish","format-standard","has-post-thumbnail","hentry"],"acf":[],"_links":{"self":[{"href":"https:\/\/alzira.es\/es\/wp-json\/wp\/v2\/posts\/52663","targetHints":{"allow":["GET"]}}],"collection":[{"href":"https:\/\/alzira.es\/es\/wp-json\/wp\/v2\/posts"}],"about":[{"href":"https:\/\/alzira.es\/es\/wp-json\/wp\/v2\/types\/post"}],"author":[{"embeddable":true,"href":"https:\/\/alzira.es\/es\/wp-json\/wp\/v2\/users\/36"}],"replies":[{"embeddable":true,"href":"https:\/\/alzira.es\/es\/wp-json\/wp\/v2\/comments?post=52663"}],"version-history":[{"count":0,"href":"https:\/\/alzira.es\/es\/wp-json\/wp\/v2\/posts\/52663\/revisions"}],"wp:featuredmedia":[{"embeddable":true,"href":"https:\/\/alzira.es\/es\/wp-json\/wp\/v2\/media\/52660"}],"wp:attachment":[{"href":"https:\/\/alzira.es\/es\/wp-json\/wp\/v2\/media?parent=52663"}],"wp:term":[{"taxonomy":"category","embeddable":true,"href":"https:\/\/alzira.es\/es\/wp-json\/wp\/v2\/categories?post=52663"},{"taxonomy":"post_tag","embeddable":true,"href":"https:\/\/alzira.es\/es\/wp-json\/wp\/v2\/tags?post=52663"}],"curies":[{"name":"wp","href":"https:\/\/api.w.org\/{rel}","templated":true}]}}