{"id":52659,"date":"2020-11-27T13:12:24","date_gmt":"2020-11-27T12:12:24","guid":{"rendered":"https:\/\/alzira.es\/es-reedita-el-llibre-del-pare-morera-en-que-coneixem-la-historia-del-monestir-de-santa-maria-de-la-murta-2\/"},"modified":"2020-11-27T13:12:24","modified_gmt":"2020-11-27T12:12:24","slug":"es-reedita-el-llibre-del-pare-morera-en-que-coneixem-la-historia-del-monestir-de-santa-maria-de-la-murta-2","status":"publish","type":"post","link":"https:\/\/alzira.es\/es\/es-reedita-el-llibre-del-pare-morera-en-que-coneixem-la-historia-del-monestir-de-santa-maria-de-la-murta-2\/","title":{"rendered":"Es reedita el llibre del pare Morera en qu\u00e8 coneixem la hist\u00f2ria del Monestir de Santa Maria de la Murta"},"content":{"rendered":"<h3>Es podr\u00e0 adquirir al MUMA a un preu de 8\u20ac en la segona quinzena de desembre<\/h3>\n<p>Abans que finalitze 2020 es podr\u00e0 adquirir, per 8 \u20ac la unitat, Hist\u00f2ria del monestir Santa Maria de la Murta, una reedici\u00f3 del llibre que va veure la llum en 1995, dins de la s\u00e8rie \u00abQuaderns d&#8217;estudis locals\u00bb, amb el n\u00famero 3, una edici\u00f3 que va contribuir a la difusi\u00f3 de l&#8217;obra del prior del monestir, J. B. Morera, escrita en 1773 i de la qual sols es conserven c\u00f2pies mecanografiades.<\/p>\n<p>Esta reedici\u00f3 ha sigut possible despr\u00e9s que la regidora de Patrimoni Cultural,<strong> Isabel Aguilar<\/strong>, mostrara inter\u00e9s a materialitzar-la a inst\u00e0ncia de l&#8217;Associaci\u00f3 Amics de la Murta, per tal de cobrir el buit bibliogr\u00e0fic i atendre les veus que ho reclamaven.<\/p>\n<p>L&#8217;edici\u00f3 que ara vor\u00e0 la llum ha sigut revisada i actualitzada, incorporant noves imatges al volum, algunes a tot color, i entre les quals s&#8217;inclou la reconstrucci\u00f3 hipot\u00e8tica realitzada, en la seua tesi doctoral, per l&#8217;arquitecta Marina Sender, que tamb\u00e9 ha sigut coredactora del Pla Director.<\/p>\n<p>La tirada \u00e9s de 2.000 exemplars que podran adquirir-se al MUMA. \u00abSe&#8217;ns dubte un magn\u00edfic regal per a este Nadal\u00bb, segons ha apuntat la regidora de l&#8217;\u00e0rea.<\/p>\n<p>Fent un poc d&#8217;hist\u00f2ria cal apuntar que el llibre va ser escrit pel que va ser prior del Monestir, el pare Morera. Es tracta d&#8217;una informaci\u00f3 molt precisa de la hist\u00f2ria del Monestir i de la devoci\u00f3 a la Mare de D\u00e9u de la Murta que ens ajuda a aprofundir en el coneixement d&#8217;un dels b\u00e9ns m\u00e9s apreciats del patrimoni de la comarca de la Ribera i, \u00e9s clar, de la Comunitat Valenciana.<\/p>\n<p>\u00abUna de les coses amb m\u00e9s import\u00e0ncia per a Alzira al llarg dels segles ha sigut, \u00e9s i ser\u00e0, en el seu conjunt, la Murta. D&#8217;una banda, \u00e9s un paratge natural \u00fanic i el pulm\u00f3 verd de la comarca. D&#8217;altra, ha sigut el centre cultural i espiritual de la Ribera. No ens hem d&#8217;oblidar del gran potencial did\u00e0ctic que ens oferix l&#8217;oportunitat de donar a con\u00e9ixer, especialment als alzirenys m\u00e9s joves, tot el que la Murta representa, i ara gr\u00e0cies al llibre poden descobrir tots els aspectes rellevants del cenobi\u00bb, segons <strong>Isabel Aguilar<\/strong>.<\/p>\n<p>El llibre va ser escrit en 1773, amb el t\u00edtol Historia de la fundaci\u00f3n del Valle de Miralles y hallazgo y maravillas de la Sant\u00edssima Imagen de Nuestra Se\u00f1ora de la Murta, en qu\u00e8 el pare Morera aprofundix en tots els detalls que ens han ajudat a entendre la import\u00e0ncia que va significar el monestir en l&#8217;\u00e8poca.<br \/>Lamentablement, a conseq\u00fc\u00e8ncia de l&#8217;exclaustraci\u00f3 i de la incultura, molt del patrimoni del Monestir de Santa Maria de la Murta es va perdre o va passar a mans d&#8217;institucions p\u00fabliques i privades. En concret, l&#8217;original del llibre es va trobar l&#8217;any 1955, per Enrique N\u00fa\u00f1ez Tello, a la biblioteca de l&#8217;Il\u00b7lustr\u00edssim Bar\u00f3 de Terrateig, que va deixar que es fera una c\u00f2pia mecanografiada. No obstant, est\u00e0 incomplet, ja que li falten alguns cap\u00edtols.<br \/>\u00abDes de la Regidoria de Patrimoni Cultural estem lluitant per la restauraci\u00f3 del patrimoni arquitect\u00f2nic de la Murta, en concret de la Torre dels Coloms, per\u00f2 tamb\u00e9 som conscients de la import\u00e0ncia al llarg del temps i de la seua hist\u00f2ria, per tant, i en conseq\u00fc\u00e8ncia, no podem m\u00e9s que felicitar-nos pel llan\u00e7ament de 2.000 exemplars d&#8217;este apassionant llibre que ens relata una part important de la hist\u00f2ria d&#8217;Alzira, la de l&#8217;exist\u00e8ncia del Monestir de Santa Maria de la Murta\u00bb, ha remarcat la regidora.<\/p>\n<p><img fetchpriority=\"high\" decoding=\"async\" class=\" size-full wp-image-52656\" style=\"display: block; margin-left: auto; margin-right: auto;\" src=\"https:\/\/alzira.es\/wp-content\/uploads\/2020\/11\/Portada_llibre.jpg\" alt=\"Portada llibre\" width=\"500\" height=\"205\" \/><\/p>\n<p>&nbsp;<\/p>\n","protected":false},"excerpt":{"rendered":"<p>Es podr\u00e0 adquirir al MUMA a un preu de 8\u20ac en la segona quinzena de desembre Abans que finalitze 2020 es podr\u00e0 adquirir, per 8 \u20ac la unitat, Hist\u00f2ria del monestir Santa Maria de la Murta, una reedici\u00f3 del llibre que va veure la llum en 1995, dins de la s\u00e8rie \u00abQuaderns d&#8217;estudis locals\u00bb, amb &hellip; <\/p>\n<p class=\"link-more\"><a href=\"https:\/\/alzira.es\/es\/es-reedita-el-llibre-del-pare-morera-en-que-coneixem-la-historia-del-monestir-de-santa-maria-de-la-murta-2\/\" class=\"more-link\">Continuar leyendo<span class=\"screen-reader-text\"> \u00abEs reedita el llibre del pare Morera en qu\u00e8 coneixem la hist\u00f2ria del Monestir de Santa Maria de la Murta\u00bb<\/span><\/a><\/p>\n","protected":false},"author":29,"featured_media":52656,"comment_status":"","ping_status":"","sticky":false,"template":"","format":"standard","meta":{"_acf_changed":false,"footnotes":""},"categories":[],"tags":[],"class_list":["post-52659","post","type-post","status-publish","format-standard","has-post-thumbnail","hentry"],"acf":[],"_links":{"self":[{"href":"https:\/\/alzira.es\/es\/wp-json\/wp\/v2\/posts\/52659","targetHints":{"allow":["GET"]}}],"collection":[{"href":"https:\/\/alzira.es\/es\/wp-json\/wp\/v2\/posts"}],"about":[{"href":"https:\/\/alzira.es\/es\/wp-json\/wp\/v2\/types\/post"}],"author":[{"embeddable":true,"href":"https:\/\/alzira.es\/es\/wp-json\/wp\/v2\/users\/29"}],"replies":[{"embeddable":true,"href":"https:\/\/alzira.es\/es\/wp-json\/wp\/v2\/comments?post=52659"}],"version-history":[{"count":0,"href":"https:\/\/alzira.es\/es\/wp-json\/wp\/v2\/posts\/52659\/revisions"}],"wp:featuredmedia":[{"embeddable":true,"href":"https:\/\/alzira.es\/es\/wp-json\/wp\/v2\/media\/52656"}],"wp:attachment":[{"href":"https:\/\/alzira.es\/es\/wp-json\/wp\/v2\/media?parent=52659"}],"wp:term":[{"taxonomy":"category","embeddable":true,"href":"https:\/\/alzira.es\/es\/wp-json\/wp\/v2\/categories?post=52659"},{"taxonomy":"post_tag","embeddable":true,"href":"https:\/\/alzira.es\/es\/wp-json\/wp\/v2\/tags?post=52659"}],"curies":[{"name":"wp","href":"https:\/\/api.w.org\/{rel}","templated":true}]}}