{"id":52649,"date":"2020-11-27T12:31:59","date_gmt":"2020-11-27T11:31:59","guid":{"rendered":"https:\/\/alzira.es\/s-atorguen-els-premis-innovacio-educativa-ciutat-d-alzira-2020-2\/"},"modified":"2020-11-27T12:31:59","modified_gmt":"2020-11-27T11:31:59","slug":"s-atorguen-els-premis-innovacio-educativa-ciutat-d-alzira-2020-2","status":"publish","type":"post","link":"https:\/\/alzira.es\/es\/s-atorguen-els-premis-innovacio-educativa-ciutat-d-alzira-2020-2\/","title":{"rendered":"S\u2019atorguen els Premis Innovaci\u00f3 Educativa Ciutat d\u2019Alzira 2020"},"content":{"rendered":"<h3>\u2022 L&#8217;acte de lliurament tindr\u00e0 lloc la primavera de 2021<\/h3>\n<p>Esta setmana s&#8217;ha reunit el jurat dels Premis d&#8217;Innovaci\u00f3 Educativa per a determinar els guanyadors de l&#8217;edici\u00f3 2020, als qui posteriorment se&#8217;ls ha traslladat de manera telef\u00f2nica. El lliurament de premis tindr\u00e0 lloc la pr\u00f2xima primavera de 2021.<\/p>\n<p>La convocat\u00f2ria est\u00e0 organitzada per l&#8217;Ajuntament d&#8217;Alzira i la fundaci\u00f3 Bromera i es dirigix al personal docent de centres educatius d&#8217;Infantil, Prim\u00e0ria, Secund\u00e0ria, Educaci\u00f3 Especial, Formaci\u00f3 de Persones Adultes o Ensenyances Especialitzades de qualsevol poblaci\u00f3 de la Comunitat Valenciana. Es tracta de dos premis, el XXII Premi d&#8217;Experi\u00e8ncies d&#8217;Innovaci\u00f3 Educativa i el XV Premi d&#8217;Experi\u00e8ncies de Foment de la Lectura \u00abCiutat d&#8217;Alzira\u00bb 2020.<\/p>\n<p>El XXII Premi d&#8217;Experi\u00e8ncies d&#8217;Innovaci\u00f3 Educativa \u00abCiutat d&#8217;Alzira\u00bb, amb el suport de la Regidoria d&#8217;Educaci\u00f3, busca experi\u00e8ncies que potencien la creativitat de l&#8217;alumnat, l&#8217;educaci\u00f3 en valors per a una adequada conviv\u00e8ncia. \u00abDes de l&#8217;\u00e0rea d&#8217;Educaci\u00f3 estem molt satisfets per les propostes presentades, totes elles treballen en la l\u00ednia de l&#8217;educaci\u00f3 participativa. Aix\u00ed mateix, ens comprometem a difondre-les dins de les activitats programades en la regidoria\u00bb, ha manifestat la regidora, <strong>Maria Calvo<\/strong>.<\/p>\n<p>Per la seua banda, el XV Premi d&#8217;Experi\u00e8ncies de Foment de la Lectura \u00abCiutat d&#8217;Alzira\u00bb 2020, organitzat per la Regidoria de Cultura i la Fundaci\u00f3 Bromera per al Foment de la Lectura, t\u00e9 per objectiu potenciar i donar suport a les diverses actuacions orientades a fomentar i consolidar l&#8217;h\u00e0bit lector. \u00abEnguany s&#8217;han presentat propostes molt interessants que treballen per a conscienciar la poblaci\u00f3 de la necessitat de llegir. Parlem d&#8217;experi\u00e8ncies que empren els jocs i les activitats a l&#8217;aula per a difondre el plaer de la lectura. A m\u00e9s, el premi tamb\u00e9 valora els treballs que ajuden a la difusi\u00f3 de l&#8217;obra d&#8217;escriptors i escriptores de literatura infantil i juvenil en valenci\u00e0\u00bb, ha explicat el regidor, <strong>Alfred Aranda<\/strong>.<\/p>\n<p>El jurat acorda per unanimitat concedir els seg\u00fcents premis:<br \/><strong>En els XXII Premis d&#8217;Experi\u00e8ncies d&#8217;Innovaci\u00f3 Educativa:<\/strong><br \/>\u2022 Educaci\u00f3 <strong>Infantil i Prim\u00e0ria<\/strong> educar en valors: <strong>\u00abPer un cor solidari\u00bb<\/strong>, projecte educatiu del CEIP Alborx\u00ed d&#8217;Alzira, coordinat per F\u00e9lix Cort\u00e9s Gomis, amb una dotaci\u00f3 de 800 euros.<br \/>\u2022 Educaci\u00f3 <strong>Secund\u00e0ria<\/strong>, premi compartit a les experi\u00e8ncies titulades: <strong>\u00abI si les coses no foren com sempre ens han contat?\u00bb<\/strong>, projecte educatiu realitzat per X\u00faquer CE d&#8217;Alzira a c\u00e0rrec d&#8217;Elena Peris Bleda i Silvia Perpi\u00f1\u00e1 Juan, amb una dotaci\u00f3 de 400 euros, i <strong>\u00abJugamos para aprender y aprendemos para jugar\u00bb<\/strong>, del CIPFP Luis Su\u00f1er d&#8217;Alzira presentat per Blanca Bono Mart\u00ednez, amb una dotaci\u00f3 de 400 euros.<br \/>\u2022 Educaci\u00f3 <strong>Especial, EPA i ensenyaments especialitzats<\/strong> a l&#8217;experi\u00e8ncia titulada <strong>\u00abEspais i fortaleses, projecte inclusiu i solidari\u00bb<\/strong>, projecte educatiu del CEE Miquel Burguera de Sueca, realitzat per Ma. Jos\u00e9 Llicer Mauro, M\u00f3nica \u00c1lvarez Fuertes, Josefa Adelina Fuster Milvaques i Natalia P\u00e9rez Girau, amb una dotaci\u00f3 de 800 euros.<br \/>\u2022 <strong>Menci\u00f3 especial<\/strong> al projecte educatiu<strong> \u00abCartes per als malalts de Coronavirus\u00bb<\/strong>, del CPFPA Enric Valor d&#8217;Alzira, presentat per Marina Ballester Camarasa.<\/p>\n<p><strong>En els XV Premis d&#8217;Experi\u00e8ncies de Foment de la Lectura Ciutat d&#8217;Alzira 2020:<\/strong><\/p>\n<p>\u2022 <strong>1r Premi<\/strong>, dotat amb 800 euros, diploma i un lot de llibres. Un premi patrocinat per la Regidoria de Cultura de l&#8217;Ajuntament d&#8217;Alzira al projecte <strong>\u00abContes que volen i altres hist\u00f2ries\u00bb<\/strong>, del CEIP Llu\u00eds Vives d&#8217;Ontinyent, un projecte coordinat per Enriqueta Molla.<br \/>\u2022<strong> 2n Premi<\/strong>, dotat amb 600 euros, diploma i un lot de llibres. Un premi patrocinat per la Fundaci\u00f3 Bromera per al Foment de la Lectura al projecte <strong>\u00abFullejant entre fulles\u00bb<\/strong>, del CEIP Tirant lo Blanc d&#8217;Alzira, una experi\u00e8ncia coordinada per Inmaculada Masi\u00e0.<br \/>\u2022 <strong>Menci\u00f3 especial<\/strong> amb diploma i un lot de llibres per al <strong>projecte \u00abLlegir sense maj\u00fascules\u00bb<\/strong>, presentat per l&#8217;IES Hort de Feliu d&#8217;Alginet, experi\u00e8ncia presentada i coordinada per Begonya Soler Soriano.<br \/>\u2022 <strong>Menci\u00f3 especial<\/strong> amb diploma i lot de llibres per al<strong> projecte \u00abChampions Llig i Booktrailer\u00bb<\/strong>, del CEIP Ausi\u00e0s March de la Vall d&#8217;Uix\u00f3, presentada per Ana Isabel del Fresno.<\/p>\n<p><img fetchpriority=\"high\" decoding=\"async\" class=\" size-full wp-image-52646\" style=\"display: block; margin-left: auto; margin-right: auto;\" src=\"https:\/\/alzira.es\/wp-content\/uploads\/2020\/11\/XS_Premis-Innovacio-2020_imatge.jpg\" alt=\"XS Premis-Innovacio-2020 imatge\" width=\"500\" height=\"500\" srcset=\"https:\/\/alzira.es\/wp-content\/uploads\/2020\/11\/XS_Premis-Innovacio-2020_imatge.jpg 1200w, https:\/\/alzira.es\/wp-content\/uploads\/2020\/11\/XS_Premis-Innovacio-2020_imatge-510x510.jpg 510w, https:\/\/alzira.es\/wp-content\/uploads\/2020\/11\/XS_Premis-Innovacio-2020_imatge-1072x1072.jpg 1072w, https:\/\/alzira.es\/wp-content\/uploads\/2020\/11\/XS_Premis-Innovacio-2020_imatge-350x350.jpg 350w, https:\/\/alzira.es\/wp-content\/uploads\/2020\/11\/XS_Premis-Innovacio-2020_imatge-768x768.jpg 768w, https:\/\/alzira.es\/wp-content\/uploads\/2020\/11\/XS_Premis-Innovacio-2020_imatge-300x300.jpg 300w, https:\/\/alzira.es\/wp-content\/uploads\/2020\/11\/XS_Premis-Innovacio-2020_imatge-100x100.jpg 100w\" sizes=\"(max-width: 500px) 100vw, 500px\" \/><\/p>\n","protected":false},"excerpt":{"rendered":"<p>\u2022 L&#8217;acte de lliurament tindr\u00e0 lloc la primavera de 2021 Esta setmana s&#8217;ha reunit el jurat dels Premis d&#8217;Innovaci\u00f3 Educativa per a determinar els guanyadors de l&#8217;edici\u00f3 2020, als qui posteriorment se&#8217;ls ha traslladat de manera telef\u00f2nica. El lliurament de premis tindr\u00e0 lloc la pr\u00f2xima primavera de 2021. La convocat\u00f2ria est\u00e0 organitzada per l&#8217;Ajuntament d&#8217;Alzira &hellip; <\/p>\n<p class=\"link-more\"><a href=\"https:\/\/alzira.es\/es\/s-atorguen-els-premis-innovacio-educativa-ciutat-d-alzira-2020-2\/\" class=\"more-link\">Continuar leyendo<span class=\"screen-reader-text\"> \u00abS\u2019atorguen els Premis Innovaci\u00f3 Educativa Ciutat d\u2019Alzira 2020\u00bb<\/span><\/a><\/p>\n","protected":false},"author":29,"featured_media":52646,"comment_status":"","ping_status":"","sticky":false,"template":"","format":"standard","meta":{"_acf_changed":false,"footnotes":""},"categories":[],"tags":[],"class_list":["post-52649","post","type-post","status-publish","format-standard","has-post-thumbnail","hentry"],"acf":[],"_links":{"self":[{"href":"https:\/\/alzira.es\/es\/wp-json\/wp\/v2\/posts\/52649","targetHints":{"allow":["GET"]}}],"collection":[{"href":"https:\/\/alzira.es\/es\/wp-json\/wp\/v2\/posts"}],"about":[{"href":"https:\/\/alzira.es\/es\/wp-json\/wp\/v2\/types\/post"}],"author":[{"embeddable":true,"href":"https:\/\/alzira.es\/es\/wp-json\/wp\/v2\/users\/29"}],"replies":[{"embeddable":true,"href":"https:\/\/alzira.es\/es\/wp-json\/wp\/v2\/comments?post=52649"}],"version-history":[{"count":0,"href":"https:\/\/alzira.es\/es\/wp-json\/wp\/v2\/posts\/52649\/revisions"}],"wp:featuredmedia":[{"embeddable":true,"href":"https:\/\/alzira.es\/es\/wp-json\/wp\/v2\/media\/52646"}],"wp:attachment":[{"href":"https:\/\/alzira.es\/es\/wp-json\/wp\/v2\/media?parent=52649"}],"wp:term":[{"taxonomy":"category","embeddable":true,"href":"https:\/\/alzira.es\/es\/wp-json\/wp\/v2\/categories?post=52649"},{"taxonomy":"post_tag","embeddable":true,"href":"https:\/\/alzira.es\/es\/wp-json\/wp\/v2\/tags?post=52649"}],"curies":[{"name":"wp","href":"https:\/\/api.w.org\/{rel}","templated":true}]}}