{"id":52648,"date":"2020-11-27T12:31:59","date_gmt":"2020-11-27T11:31:59","guid":{"rendered":"https:\/\/alzira.es\/s-atorguen-els-premis-innovacio-educativa-ciutat-d-alzira-2020\/"},"modified":"2020-11-27T12:31:59","modified_gmt":"2020-11-27T11:31:59","slug":"s-atorguen-els-premis-innovacio-educativa-ciutat-d-alzira-2020","status":"publish","type":"post","link":"https:\/\/alzira.es\/es\/s-atorguen-els-premis-innovacio-educativa-ciutat-d-alzira-2020\/","title":{"rendered":"Se otorgan los Premios Innovaci\u00f3n Educativa Ciudad de Alzira 2020"},"content":{"rendered":"<h3>\u2022 El acto de entrega tendr\u00e1 lugar la primavera de 2021<\/h3>\n<p>Esta semana se ha reunido el jurado de los Premios de Innovaci\u00f3n Educativa para determinar los ganadores de la edici\u00f3n 2020, a quienes posteriormente se los ha trasladado de manera telef\u00f3nica. La entrega de premios tendr\u00e1 lugar la pr\u00f3xima primavera de 2021.<\/p>\n<p>La convocatoria est\u00e1 organizada por el Ayuntamiento de Alzira y la fundaci\u00f3n Bromera y se dirige al personal docente de centros educativos de Infantil, Primaria, Secundaria, Educaci\u00f3n Especial, Formaci\u00f3n de Personas Adultas o Ense\u00f1anzas Especializadas de cualquier poblaci\u00f3n de la Comunidad Valenciana. Se trata de dos premios, el XXII Premio de Experiencias de Innovaci\u00f3n Educativa y el XV Premio de Experiencias de Fomento de la Lectura \u00abCiudad de Alzira\u00bb 2020.<\/p>\n<p>El XXII Premio de Experiencias de Innovaci\u00f3n Educativa \u00abCiudad de Alzira\u00bb, con el apoyo de la Concejal\u00eda de Educaci\u00f3n, busca experiencias que potencian la creatividad del alumnado, la educaci\u00f3n en valores para una adecuada convivencia. \u00abDesde el \u00e1rea de Educaci\u00f3n estamos muy satisfechos por las propuestas presentadas, todas ellas trabajan en la l\u00ednea de la educaci\u00f3n participativa. As\u00ed mismo, nos comprometemos a difundirlas dentro de las actividades programadas en la concejal\u00eda\u00bb, ha manifestado la regidora, <strong>Maria Calvo<\/strong>.<\/p>\n<p>Por su parte, el XV Premio de Experiencias de Fomento de la Lectura \u00abCiudad de Alzira\u00bb 2020, organizado por la Concejal\u00eda de Cultura y la Fundaci\u00f3n Bromera para el Fomento de la Lectura, tiene por objetivo potenciar y apoyar a las diversas actuaciones orientadas a fomentar y consolidar el h\u00e1bito lector. \u00abEste a\u00f1o se han presentado propuestas muy interesantes que trabajan para concienciar la poblaci\u00f3n de la necesidad de leer. Hablamos de experiencias que emplean los juegos y las actividades en el aula para difundir el placer de la lectura. Adem\u00e1s, el premio tambi\u00e9n valora los trabajos que ayudan a la difusi\u00f3n de la obra de escritores y escritoras de literatura infantil y juvenil en valenciano\u00bb, ha explicado el regidor, <strong>Alfred Aranda<\/strong>.<\/p>\n<p>El jurado acuerda por unanimidad conceder los siguientes premios:<br \/><strong>En los XXII Premios de Experiencias de Innovaci\u00f3n Educativa:<\/strong><br \/>\u2022 Educaci\u00f3n <strong>Infantil y Primaria<\/strong> educar en valores: <strong>\u00abPer un cor solidari\u00bb<\/strong>, proyecto educativo del CEIP Alborx\u00ed de Alzira, coordinado por F\u00e9lix Cort\u00e9s Gomis, con una dotaci\u00f3n de 800 euros.<br \/>\u2022 Educaci\u00f3n <strong>Secundaria<\/strong>, premio compartido a las experiencias tituladas: <strong>\u00abI si les coses no foren com sempre ens han contat?\u00bb<\/strong>, proyecto educativo realizado por J\u00facar CE de Alzira a cargo de Elena Peris Bleda y Silvia Perpi\u00f1\u00e1 Juan, con una dotaci\u00f3n de 400 euros, y <strong>\u00abJugamos para aprender y aprendemos para jugar\u00bb<\/strong>, del CIPFP Luis Su\u00f1er de Alzira presentado por Blanca Bono Mart\u00ednez, con una dotaci\u00f3n de 400 euros.<br \/>\u2022 Educaci\u00f3n<strong> Especial<\/strong>, <strong>EPA y ense\u00f1anzas especializadas<\/strong> a la experiencia titulada <strong>\u00abEspais i fortaleses, proyecte inclusiu y solidari\u00bb<\/strong>, proyecto educativo del CEE Miquel Burguera de Sueca, realizado por Ma. Jos\u00e9 Llicer Mauro, M\u00f3nica \u00c1lvarez Fuertes, Josefa Adelina Fuster Milvaques y Natalia P\u00e9rez Girau, con una dotaci\u00f3n de 800 euros.<br \/>\u2022 <strong>Menci\u00f3n especial<\/strong> al proyecto educativo <strong>\u00abCartes par als malalts de Coronavirus\u00bb<\/strong>, del CPFPA Enric Valor de Alzira, presentado por Marina Ballester Camarasa.<\/p>\n<p><strong>En los XV Premios de Experiencias de Fomento de la Lectura Ciudad de Alzira 2020:<\/strong><\/p>\n<p>\u2022<strong> 1.\u00ba Premio<\/strong>, dotado con 800 euros, diploma y un lote de libros. Un premio patrocinado por la Concejal\u00eda de Cultura del Ayuntamiento de Alzira al proyecto <strong>\u00abContes que volen y altres hist\u00f2ries\u00bb<\/strong>, del CEIP Llu\u00eds Vives de Ontinyent, un proyecto coordinado por Enriqueta Molla.<br \/>\u2022 <strong>2.\u00ba Premio<\/strong>, dotado con 600 euros, diploma y un lote de libros. Un premio patrocinado por la Fundaci\u00f3n Bromera para el Fomento de la Lectura al proyecto <strong>\u00abFullejant entre fulles\u00bb<\/strong>, del CEIP Tirant lo Blanc de Alzira, una experiencia coordinada por Inmaculada Masi\u00e0.<br \/>\u2022 <strong>Menci\u00f3n especial<\/strong> con diploma y un lote de libros para el <strong>proyecto \u00abllegir sense maj\u00fascules\u00bb<\/strong>, presentado por la IES Hort de Feliu de Alginet, experiencia presentada y coordinada por Begonya Soler Soriano.<br \/>\u2022 <strong>Menci\u00f3n especial<\/strong> con diploma y lote de libros para el<strong> proyecto \u00abChampions Lee y Booktrailer\u00bb<\/strong>, del CEIP Ausi\u00e0s March de la Vall d&#8217;Uix\u00f3, presentada por Ana Isabel del Fresno.<\/p>\n<p><img fetchpriority=\"high\" decoding=\"async\" class=\" size-full wp-image-52646\" style=\"display: block; margin-left: auto; margin-right: auto;\" src=\"https:\/\/alzira.es\/wp-content\/uploads\/2020\/11\/XS_Premis-Innovacio-2020_imatge.jpg\" alt=\"XS Premis-Innovacio-2020 imatge\" width=\"500\" height=\"500\" srcset=\"https:\/\/alzira.es\/wp-content\/uploads\/2020\/11\/XS_Premis-Innovacio-2020_imatge.jpg 1200w, https:\/\/alzira.es\/wp-content\/uploads\/2020\/11\/XS_Premis-Innovacio-2020_imatge-510x510.jpg 510w, https:\/\/alzira.es\/wp-content\/uploads\/2020\/11\/XS_Premis-Innovacio-2020_imatge-1072x1072.jpg 1072w, https:\/\/alzira.es\/wp-content\/uploads\/2020\/11\/XS_Premis-Innovacio-2020_imatge-350x350.jpg 350w, https:\/\/alzira.es\/wp-content\/uploads\/2020\/11\/XS_Premis-Innovacio-2020_imatge-768x768.jpg 768w, https:\/\/alzira.es\/wp-content\/uploads\/2020\/11\/XS_Premis-Innovacio-2020_imatge-300x300.jpg 300w, https:\/\/alzira.es\/wp-content\/uploads\/2020\/11\/XS_Premis-Innovacio-2020_imatge-100x100.jpg 100w\" sizes=\"(max-width: 500px) 100vw, 500px\" \/><\/p>\n","protected":false},"excerpt":{"rendered":"<p>\u2022 El acto de entrega tendr\u00e1 lugar la primavera de 2021 Esta semana se ha reunido el jurado de los Premios de Innovaci\u00f3n Educativa para determinar los ganadores de la edici\u00f3n 2020, a quienes posteriormente se los ha trasladado de manera telef\u00f3nica. La entrega de premios tendr\u00e1 lugar la pr\u00f3xima primavera de 2021. La convocatoria &hellip; <\/p>\n<p class=\"link-more\"><a href=\"https:\/\/alzira.es\/es\/s-atorguen-els-premis-innovacio-educativa-ciutat-d-alzira-2020\/\" class=\"more-link\">Continuar leyendo<span class=\"screen-reader-text\"> \u00abSe otorgan los Premios Innovaci\u00f3n Educativa Ciudad de Alzira 2020\u00bb<\/span><\/a><\/p>\n","protected":false},"author":29,"featured_media":52646,"comment_status":"","ping_status":"","sticky":false,"template":"","format":"standard","meta":{"_acf_changed":false,"footnotes":""},"categories":[4936],"tags":[],"class_list":["post-52648","post","type-post","status-publish","format-standard","has-post-thumbnail","hentry","category-hemeroteca-es"],"acf":[],"_links":{"self":[{"href":"https:\/\/alzira.es\/es\/wp-json\/wp\/v2\/posts\/52648","targetHints":{"allow":["GET"]}}],"collection":[{"href":"https:\/\/alzira.es\/es\/wp-json\/wp\/v2\/posts"}],"about":[{"href":"https:\/\/alzira.es\/es\/wp-json\/wp\/v2\/types\/post"}],"author":[{"embeddable":true,"href":"https:\/\/alzira.es\/es\/wp-json\/wp\/v2\/users\/29"}],"replies":[{"embeddable":true,"href":"https:\/\/alzira.es\/es\/wp-json\/wp\/v2\/comments?post=52648"}],"version-history":[{"count":0,"href":"https:\/\/alzira.es\/es\/wp-json\/wp\/v2\/posts\/52648\/revisions"}],"wp:featuredmedia":[{"embeddable":true,"href":"https:\/\/alzira.es\/es\/wp-json\/wp\/v2\/media\/52646"}],"wp:attachment":[{"href":"https:\/\/alzira.es\/es\/wp-json\/wp\/v2\/media?parent=52648"}],"wp:term":[{"taxonomy":"category","embeddable":true,"href":"https:\/\/alzira.es\/es\/wp-json\/wp\/v2\/categories?post=52648"},{"taxonomy":"post_tag","embeddable":true,"href":"https:\/\/alzira.es\/es\/wp-json\/wp\/v2\/tags?post=52648"}],"curies":[{"name":"wp","href":"https:\/\/api.w.org\/{rel}","templated":true}]}}