{"id":52645,"date":"2020-11-27T12:02:17","date_gmt":"2020-11-27T11:02:17","guid":{"rendered":"https:\/\/alzira.es\/alzira-concedix-les-beques-de-transport-per-a-universitaris-2\/"},"modified":"2020-11-27T12:02:17","modified_gmt":"2020-11-27T11:02:17","slug":"alzira-concedix-les-beques-de-transport-per-a-universitaris-2","status":"publish","type":"post","link":"https:\/\/alzira.es\/es\/alzira-concedix-les-beques-de-transport-per-a-universitaris-2\/","title":{"rendered":"Alzira concedix les beques de transport per a universitaris"},"content":{"rendered":"<h3>\u2022 Un total de 176 ajudes dotades amb vora 18.000 euros<\/h3>\n<p>La Regidoria d&#8217;Educaci\u00f3 i Inf\u00e0ncia ha publicat esta setmana la resoluci\u00f3 de les beques d&#8217;ajuda per a transport per al curs 2020-2021. Es tracta d&#8217;un total de 176 ajudes dotades amb vora 18.000 euros.<\/p>\n<p>\u00abEnguany s&#8217;ha concedit l&#8217;ajuda al 100% de les persones sol\u2022licitants que complien els requisits, i a m\u00e9s una dada significativa \u00e9s que s&#8217;han atorgat vora <strong>50 beques m\u00e9s que en la passada edici\u00f3<\/strong>, el que <strong>demostra l&#8217;alt inter\u00e8s i el comprom\u00eds de la regidoria per a ajudar a les fam\u00edlies<\/strong>\u00bb ha comentat la regidora, <strong>Maria Calvo<\/strong><\/p>\n<p>L&#8217;objecte estes ajudes \u00e9s col\u2022laborar amb les despeses de despla\u00e7ament derivats de la realitzaci\u00f3 dels seg\u00fcents estudis fora de la localitat en algun d&#8217;estos sup\u00f2sits:<\/p>\n<p>\u2022 Els estudis universitaris en les universitats p\u00fabliques i privades que integren el Sistema Universitari Valenci\u00e0, aix\u00ed com els seus centres adscrits.<br \/>\u2022 Cicles Formatius de Grau Mitj\u00e0 i Grau Superior.<br \/>\u2022 Ensenyaments superiors de r\u00e8gim especial.<\/p>\n<p>Cada beneficiari de l&#8217;ajuda rep un total de 100 \u20ac, de manera que el cost total per a l&#8217;Ajuntament \u00e9s de 17.600 euros. Es far\u00e0 directament l&#8217;ingr\u00e9s en el compte bancari dels sol\u2022licitants, sempre que en el moment de fer el tr\u00e0mit de sol\u2022licitud s&#8217;haja incorporat el document que acredite eixes dades (model de manteniment de tercers que est\u00e0 al web, llibreta banc\u00e0ria o certificat de banca en l\u00ednia). En cas de no haver facilitat eixa documentaci\u00f3, cal fer-ho ara per registre d&#8217;entrada en l&#8217;oficina La Clau amb cita pr\u00e8via o en la seu electr\u00f2nica en l&#8217;apartat tr\u00e0mit des de casa.<\/p>\n<p>Poden consultar l&#8217;acord de concessi\u00f3 de les ajudes al seg\u00fcent enlla\u00e7:<br \/><a href=\"https:\/\/sedeelectronica.alzira.es\/alzira_vpm\/index.php\/val\/component\/jdownloads\/finish\/56\/52972\" rel=\"nofollow noopener\" target=\"_blank\">https:\/\/sedeelectronica.alzira.es\/alzira_vpm\/index.php\/val\/component\/jdownloads\/finish\/56\/52972<\/a><\/p>\n<p><img fetchpriority=\"high\" decoding=\"async\" class=\" size-full wp-image-33319\" style=\"display: block; margin-left: auto; margin-right: auto;\" src=\"https:\/\/alzira.es\/wp-content\/uploads\/2018\/09\/img_randres_20160225-140316_imagenes_lv_terceros_renfe1-ki6D-U411652688691nWF-992x558LaVanguardia-Web.jpg\" alt=\"img randres 20160225-140316 imagenes lv terceros renfe1-ki6D-U411652688691nWF-992x558LaVanguardia-Web\" width=\"500\" height=\"281\" srcset=\"https:\/\/alzira.es\/wp-content\/uploads\/2018\/09\/img_randres_20160225-140316_imagenes_lv_terceros_renfe1-ki6D-U411652688691nWF-992x558LaVanguardia-Web.jpg 992w, https:\/\/alzira.es\/wp-content\/uploads\/2018\/09\/img_randres_20160225-140316_imagenes_lv_terceros_renfe1-ki6D-U411652688691nWF-992x558LaVanguardia-Web-680x383.jpg 680w, https:\/\/alzira.es\/wp-content\/uploads\/2018\/09\/img_randres_20160225-140316_imagenes_lv_terceros_renfe1-ki6D-U411652688691nWF-992x558LaVanguardia-Web-768x432.jpg 768w\" sizes=\"(max-width: 500px) 100vw, 500px\" \/><\/p>\n","protected":false},"excerpt":{"rendered":"<p>\u2022 Un total de 176 ajudes dotades amb vora 18.000 euros La Regidoria d&#8217;Educaci\u00f3 i Inf\u00e0ncia ha publicat esta setmana la resoluci\u00f3 de les beques d&#8217;ajuda per a transport per al curs 2020-2021. Es tracta d&#8217;un total de 176 ajudes dotades amb vora 18.000 euros. \u00abEnguany s&#8217;ha concedit l&#8217;ajuda al 100% de les persones sol\u2022licitants &hellip; <\/p>\n<p class=\"link-more\"><a href=\"https:\/\/alzira.es\/es\/alzira-concedix-les-beques-de-transport-per-a-universitaris-2\/\" class=\"more-link\">Continuar leyendo<span class=\"screen-reader-text\"> \u00abAlzira concedix les beques de transport per a universitaris\u00bb<\/span><\/a><\/p>\n","protected":false},"author":29,"featured_media":33319,"comment_status":"","ping_status":"","sticky":false,"template":"","format":"standard","meta":{"_acf_changed":false,"footnotes":""},"categories":[],"tags":[],"class_list":["post-52645","post","type-post","status-publish","format-standard","has-post-thumbnail","hentry"],"acf":[],"_links":{"self":[{"href":"https:\/\/alzira.es\/es\/wp-json\/wp\/v2\/posts\/52645","targetHints":{"allow":["GET"]}}],"collection":[{"href":"https:\/\/alzira.es\/es\/wp-json\/wp\/v2\/posts"}],"about":[{"href":"https:\/\/alzira.es\/es\/wp-json\/wp\/v2\/types\/post"}],"author":[{"embeddable":true,"href":"https:\/\/alzira.es\/es\/wp-json\/wp\/v2\/users\/29"}],"replies":[{"embeddable":true,"href":"https:\/\/alzira.es\/es\/wp-json\/wp\/v2\/comments?post=52645"}],"version-history":[{"count":0,"href":"https:\/\/alzira.es\/es\/wp-json\/wp\/v2\/posts\/52645\/revisions"}],"wp:featuredmedia":[{"embeddable":true,"href":"https:\/\/alzira.es\/es\/wp-json\/wp\/v2\/media\/33319"}],"wp:attachment":[{"href":"https:\/\/alzira.es\/es\/wp-json\/wp\/v2\/media?parent=52645"}],"wp:term":[{"taxonomy":"category","embeddable":true,"href":"https:\/\/alzira.es\/es\/wp-json\/wp\/v2\/categories?post=52645"},{"taxonomy":"post_tag","embeddable":true,"href":"https:\/\/alzira.es\/es\/wp-json\/wp\/v2\/tags?post=52645"}],"curies":[{"name":"wp","href":"https:\/\/api.w.org\/{rel}","templated":true}]}}