{"id":52642,"date":"2020-11-27T10:35:33","date_gmt":"2020-11-27T09:35:33","guid":{"rendered":"https:\/\/alzira.es\/este-dissabte-la-final-de-raspall-en-directe-al-facebook-del-departament-d-esports\/"},"modified":"2020-11-27T10:35:33","modified_gmt":"2020-11-27T09:35:33","slug":"este-dissabte-la-final-de-raspall-en-directe-al-facebook-del-departament-d-esports","status":"publish","type":"post","link":"https:\/\/alzira.es\/es\/este-dissabte-la-final-de-raspall-en-directe-al-facebook-del-departament-d-esports\/","title":{"rendered":"Este s\u00e1bado la Final de Raspall en directo en el  Facebook del Departamento de Deportes"},"content":{"rendered":"<p>Este fin de semana la Concejal\u00eda de Deportes contin\u00faa acercando las diversas modalidades deportivas que se practican en nuestra ciudad a los forofos.<\/p>\n<p>\u00abHemos tenido que reinventarnos para encontrar una salida en estos tiempos complicados para las aglomeraciones, por lo cual a trav\u00e9s del canal de Facebook del Departamento de Deportes ofrecemos en directo el desarrollo de algunos de los encuentros deportivos que se disputan en Alzira\u00bb, ha se\u00f1alado el regidor <strong>Fernando Pascual<\/strong>, encargado del \u00e1rea.<\/p>\n<p>Concretamente este <strong>s\u00e1bado 28 de noviembre<\/strong> se ofrecer\u00e1n <strong>en directo las tres partidas de la Final de Raspall desde el Trinquete alzire\u00f1o<\/strong>.<br \/>A las 16.30, Primera Femenina: Ayuntamiento Beniparrell A frente a CPV Beniarbeig \u2013 El Verger A 18<br \/>horas, Cuarta C Masculina: CPV Alzira C frente a CPV Carcaixent<br \/>Y para finalizar, a las 20 horas, Campeonato Auton\u00f3mico *AON de Escala y Cuerda 2020. Categor\u00eda Masculina C, que enfrentar\u00e1 al CPV Alzira y al CPV Guerrero de Mogente C.<\/p>\n<p><img fetchpriority=\"high\" decoding=\"async\" class=\" size-full wp-image-52640\" style=\"font-size: 14.4px; display: block; margin-left: auto; margin-right: auto;\" src=\"https:\/\/alzira.es\/wp-content\/uploads\/2020\/11\/Raspall.jpg\" alt=\"Raspall\" width=\"500\" height=\"625\" srcset=\"https:\/\/alzira.es\/wp-content\/uploads\/2020\/11\/Raspall.jpg 1080w, https:\/\/alzira.es\/wp-content\/uploads\/2020\/11\/Raspall-408x510.jpg 408w, https:\/\/alzira.es\/wp-content\/uploads\/2020\/11\/Raspall-858x1072.jpg 858w, https:\/\/alzira.es\/wp-content\/uploads\/2020\/11\/Raspall-768x960.jpg 768w\" sizes=\"(max-width: 500px) 100vw, 500px\" \/><\/p>\n","protected":false},"excerpt":{"rendered":"<p>Este fin de semana la Concejal\u00eda de Deportes contin\u00faa acercando las diversas modalidades deportivas que se practican en nuestra ciudad a los forofos. \u00abHemos tenido que reinventarnos para encontrar una salida en estos tiempos complicados para las aglomeraciones, por lo cual a trav\u00e9s del canal de Facebook del Departamento de Deportes ofrecemos en directo el &hellip; <\/p>\n<p class=\"link-more\"><a href=\"https:\/\/alzira.es\/es\/este-dissabte-la-final-de-raspall-en-directe-al-facebook-del-departament-d-esports\/\" class=\"more-link\">Continuar leyendo<span class=\"screen-reader-text\"> \u00abEste s\u00e1bado la Final de Raspall en directo en el  Facebook del Departamento de Deportes\u00bb<\/span><\/a><\/p>\n","protected":false},"author":29,"featured_media":52640,"comment_status":"","ping_status":"","sticky":false,"template":"","format":"standard","meta":{"_acf_changed":false,"footnotes":""},"categories":[4936],"tags":[],"class_list":["post-52642","post","type-post","status-publish","format-standard","has-post-thumbnail","hentry","category-hemeroteca-es"],"acf":[],"_links":{"self":[{"href":"https:\/\/alzira.es\/es\/wp-json\/wp\/v2\/posts\/52642","targetHints":{"allow":["GET"]}}],"collection":[{"href":"https:\/\/alzira.es\/es\/wp-json\/wp\/v2\/posts"}],"about":[{"href":"https:\/\/alzira.es\/es\/wp-json\/wp\/v2\/types\/post"}],"author":[{"embeddable":true,"href":"https:\/\/alzira.es\/es\/wp-json\/wp\/v2\/users\/29"}],"replies":[{"embeddable":true,"href":"https:\/\/alzira.es\/es\/wp-json\/wp\/v2\/comments?post=52642"}],"version-history":[{"count":0,"href":"https:\/\/alzira.es\/es\/wp-json\/wp\/v2\/posts\/52642\/revisions"}],"wp:featuredmedia":[{"embeddable":true,"href":"https:\/\/alzira.es\/es\/wp-json\/wp\/v2\/media\/52640"}],"wp:attachment":[{"href":"https:\/\/alzira.es\/es\/wp-json\/wp\/v2\/media?parent=52642"}],"wp:term":[{"taxonomy":"category","embeddable":true,"href":"https:\/\/alzira.es\/es\/wp-json\/wp\/v2\/categories?post=52642"},{"taxonomy":"post_tag","embeddable":true,"href":"https:\/\/alzira.es\/es\/wp-json\/wp\/v2\/tags?post=52642"}],"curies":[{"name":"wp","href":"https:\/\/api.w.org\/{rel}","templated":true}]}}