{"id":52639,"date":"2020-11-26T14:09:20","date_gmt":"2020-11-26T13:09:20","guid":{"rendered":"https:\/\/alzira.es\/continua-la-tendencia-a-la-baixa-en-la-incidencia-del-virus-a-alzira-2\/"},"modified":"2020-11-26T14:09:20","modified_gmt":"2020-11-26T13:09:20","slug":"continua-la-tendencia-a-la-baixa-en-la-incidencia-del-virus-a-alzira-2","status":"publish","type":"post","link":"https:\/\/alzira.es\/es\/continua-la-tendencia-a-la-baixa-en-la-incidencia-del-virus-a-alzira-2\/","title":{"rendered":"Continua la tend\u00e8ncia a la baixa en la incid\u00e8ncia del virus a Alzira"},"content":{"rendered":"<h3><em>\u2022 \u00abEns juguem el Nadal, tenim totes les mirades en el pont de la Constituci\u00f3\u00bb<strong> Diego G\u00f3mez<\/strong><\/em><br \/><em>\u2022 <strong>Prorroga<\/strong> de mesures locals<strong> fins el 9 de desembre<\/strong><\/em><\/h3>\n<p>Este mat\u00ed ha tingut lloc la reuni\u00f3 telem\u00e0tica amb Salut P\u00fablica en la qual s&#8217;han donat les dades actualitzades dels \u00faltims 7 dies. En el cas d&#8217;Alzira, hi han assistit l&#8217;alcalde, <strong>Diego G\u00f3mez<\/strong>, i la regidora de Sanitat,<strong> Gemma Al\u00f3s<\/strong>, als qui s&#8217;ha comunicat que hem passat de 381 a <strong>254 casos per cada 100.000 habitants<\/strong>. A m\u00e9s, en els \u00faltims tres dies hi ha 28 positius, i en total tenim 116 casos actius.<\/p>\n<p><em>\u00abAra mateix s&#8217;est\u00e0 veient la frenada dels contagis, de fet estem en dades similars a principi d&#8217;octubre, el que \u00e9s senyal del funcionament de les mesures. Ara mateix apostem per continuar en la l\u00ednia de mantindr\u00e9 les mesures de prevenci\u00f3 fins el proper dia 9 de desembre, moment en el qual la Generalitat informar\u00e0 sobre les la continu\u00eftat o canvi a nivell auton\u00f2mica. Des de l&#8217;Ajuntament seguirem fent tot el possible per a protegir la salut dels alzirenys i alzirenyes\u00bb<\/em>, ha manifestat l&#8217;alcalde.<\/p>\n<p>Per la seua banda, la regidora de Sanitat, Gemma Al\u00f3s ha explicat que <em>\u00abencara que les dades s\u00f3n positives, no hem d&#8217;abaixar la gu\u00e0rdia. S&#8217;apropen dates festives al pont de la Constituci\u00f3 que poden donar lloc als contactes socials i no podem oblidar que el que fem en estos dies tindr\u00e0 conseq\u00fc\u00e8ncies directes sobre el que fem en Nadal\u00bb<\/em>. I&nbsp;Des del Departament de Salut de la Ribera, mitjan\u00e7ant l&#8217;Hospital s&#8217;est\u00e0 treballant en la campanya de sensibilitzaci\u00f3 <em>\u00abA\u00e7\u00f2 no \u00e9s un joc, no et deixes portar per la corrent\u00bb<\/em> que de manera senzilla incideix en a idea de la relaci\u00f3 directa entre el pont de la Constituci\u00f3 i els dies festius de Nadal.<\/p>\n<p><strong>MESURES VIGENTS A ALZIRA<\/strong><\/p>\n<p>Recordem que l&#8217;Ajuntament d&#8217;Alzira, seguint les recomanacions de les autoritats sanit\u00e0ries, prorroga les mesures fins al 9 de desembre:<\/p>\n<p>\u2022 Tancar els parcs, jardins i zones de joc infantils en el nucli urb\u00e0 i en les escoles.<br \/>\u2022 Tancar al p\u00fablic les depend\u00e8ncies municipals. Nom\u00e9s es podr\u00e0 acudir amb cita pr\u00e8via.<br \/>\u2022 Tancar les instal\u2022lacions esportives municipals. Nom\u00e9s es permet l&#8217;activitat federada a porta tancada.<br \/>\u2022 Suspendre els tallers de joventut i els d&#8217;arts pl\u00e0stiques organitzats per l&#8217;Ajuntament a la Casa de la Cultura.<br \/>\u2022 L&#8217;activitat acad\u00e8mica obligat\u00f2ria (escoles i instituts) continua amb normalitat.<br \/>\u2022 Ajornar activitats culturals, d&#8217;oci i joventut programades.<br \/>\u2022 Es recomana no realitzar reunions d&#8217;associacions festives, l\u00fadiques i culturals.<br \/>\u2022 L&#8217;Ajuntament intensificar\u00e0 el control policial per assegurar el compliment d&#8217;estes mesures, vigents fins al 9 de desembre. No respectar les mesures pot comportar sanci\u00f3 econ\u00f2mica.<\/p>\n<p><strong>ALTRES MESURES<\/strong><\/p>\n<p>\u2022 Tancament perimetral de la Comunitat Valenciana.<br \/>\u2022 Es limita la circulaci\u00f3 de persones entre les 00.00 i les 06:00 h.<br \/>\u2022 Es limiten a un m\u00e0xim de 6 persones les reunions sociofamiliars, excepte convivents.<br \/>\u2022 No es podr\u00e0 fumar en la via p\u00fablica, terrasses, platges o altres espais a l&#8217;aire lliure, quan no es puga respectar la dist\u00e0ncia de 2 metres.<br \/>\u2022 Noves mesures aprovades el dia 7 de novembre fins a les 23.59 del 9 de desembre de 2020, relatives als aforaments en vetlatoris i soterrars, actes i celebracions, comer\u00e7, hostaleria i restauraci\u00f3, espais culturals i d&#8217;oci, establiments de joc, parcs infantils, activitats esportives i piscines.<\/p>\n<p>Consulta totes les mesures vigents <span style=\"text-decoration: underline;\"><strong><span style=\"color: #b22222;\"><a href=\"index.php\/val\/noticies\/12485-mesures-vigents-contra-la-covid19\" rel=\"nofollow noopener\" target=\"_blank\"><span style=\"color: #b22222; text-decoration: underline;\">ac\u00ed<\/span><\/a><\/span><\/strong><\/span>:<\/p>\n<p style=\"text-align: center;\"><img fetchpriority=\"high\" decoding=\"async\" class=\" size-full wp-image-52497\" src=\"https:\/\/alzira.es\/wp-content\/uploads\/2020\/11\/reunio_sanitat_2.jpeg\" alt=\"reunio sanitat 2\" width=\"500\" height=\"375\" srcset=\"https:\/\/alzira.es\/wp-content\/uploads\/2020\/11\/reunio_sanitat_2.jpeg 1024w, https:\/\/alzira.es\/wp-content\/uploads\/2020\/11\/reunio_sanitat_2-680x510.jpeg 680w, https:\/\/alzira.es\/wp-content\/uploads\/2020\/11\/reunio_sanitat_2-768x576.jpeg 768w\" sizes=\"(max-width: 500px) 100vw, 500px\" \/><\/p>\n<p>&nbsp;<\/p>\n<p>&nbsp;<\/p>\n<p>&nbsp;<\/p>\n","protected":false},"excerpt":{"rendered":"<p>\u2022 \u00abEns juguem el Nadal, tenim totes les mirades en el pont de la Constituci\u00f3\u00bb Diego G\u00f3mez\u2022 Prorroga de mesures locals fins el 9 de desembre Este mat\u00ed ha tingut lloc la reuni\u00f3 telem\u00e0tica amb Salut P\u00fablica en la qual s&#8217;han donat les dades actualitzades dels \u00faltims 7 dies. En el cas d&#8217;Alzira, hi han &hellip; <\/p>\n<p class=\"link-more\"><a href=\"https:\/\/alzira.es\/es\/continua-la-tendencia-a-la-baixa-en-la-incidencia-del-virus-a-alzira-2\/\" class=\"more-link\">Continuar leyendo<span class=\"screen-reader-text\"> \u00abContinua la tend\u00e8ncia a la baixa en la incid\u00e8ncia del virus a Alzira\u00bb<\/span><\/a><\/p>\n","protected":false},"author":29,"featured_media":52497,"comment_status":"","ping_status":"","sticky":false,"template":"","format":"standard","meta":{"_acf_changed":false,"footnotes":""},"categories":[],"tags":[],"class_list":["post-52639","post","type-post","status-publish","format-standard","has-post-thumbnail","hentry"],"acf":[],"_links":{"self":[{"href":"https:\/\/alzira.es\/es\/wp-json\/wp\/v2\/posts\/52639","targetHints":{"allow":["GET"]}}],"collection":[{"href":"https:\/\/alzira.es\/es\/wp-json\/wp\/v2\/posts"}],"about":[{"href":"https:\/\/alzira.es\/es\/wp-json\/wp\/v2\/types\/post"}],"author":[{"embeddable":true,"href":"https:\/\/alzira.es\/es\/wp-json\/wp\/v2\/users\/29"}],"replies":[{"embeddable":true,"href":"https:\/\/alzira.es\/es\/wp-json\/wp\/v2\/comments?post=52639"}],"version-history":[{"count":0,"href":"https:\/\/alzira.es\/es\/wp-json\/wp\/v2\/posts\/52639\/revisions"}],"wp:featuredmedia":[{"embeddable":true,"href":"https:\/\/alzira.es\/es\/wp-json\/wp\/v2\/media\/52497"}],"wp:attachment":[{"href":"https:\/\/alzira.es\/es\/wp-json\/wp\/v2\/media?parent=52639"}],"wp:term":[{"taxonomy":"category","embeddable":true,"href":"https:\/\/alzira.es\/es\/wp-json\/wp\/v2\/categories?post=52639"},{"taxonomy":"post_tag","embeddable":true,"href":"https:\/\/alzira.es\/es\/wp-json\/wp\/v2\/tags?post=52639"}],"curies":[{"name":"wp","href":"https:\/\/api.w.org\/{rel}","templated":true}]}}