{"id":52638,"date":"2020-11-26T14:09:20","date_gmt":"2020-11-26T13:09:20","guid":{"rendered":"https:\/\/alzira.es\/continua-la-tendencia-a-la-baixa-en-la-incidencia-del-virus-a-alzira\/"},"modified":"2020-11-26T14:09:20","modified_gmt":"2020-11-26T13:09:20","slug":"continua-la-tendencia-a-la-baixa-en-la-incidencia-del-virus-a-alzira","status":"publish","type":"post","link":"https:\/\/alzira.es\/es\/continua-la-tendencia-a-la-baixa-en-la-incidencia-del-virus-a-alzira\/","title":{"rendered":"Contin\u00faa la tendencia a la baja en la incidencia del virus en Alzira"},"content":{"rendered":"<h3><em>\u2022 \u00abNos jugamos la Navidad, tenemos todas las miradas en el puente de la Constituci\u00f3n\u00bb <strong>Diego G\u00f3mez<\/strong><\/em><br \/><em>\u2022 <strong>Prorroga<\/strong> de medidas locales <strong>hasta el 9 de diciembre<\/strong><\/em><\/h3>\n<p>Esta ma\u00f1ana ha tenido lugar la reuni\u00f3n telem\u00e1tica con Salud P\u00fablica en la cual se han dado los datos actualizados de los \u00faltimos 7 d\u00edas. En el caso de Alzira, han asistido el alcalde,<strong> Diego G\u00f3mez<\/strong>, y la regidora de Sanidad, <strong>Gemma Al\u00f3s<\/strong>, a quienes se ha comunicado que hemos pasado de 381 a <strong>254 casos por cada 100.000 habitantes<\/strong>. Adem\u00e1s, en los \u00faltimos tres d\u00edas hay 28 positivos, y en total tenemos 116 casos activos.<\/p>\n<p><em>\u00abAhora mismo se est\u00e1 viendo el frenazo de los contagios, de hecho estamos en datos similares a principio de octubre, el que es se\u00f1al del funcionamiento de las medidas. Ahora mismo apostamos para continuar en la l\u00ednea de mantener las medidas de prevenci\u00f3n hasta el pr\u00f3ximo d\u00eda 9 de diciembre, momento en el cual la Generalitat informar\u00e1 sobre la continuidad o cambio a nivel auton\u00f3mica. Desde el Ayuntamiento seguiremos haciendo todo lo posible para proteger la salud de los alzire\u00f1os y alzire\u00f1as\u00bb<\/em>, ha manifestado el alcalde.<\/p>\n<p>Por su parte, la regidora de Sanidad, Gemma Al\u00f3s ha explicado que <em>\u00abaunque los datos son positivos, no tenemos que bajar la guardia. Se acercan fechas festivas al puente de la Constituci\u00f3n que pueden dar lugar a los contactos sociales y no podemos olvidar que el que hagamos en estos d\u00edas tendr\u00e1 consecuencias directas sobre lo que haremos en Navidad\u00bb<\/em>. Y Desde el Departamento de Salud de la Ribera, mediante el Hospital se est\u00e1 trabajando en la campa\u00f1a de sensibilizaci\u00f3n <em>\u00abEsto no es un juego, no te dejas llevar por la corriente\u00bb<\/em> que de manera sencilla incide en la idea de la relaci\u00f3n directa entre el puente de la Constituci\u00f3n y los d\u00edas festivos de Navidad.<\/p>\n<p><strong>MEDIDAS VIGENTES A ALZIRA<\/strong><\/p>\n<p>Recordamos que el Ayuntamiento de Alzira, siguiendo las recomendaciones de las autoridades sanitarias, prorroga las medidas hasta el 9 de diciembre:<\/p>\n<p>\u2022 Cerrar los parques, jardines y zonas de juego infantiles en el casco urbano y en las escuelas.<br \/>\u2022 Cerrar al p\u00fablico las dependencias municipales. Solo se podr\u00e1 acudir con cita previa.<br \/>\u2022 Cerrar las instalaciones deportivas municipales. Solo se permite la actividad federada a puerta cerrada.<br \/>\u2022 Suspender los talleres de juventud y los de artes pl\u00e1sticas organizados por el Ayuntamiento en la Casa de la Cultura.<br \/>\u2022 La actividad acad\u00e9mica obligatoria (escuelas e institutos) contin\u00faa con normalidad.<br \/>\u2022 Aplazar actividades culturales, de ocio y juventud programadas.<br \/>\u2022 Se recomienda no realizar reuniones de asociaciones festivas, l\u00fadicas y culturales.<br \/>\u2022 El Ayuntamiento intensificar\u00e1 el control policial para asegurar el cumplimiento de estas medidas, vigentes hasta el 9 de diciembre. No respetar las medidas puede comportar sanci\u00f3n econ\u00f3mica.<\/p>\n<p><strong>OTRAS MEDIDAS<\/strong><\/p>\n<p>\u2022 Cierre perimetral de la Comunidad Valenciana.<br \/>\u2022 Se limita la circulaci\u00f3n de personas entre las 00.00 y las 06:00 h.<br \/>\u2022 Se limitan a un m\u00e1ximo de 6 personas las reuniones sociofamiliares, excepto convivientes.<br \/>\u2022 No se podr\u00e1 fumar en la v\u00eda p\u00fablica, terrazas, playas u otros espacios al aire libre, cuando no se pueda respetar la distancia de 2 metros.<br \/>\u2022 Nuevas medidas aprobadas el d\u00eda 7 de noviembre hasta las 23.59 del 9 de diciembre de 2020, relativas a los aforos en velatorios y enterramientos, actas y celebraciones, comercio, hosteler\u00eda y restauraci\u00f3n, espacios culturales y de ocio, establecimientos de juego, parques infantiles, actividades deportivas y piscinas.<\/p>\n<p>Consulta todas las medidas vigentes <span style=\"text-decoration: underline;\"><strong><span style=\"color: #b22222;\"><a href=\"index.php\/es\/noticias\/12485-mesures-vigents-contra-la-covid19\" rel=\"nofollow noopener\" target=\"_blank\"><span style=\"color: #b22222; text-decoration: underline;\">aqu\u00ed<\/span><\/a><\/span><\/strong><\/span>:<\/p>\n<p style=\"text-align: center;\"><img fetchpriority=\"high\" decoding=\"async\" class=\" size-full wp-image-52497\" src=\"https:\/\/alzira.es\/wp-content\/uploads\/2020\/11\/reunio_sanitat_2.jpeg\" alt=\"reunio sanitat 2\" width=\"500\" height=\"375\" srcset=\"https:\/\/alzira.es\/wp-content\/uploads\/2020\/11\/reunio_sanitat_2.jpeg 1024w, https:\/\/alzira.es\/wp-content\/uploads\/2020\/11\/reunio_sanitat_2-680x510.jpeg 680w, https:\/\/alzira.es\/wp-content\/uploads\/2020\/11\/reunio_sanitat_2-768x576.jpeg 768w\" sizes=\"(max-width: 500px) 100vw, 500px\" \/><\/p>\n<p>&nbsp;<\/p>\n<p>&nbsp;<\/p>\n<p>&nbsp;<\/p>\n","protected":false},"excerpt":{"rendered":"<p>\u2022 \u00abNos jugamos la Navidad, tenemos todas las miradas en el puente de la Constituci\u00f3n\u00bb Diego G\u00f3mez\u2022 Prorroga de medidas locales hasta el 9 de diciembre Esta ma\u00f1ana ha tenido lugar la reuni\u00f3n telem\u00e1tica con Salud P\u00fablica en la cual se han dado los datos actualizados de los \u00faltimos 7 d\u00edas. En el caso de &hellip; <\/p>\n<p class=\"link-more\"><a href=\"https:\/\/alzira.es\/es\/continua-la-tendencia-a-la-baixa-en-la-incidencia-del-virus-a-alzira\/\" class=\"more-link\">Continuar leyendo<span class=\"screen-reader-text\"> \u00abContin\u00faa la tendencia a la baja en la incidencia del virus en Alzira\u00bb<\/span><\/a><\/p>\n","protected":false},"author":29,"featured_media":52497,"comment_status":"","ping_status":"","sticky":false,"template":"","format":"standard","meta":{"_acf_changed":false,"footnotes":""},"categories":[4936],"tags":[],"class_list":["post-52638","post","type-post","status-publish","format-standard","has-post-thumbnail","hentry","category-hemeroteca-es"],"acf":[],"_links":{"self":[{"href":"https:\/\/alzira.es\/es\/wp-json\/wp\/v2\/posts\/52638","targetHints":{"allow":["GET"]}}],"collection":[{"href":"https:\/\/alzira.es\/es\/wp-json\/wp\/v2\/posts"}],"about":[{"href":"https:\/\/alzira.es\/es\/wp-json\/wp\/v2\/types\/post"}],"author":[{"embeddable":true,"href":"https:\/\/alzira.es\/es\/wp-json\/wp\/v2\/users\/29"}],"replies":[{"embeddable":true,"href":"https:\/\/alzira.es\/es\/wp-json\/wp\/v2\/comments?post=52638"}],"version-history":[{"count":0,"href":"https:\/\/alzira.es\/es\/wp-json\/wp\/v2\/posts\/52638\/revisions"}],"wp:featuredmedia":[{"embeddable":true,"href":"https:\/\/alzira.es\/es\/wp-json\/wp\/v2\/media\/52497"}],"wp:attachment":[{"href":"https:\/\/alzira.es\/es\/wp-json\/wp\/v2\/media?parent=52638"}],"wp:term":[{"taxonomy":"category","embeddable":true,"href":"https:\/\/alzira.es\/es\/wp-json\/wp\/v2\/categories?post=52638"},{"taxonomy":"post_tag","embeddable":true,"href":"https:\/\/alzira.es\/es\/wp-json\/wp\/v2\/tags?post=52638"}],"curies":[{"name":"wp","href":"https:\/\/api.w.org\/{rel}","templated":true}]}}