{"id":52634,"date":"2020-11-25T16:46:45","date_gmt":"2020-11-25T15:46:45","guid":{"rendered":"https:\/\/alzira.es\/llum-verda-a-la-construccio-del-nou-edifici-del-ies-rei-en-jaume\/"},"modified":"2020-11-25T16:46:45","modified_gmt":"2020-11-25T15:46:45","slug":"llum-verda-a-la-construccio-del-nou-edifici-del-ies-rei-en-jaume","status":"publish","type":"post","link":"https:\/\/alzira.es\/es\/llum-verda-a-la-construccio-del-nou-edifici-del-ies-rei-en-jaume\/","title":{"rendered":"Luz verde a la construcci\u00f3n del nuevo edificio del IES Rey en Jaume"},"content":{"rendered":"<p>La Conseller\u00eda de Educaci\u00f3n delega la competencia en el Ayuntamiento de Alzira para la realizaci\u00f3n de la nueva construcci\u00f3n de la IES Rey En Jaume en el mismo solar. As\u00ed pues, con una inversi\u00f3n de la Conseller\u00eda de 10 millones de euros el consistorio llevar\u00e1 a cabo la ampliaci\u00f3n de la parcela del Instituto hasta los 20 mil metros cuadrados que podr\u00e1 alcanzar 1220 alumnos. La actuaci\u00f3n se llevar\u00e1 a cabo en los pr\u00f3ximos cuatro a\u00f1os desde el 2021, cuando se har\u00e1 la adjudicaci\u00f3n de la obra y fines el 2024.<\/p>\n<p>Recordamos que para conseguir esta reforma, la Conseller\u00eda y el Ayuntamiento de Alzira firmaron un acuerdo por el cual el Servicio de Ocupaci\u00f3n Labora se comprometi\u00f3 a ceder en el Instituto 7.500 metros cuadrados con el fin de alcanzar 370 alumnos m\u00e1s de los 750 que caben a estas alturas en el centro educativo.<br \/>El alcalde de Alzira, <strong>Diego G\u00f3mez<\/strong> ha explicado que los y las alumnas del Rey En Jaume podr\u00e1n permanecer en las aulas donde est\u00e1n actualmente hasta que finalice la construcci\u00f3n del nuevo aulario al solar anejo, sin tener que hacer uso de aulas prefabricadas.<\/p>\n<p style=\"text-align: center;\"><img fetchpriority=\"high\" decoding=\"async\" class=\" size-full wp-image-52632\" src=\"https:\/\/alzira.es\/wp-content\/uploads\/2020\/11\/ies_rei_en_jaume.jpg\" alt=\"ies rei en jaume\" width=\"500\" height=\"214\" srcset=\"https:\/\/alzira.es\/wp-content\/uploads\/2020\/11\/ies_rei_en_jaume.jpg 1280w, https:\/\/alzira.es\/wp-content\/uploads\/2020\/11\/ies_rei_en_jaume-680x291.jpg 680w, https:\/\/alzira.es\/wp-content\/uploads\/2020\/11\/ies_rei_en_jaume-768x329.jpg 768w\" sizes=\"(max-width: 500px) 100vw, 500px\" \/><\/p>\n<p>&nbsp;<\/p>\n","protected":false},"excerpt":{"rendered":"<p>La Conseller\u00eda de Educaci\u00f3n delega la competencia en el Ayuntamiento de Alzira para la realizaci\u00f3n de la nueva construcci\u00f3n de la IES Rey En Jaume en el mismo solar. As\u00ed pues, con una inversi\u00f3n de la Conseller\u00eda de 10 millones de euros el consistorio llevar\u00e1 a cabo la ampliaci\u00f3n de la parcela del Instituto hasta &hellip; <\/p>\n<p class=\"link-more\"><a href=\"https:\/\/alzira.es\/es\/llum-verda-a-la-construccio-del-nou-edifici-del-ies-rei-en-jaume\/\" class=\"more-link\">Continuar leyendo<span class=\"screen-reader-text\"> \u00abLuz verde a la construcci\u00f3n del nuevo edificio del IES Rey en Jaume\u00bb<\/span><\/a><\/p>\n","protected":false},"author":36,"featured_media":52632,"comment_status":"","ping_status":"","sticky":false,"template":"","format":"standard","meta":{"_acf_changed":false,"footnotes":""},"categories":[4936],"tags":[],"class_list":["post-52634","post","type-post","status-publish","format-standard","has-post-thumbnail","hentry","category-hemeroteca-es"],"acf":[],"_links":{"self":[{"href":"https:\/\/alzira.es\/es\/wp-json\/wp\/v2\/posts\/52634","targetHints":{"allow":["GET"]}}],"collection":[{"href":"https:\/\/alzira.es\/es\/wp-json\/wp\/v2\/posts"}],"about":[{"href":"https:\/\/alzira.es\/es\/wp-json\/wp\/v2\/types\/post"}],"author":[{"embeddable":true,"href":"https:\/\/alzira.es\/es\/wp-json\/wp\/v2\/users\/36"}],"replies":[{"embeddable":true,"href":"https:\/\/alzira.es\/es\/wp-json\/wp\/v2\/comments?post=52634"}],"version-history":[{"count":0,"href":"https:\/\/alzira.es\/es\/wp-json\/wp\/v2\/posts\/52634\/revisions"}],"wp:featuredmedia":[{"embeddable":true,"href":"https:\/\/alzira.es\/es\/wp-json\/wp\/v2\/media\/52632"}],"wp:attachment":[{"href":"https:\/\/alzira.es\/es\/wp-json\/wp\/v2\/media?parent=52634"}],"wp:term":[{"taxonomy":"category","embeddable":true,"href":"https:\/\/alzira.es\/es\/wp-json\/wp\/v2\/categories?post=52634"},{"taxonomy":"post_tag","embeddable":true,"href":"https:\/\/alzira.es\/es\/wp-json\/wp\/v2\/tags?post=52634"}],"curies":[{"name":"wp","href":"https:\/\/api.w.org\/{rel}","templated":true}]}}