{"id":52631,"date":"2020-11-25T16:35:03","date_gmt":"2020-11-25T15:35:03","guid":{"rendered":"https:\/\/alzira.es\/l-ajuntament-incorporara-30-persones-dins-del-programa-t-estime-2\/"},"modified":"2020-11-25T16:35:03","modified_gmt":"2020-11-25T15:35:03","slug":"l-ajuntament-incorporara-30-persones-dins-del-programa-t-estime-2","status":"publish","type":"post","link":"https:\/\/alzira.es\/es\/l-ajuntament-incorporara-30-persones-dins-del-programa-t-estime-2\/","title":{"rendered":"L\u2019Ajuntament incorporar\u00e0 30 persones dins del programa \u201cT\u2019estime\u201d"},"content":{"rendered":"<p>Hui s&#8217;obri el termini per a presentar-se als taller d&#8217;ocupaci\u00f3 que s&#8217;impartixen a Idea<\/p>\n<p>Des de hui 25 de novembre i fins el pr\u00f2xim dimarts 1 de desembre, est\u00e0 obert el termini d&#8217;inscripci\u00f3 dels tallers T&#8217;estime 2020. Es tracta de tres itineraris de formaci\u00f3 i ocupaci\u00f3 que es porten a terme en Idea i per als quals se seleccionar\u00e0 un total de 30 persones. A m\u00e9s l&#8217;execuci\u00f3 del programa suposa la contractaci\u00f3 de 6 persones per a la gesti\u00f3 i formaci\u00f3 del taller.<\/p>\n<p>El programa t\u00e9 una duraci\u00f3 de 12 mesos a partir del pr\u00f2xim 30 de desembre i compta amb una subvenci\u00f3 de la Generalitat Valenciana de 720.619,20 \u20ac i una aportaci\u00f3 municipal de 10.809,28 \u20ac, sent el cost total del projecte de 731.428,48 \u20ac.<\/p>\n<p>La selecci\u00f3, tant de personal directiu com del docent es dur\u00e0 a terme mitjan\u00e7ant convocat\u00f2ria p\u00fablica. Per a participar cal presentar la sol\u00b7licitud telem\u00e0tica en la seu electr\u00f2nica de l&#8217;Ajuntament d&#8217;Alzira i en cas de no ser possible, en la CLAU mitjan\u00e7ant cita pr\u00e8via: <a href=\"https:\/\/citaprevia.alzira.es\/#!\/es\/home\" target=\"_blank\" rel=\"noopener\">https:\/\/citaprevia.alzira.es<\/a>.<\/p>\n<p>El proc\u00e9s de selecci\u00f3 dels alumnes-treballadors d&#8217;aquesta taller comen\u00e7ar\u00e0 amb la presentaci\u00f3 d&#8217;oferta de serveis formatius a l&#8217;Espai Labora d&#8217;Alzira, qui remetr\u00e0 als candidats per a participar en el proc\u00e9s.<br \/>Itineraris<\/p>\n<p><strong>Per a cada itinerari se seleccionaran 10 participants que obtindran 2 certificacions professionals.<\/strong><\/p>\n<p>\u2022 Operacions Auxiliars d&#8217;Obra de paleta de f\u00e0briques i cobertes (Nivell 1) + F\u00e0briques d&#8217;obra de paleta (Nivell 2)<br \/>\u2022 Activitats Auxiliars en conservaci\u00f3 i millora de muntanyes (Nivell 1) + Repoblacions forestals i tractaments silv\u00edcoles (Nivell 2).<br \/>\u2022 Operacions Auxiliars de serveis administratius i generals (Nivell 1) + Activitats Administratives en la relaci\u00f3 amb el client (Nivell 2).<\/p>\n<p><strong>Requisits<\/strong><\/p>\n<p>Per a participar com a alumne-treballador cal ser major de 25 anys, estar desocupat i inscrit en l&#8217;Espai LABORA i incloure l&#8217;especialitat formativa en la nostra fitxa de demanda de LABORA. L&#8217;oficina LABORA remetr\u00e0 un llistat amb les persones preseleccionades entre les quals es realitzar\u00e0 la selecci\u00f3 final segons els criteris de selecci\u00f3 establerts per les bases reguladores.<\/p>\n<p><img fetchpriority=\"high\" decoding=\"async\" style=\"margin-right: auto; margin-left: auto; display: block;\" src=\"contenidos\/taller_testime.jpg\" alt=\"taller testime\" width=\"500\" height=\"471\" \/><\/p>\n<p>&nbsp;<\/p>\n<p>&nbsp;<\/p>\n<ul style=\"list-style-type: disc; direction: ltr;\">\n<li style=\"color: #000000; font-family: 'Arial',sans-serif; font-size: 11pt; font-style: normal; font-weight: normal;\">\n<p style=\"text-align: justify; color: #000000; line-height: 150%; font-family: 'Times New Roman',serif; font-size: 12pt; font-style: normal; font-weight: normal; margin-top: 0cm; margin-bottom: 0pt; vertical-align: baseline;\"><span style=\"line-height: 150%; font-family: 'Arial',sans-serif; font-size: 11pt; mso-ansi-language: CA; mso-fareast-language: EN-US;\" lang=\"CA\">&nbsp;<\/span><\/p>\n<\/li>\n<\/ul>\n<p>&nbsp;<\/p>\n","protected":false},"excerpt":{"rendered":"<p>Hui s&#8217;obri el termini per a presentar-se als taller d&#8217;ocupaci\u00f3 que s&#8217;impartixen a Idea Des de hui 25 de novembre i fins el pr\u00f2xim dimarts 1 de desembre, est\u00e0 obert el termini d&#8217;inscripci\u00f3 dels tallers T&#8217;estime 2020. Es tracta de tres itineraris de formaci\u00f3 i ocupaci\u00f3 que es porten a terme en Idea i per &hellip; <\/p>\n<p class=\"link-more\"><a href=\"https:\/\/alzira.es\/es\/l-ajuntament-incorporara-30-persones-dins-del-programa-t-estime-2\/\" class=\"more-link\">Continuar leyendo<span class=\"screen-reader-text\"> \u00abL\u2019Ajuntament incorporar\u00e0 30 persones dins del programa \u201cT\u2019estime\u201d\u00bb<\/span><\/a><\/p>\n","protected":false},"author":36,"featured_media":0,"comment_status":"","ping_status":"","sticky":false,"template":"","format":"standard","meta":{"_acf_changed":false,"footnotes":""},"categories":[],"tags":[],"class_list":["post-52631","post","type-post","status-publish","format-standard","hentry"],"acf":[],"_links":{"self":[{"href":"https:\/\/alzira.es\/es\/wp-json\/wp\/v2\/posts\/52631","targetHints":{"allow":["GET"]}}],"collection":[{"href":"https:\/\/alzira.es\/es\/wp-json\/wp\/v2\/posts"}],"about":[{"href":"https:\/\/alzira.es\/es\/wp-json\/wp\/v2\/types\/post"}],"author":[{"embeddable":true,"href":"https:\/\/alzira.es\/es\/wp-json\/wp\/v2\/users\/36"}],"replies":[{"embeddable":true,"href":"https:\/\/alzira.es\/es\/wp-json\/wp\/v2\/comments?post=52631"}],"version-history":[{"count":0,"href":"https:\/\/alzira.es\/es\/wp-json\/wp\/v2\/posts\/52631\/revisions"}],"wp:attachment":[{"href":"https:\/\/alzira.es\/es\/wp-json\/wp\/v2\/media?parent=52631"}],"wp:term":[{"taxonomy":"category","embeddable":true,"href":"https:\/\/alzira.es\/es\/wp-json\/wp\/v2\/categories?post=52631"},{"taxonomy":"post_tag","embeddable":true,"href":"https:\/\/alzira.es\/es\/wp-json\/wp\/v2\/tags?post=52631"}],"curies":[{"name":"wp","href":"https:\/\/api.w.org\/{rel}","templated":true}]}}