{"id":52630,"date":"2020-11-25T16:35:03","date_gmt":"2020-11-25T15:35:03","guid":{"rendered":"https:\/\/alzira.es\/l-ajuntament-incorporara-30-persones-dins-del-programa-t-estime\/"},"modified":"2020-11-25T16:35:03","modified_gmt":"2020-11-25T15:35:03","slug":"l-ajuntament-incorporara-30-persones-dins-del-programa-t-estime","status":"publish","type":"post","link":"https:\/\/alzira.es\/es\/l-ajuntament-incorporara-30-persones-dins-del-programa-t-estime\/","title":{"rendered":"El Ayuntamiento incorporar\u00e1 30 personas dentro del programa \u201cT&#8217;estime\u201d"},"content":{"rendered":"<p>Hoy se abre el plazo para presentarse a los taller de ocupaci\u00f3n que se imparten en Idea<\/p>\n<p>Desde hoy 25 de noviembre y hasta el pr\u00f3ximo martes 1 de diciembre, est\u00e1 abierto el plazo de inscripci\u00f3n de los talleres T&#8217;estime 2020. Se trata de tres itinerarios de formaci\u00f3n y ocupaci\u00f3n que se llevan a cabo en Idea y para los cuales se seleccionar\u00e1 un total de 30 personas. Adem\u00e1s la ejecuci\u00f3n del programa supone la contrataci\u00f3n de 6 personas para la gesti\u00f3n y formaci\u00f3n del taller.<\/p>\n<p>El programa tiene una duraci\u00f3n de 12 meses a partir del pr\u00f3ximo 30 de diciembre y cuenta con una subvenci\u00f3n de la Generalitat Valenciana de 720.619,20 \u20ac y una aportaci\u00f3n municipal de 10.809,28 \u20ac, siendo el coste total del proyecto de 731.428,48 \u20ac.<\/p>\n<p>La selecci\u00f3n, tanto de personal directivo como del docente se llevar\u00e1 a cabo mediante convocatoria p\u00fablica. Para participar hay que presentar la solicitud telem\u00e1tica en la sede electr\u00f3nica del Ayuntamiento de Alzira y en caso de no ser posible, en la CLAVE mediante cita previa: <a href=\"https:\/\/citaprevia.alzira.es\/#!\/es\/home\" target=\"_blank\" rel=\"noopener\">https:\/\/citaprevia.alzira.es<\/a>.<\/p>\n<p>El proceso de selecci\u00f3n de los alumnos-trabajadores de este taller empezar\u00e1 con la presentaci\u00f3n de oferta de servicios formativos al Espacio Labora de Alzira, quien remitir\u00e1 a los candidatos para participar en el proceso.<br \/>Itinerarios<\/p>\n<p><strong>Para cada itinerario se seleccionar\u00e1n 10 participantes que obtendr\u00e1n 2 certificaciones profesionales<\/strong>.<\/p>\n<p>\u2022 Operaciones Auxiliares de Alba\u00f1iler\u00eda de f\u00e1bricas y cubiertas (Nivel 1) + F\u00e1bricas de alba\u00f1iler\u00eda (Nivel 2)<br \/>\u2022 Actividades Auxiliares en conservaci\u00f3n y mejora de monta\u00f1as (Nivel 1) + Repoblaciones forestales y tratamientos silv\u00edcolas (Nivel 2).<br \/>\u2022 Operaciones Auxiliares de servicios administrativos y generales (Nivel 1) + Actividades Administrativas en la relaci\u00f3n con el cliente (Nivel 2).<\/p>\n<p><strong>Requisitos<\/strong><\/p>\n<p>Para participar como alumno-trabajador hay que ser mayor de 25 a\u00f1os, estar desempleado e inscrito en el Espacio LABORA e incluir la especialidad formativa en nuestra ficha de demanda de LABORA. La oficina LABORA remitir\u00e1 un listado con las personas preseleccionadas entre las cuales se realizar\u00e1 la selecci\u00f3n final seg\u00fan los criterios de selecci\u00f3n establecidos por las bases reguladoras.<\/p>\n<p><img fetchpriority=\"high\" decoding=\"async\" style=\"margin-right: auto; margin-left: auto; display: block;\" src=\"contenidos\/taller_testime.jpg\" alt=\"taller testime\" width=\"500\" height=\"471\" \/><\/p>\n<p>&nbsp;<\/p>\n<p>&nbsp;<\/p>\n<p>&nbsp;<\/p>\n","protected":false},"excerpt":{"rendered":"<p>Hoy se abre el plazo para presentarse a los taller de ocupaci\u00f3n que se imparten en Idea Desde hoy 25 de noviembre y hasta el pr\u00f3ximo martes 1 de diciembre, est\u00e1 abierto el plazo de inscripci\u00f3n de los talleres T&#8217;estime 2020. Se trata de tres itinerarios de formaci\u00f3n y ocupaci\u00f3n que se llevan a cabo &hellip; <\/p>\n<p class=\"link-more\"><a href=\"https:\/\/alzira.es\/es\/l-ajuntament-incorporara-30-persones-dins-del-programa-t-estime\/\" class=\"more-link\">Continuar leyendo<span class=\"screen-reader-text\"> \u00abEl Ayuntamiento incorporar\u00e1 30 personas dentro del programa \u201cT&#8217;estime\u201d\u00bb<\/span><\/a><\/p>\n","protected":false},"author":36,"featured_media":0,"comment_status":"","ping_status":"","sticky":false,"template":"","format":"standard","meta":{"_acf_changed":false,"footnotes":""},"categories":[4936],"tags":[],"class_list":["post-52630","post","type-post","status-publish","format-standard","hentry","category-hemeroteca-es"],"acf":[],"_links":{"self":[{"href":"https:\/\/alzira.es\/es\/wp-json\/wp\/v2\/posts\/52630","targetHints":{"allow":["GET"]}}],"collection":[{"href":"https:\/\/alzira.es\/es\/wp-json\/wp\/v2\/posts"}],"about":[{"href":"https:\/\/alzira.es\/es\/wp-json\/wp\/v2\/types\/post"}],"author":[{"embeddable":true,"href":"https:\/\/alzira.es\/es\/wp-json\/wp\/v2\/users\/36"}],"replies":[{"embeddable":true,"href":"https:\/\/alzira.es\/es\/wp-json\/wp\/v2\/comments?post=52630"}],"version-history":[{"count":0,"href":"https:\/\/alzira.es\/es\/wp-json\/wp\/v2\/posts\/52630\/revisions"}],"wp:attachment":[{"href":"https:\/\/alzira.es\/es\/wp-json\/wp\/v2\/media?parent=52630"}],"wp:term":[{"taxonomy":"category","embeddable":true,"href":"https:\/\/alzira.es\/es\/wp-json\/wp\/v2\/categories?post=52630"},{"taxonomy":"post_tag","embeddable":true,"href":"https:\/\/alzira.es\/es\/wp-json\/wp\/v2\/tags?post=52630"}],"curies":[{"name":"wp","href":"https:\/\/api.w.org\/{rel}","templated":true}]}}