{"id":52629,"date":"2020-11-25T14:21:52","date_gmt":"2020-11-25T13:21:52","guid":{"rendered":"https:\/\/alzira.es\/dibujos-premiados-en-el-xx-concurso-escolar-2\/"},"modified":"2020-11-25T14:21:52","modified_gmt":"2020-11-25T13:21:52","slug":"dibujos-premiados-en-el-xx-concurso-escolar-2","status":"publish","type":"post","link":"https:\/\/alzira.es\/es\/dibujos-premiados-en-el-xx-concurso-escolar-2\/","title":{"rendered":"Dibuixos premiats en el XX Concus Escolar"},"content":{"rendered":"<p><span style=\"color: #ff0000;\"><strong>SEGON CICLE D&#8217;EDUCACI\u00d3 INFANTIL<\/strong><\/span><\/p>\n<p><a href=\"https:\/\/alzira.es\/wp-content\/uploads\/2020\/11\/Vega-Canadillas-Bueno.pdf\" target=\"_blank\" rel=\"noopener\"><img fetchpriority=\"high\" decoding=\"async\" class=\" size-full wp-image-52544\" src=\"https:\/\/alzira.es\/wp-content\/uploads\/2020\/11\/Vega-Canadillas-Bueno.jpg\" alt=\"Vega Ca\u00f1adillas Bueno\" width=\"400\" height=\"274\" srcset=\"https:\/\/alzira.es\/wp-content\/uploads\/2020\/11\/Vega-Canadillas-Bueno.jpg 931w, https:\/\/alzira.es\/wp-content\/uploads\/2020\/11\/Vega-Canadillas-Bueno-680x467.jpg 680w, https:\/\/alzira.es\/wp-content\/uploads\/2020\/11\/Vega-Canadillas-Bueno-768x527.jpg 768w, https:\/\/alzira.es\/wp-content\/uploads\/2020\/11\/Vega-Canadillas-Bueno-474x324.jpg 474w\" sizes=\"(max-width: 400px) 100vw, 400px\" \/><\/a>&nbsp; &nbsp;&nbsp;<a href=\"https:\/\/alzira.es\/wp-content\/uploads\/2020\/11\/Agustina-Merli.pdf\" target=\"_blank\" rel=\"noopener\"><img decoding=\"async\" class=\"size-full wp-image-52550 lazyload\" data-src=\"https:\/\/alzira.es\/wp-content\/uploads\/2020\/11\/Agustina-Merli.jpg\" alt=\"Agustina Merli\" width=\"221\" height=\"286\" data-srcset=\"https:\/\/alzira.es\/wp-content\/uploads\/2020\/11\/Agustina-Merli.jpg 622w, https:\/\/alzira.es\/wp-content\/uploads\/2020\/11\/Agustina-Merli-395x510.jpg 395w\" data-sizes=\"(max-width: 221px) 100vw, 221px\" src=\"data:image\/svg+xml;base64,PHN2ZyB3aWR0aD0iMSIgaGVpZ2h0PSIxIiB4bWxucz0iaHR0cDovL3d3dy53My5vcmcvMjAwMC9zdmciPjwvc3ZnPg==\" style=\"--smush-placeholder-width: 221px; --smush-placeholder-aspect-ratio: 221\/286;\" \/><\/a>&nbsp; &nbsp; &nbsp; &nbsp; &nbsp; &nbsp;<a href=\"https:\/\/alzira.es\/wp-content\/uploads\/2020\/11\/Salva-Saez-Sarrion.pdf\" target=\"_blank\" rel=\"noopener\"><img decoding=\"async\" class=\"size-full wp-image-52554 lazyload\" data-src=\"https:\/\/alzira.es\/wp-content\/uploads\/2020\/11\/Salva-Saez.jpg\" alt=\"Salva Saez\" width=\"373\" height=\"277\" src=\"data:image\/svg+xml;base64,PHN2ZyB3aWR0aD0iMSIgaGVpZ2h0PSIxIiB4bWxucz0iaHR0cDovL3d3dy53My5vcmcvMjAwMC9zdmciPjwvc3ZnPg==\" style=\"--smush-placeholder-width: 373px; --smush-placeholder-aspect-ratio: 373\/277;\" \/><\/a><\/p>\n<p><span style=\"font-size: 11pt; font-family: Arial, sans-serif;\">&nbsp; &nbsp; &nbsp; &nbsp; &nbsp; &nbsp; &nbsp; &nbsp; &nbsp; <strong>3r Premi: Vega Ca\u00f1adillas Bueno&nbsp; &nbsp; &nbsp; &nbsp; &nbsp; &nbsp; &nbsp; &nbsp; &nbsp; &nbsp; &nbsp; &nbsp; &nbsp; &nbsp;<span style=\"font-size: 11pt; font-family: Arial, sans-serif;\">2n Premi: Agustina Merli Beato&nbsp; &nbsp; &nbsp; &nbsp; &nbsp; &nbsp; &nbsp; &nbsp; &nbsp; &nbsp; &nbsp; &nbsp; &nbsp; &nbsp;<span style=\"font-size: 11pt; font-family: Arial, sans-serif;\">1r Premi: Salvador S\u00e1ez Sarri\u00f3n&nbsp;<\/span><\/span><\/strong><\/span><\/p>\n<p>&nbsp;<\/p>\n<p><span style=\"font-size: 11pt; font-family: Arial, sans-serif;\"><strong><span style=\"font-size: 11pt; font-family: Arial, sans-serif;\"><span style=\"font-size: 11pt; font-family: Arial, sans-serif;\"><strong style=\"color: #ff0000; font-size: 14.4px;\">PRIMER CICLE D&#8217;EDUCACI\u00d3 PRIM\u00c0RIA<\/strong><\/span><\/span><\/strong><\/span><\/p>\n<p><span style=\"font-size: 11pt; font-family: Arial, sans-serif;\"><strong><span style=\"font-size: 11pt; font-family: Arial, sans-serif;\"><span style=\"font-size: 11pt; font-family: Arial, sans-serif;\"><strong style=\"color: #ff0000; font-size: 14.4px;\"><a href=\"https:\/\/alzira.es\/wp-content\/uploads\/2020\/11\/Olivia-Beneyto.pdf\" target=\"_blank\" rel=\"noopener\"><img decoding=\"async\" class=\"size-full wp-image-52558 lazyload\" data-src=\"https:\/\/alzira.es\/wp-content\/uploads\/2020\/11\/Olivia-Beneyto.jpg\" alt=\"Olivia Beneyto\" width=\"400\" height=\"278\" data-srcset=\"https:\/\/alzira.es\/wp-content\/uploads\/2020\/11\/Olivia-Beneyto.jpg 943w, https:\/\/alzira.es\/wp-content\/uploads\/2020\/11\/Olivia-Beneyto-680x473.jpg 680w, https:\/\/alzira.es\/wp-content\/uploads\/2020\/11\/Olivia-Beneyto-768x534.jpg 768w\" data-sizes=\"(max-width: 400px) 100vw, 400px\" src=\"data:image\/svg+xml;base64,PHN2ZyB3aWR0aD0iMSIgaGVpZ2h0PSIxIiB4bWxucz0iaHR0cDovL3d3dy53My5vcmcvMjAwMC9zdmciPjwvc3ZnPg==\" style=\"--smush-placeholder-width: 400px; --smush-placeholder-aspect-ratio: 400\/278;\" \/><\/a>&nbsp; &nbsp; &nbsp; &nbsp; &nbsp;&nbsp;<a href=\"https:\/\/alzira.es\/wp-content\/uploads\/2020\/11\/Andrada-Maria-Roman.pdf\" target=\"_blank\" rel=\"noopener\"><img decoding=\"async\" class=\"size-full wp-image-52562 lazyload\" data-src=\"https:\/\/alzira.es\/wp-content\/uploads\/2020\/11\/Andrada-Maria-Roman.png\" alt=\"Andrada Maria Roman\" width=\"400\" height=\"279\" data-srcset=\"https:\/\/alzira.es\/wp-content\/uploads\/2020\/11\/Andrada-Maria-Roman.png 936w, https:\/\/alzira.es\/wp-content\/uploads\/2020\/11\/Andrada-Maria-Roman-680x474.png 680w, https:\/\/alzira.es\/wp-content\/uploads\/2020\/11\/Andrada-Maria-Roman-768x535.png 768w\" data-sizes=\"(max-width: 400px) 100vw, 400px\" src=\"data:image\/svg+xml;base64,PHN2ZyB3aWR0aD0iMSIgaGVpZ2h0PSIxIiB4bWxucz0iaHR0cDovL3d3dy53My5vcmcvMjAwMC9zdmciPjwvc3ZnPg==\" style=\"--smush-placeholder-width: 400px; --smush-placeholder-aspect-ratio: 400\/279;\" \/><\/a>&nbsp; &nbsp; &nbsp; &nbsp; &nbsp;&nbsp;<a href=\"https:\/\/alzira.es\/wp-content\/uploads\/2020\/11\/Carme-Ribera-Boch.pdf\" target=\"_blank\" rel=\"noopener\"><img decoding=\"async\" class=\"size-full wp-image-52566 lazyload\" data-src=\"https:\/\/alzira.es\/wp-content\/uploads\/2020\/11\/Carme-Ribera-Boch.jpg\" alt=\"Carme Ribera Boch\" width=\"400\" height=\"272\" data-srcset=\"https:\/\/alzira.es\/wp-content\/uploads\/2020\/11\/Carme-Ribera-Boch.jpg 931w, https:\/\/alzira.es\/wp-content\/uploads\/2020\/11\/Carme-Ribera-Boch-680x463.jpg 680w, https:\/\/alzira.es\/wp-content\/uploads\/2020\/11\/Carme-Ribera-Boch-768x523.jpg 768w, https:\/\/alzira.es\/wp-content\/uploads\/2020\/11\/Carme-Ribera-Boch-474x324.jpg 474w\" data-sizes=\"(max-width: 400px) 100vw, 400px\" src=\"data:image\/svg+xml;base64,PHN2ZyB3aWR0aD0iMSIgaGVpZ2h0PSIxIiB4bWxucz0iaHR0cDovL3d3dy53My5vcmcvMjAwMC9zdmciPjwvc3ZnPg==\" style=\"--smush-placeholder-width: 400px; --smush-placeholder-aspect-ratio: 400\/272;\" \/><\/a><\/strong><\/span><\/span><\/strong><\/span><\/p>\n<p><span style=\"font-size: 11pt; font-family: Arial, sans-serif; color: #000000;\"><strong><span style=\"font-size: 11pt; font-family: Arial, sans-serif;\"><span style=\"font-size: 11pt; font-family: Arial, sans-serif;\"><strong style=\"color: #ff0000; font-size: 14.4px;\"><strong style=\"font-family: Arial, sans-serif; font-size: 14.6667px;\">&nbsp; &nbsp; <\/strong><\/strong><\/span><\/span><\/strong><\/span><span style=\"font-size: 11pt; font-family: Arial, sans-serif;\"><strong><span style=\"font-size: 11pt; font-family: Arial, sans-serif;\"><span style=\"font-size: 11pt; font-family: Arial, sans-serif;\"><strong style=\"color: #ff0000; font-size: 14.4px;\"><strong style=\"font-family: Arial, sans-serif; font-size: 14.6667px;\">&nbsp; &nbsp;<span style=\"color: #000000;\"> &nbsp; &nbsp; 3r Premi:&nbsp;<\/span><\/strong><\/strong><\/span><\/span><\/strong><\/span><span style=\"font-size: 11pt; font-family: Arial, sans-serif;\"><strong><span style=\"font-size: 11pt; font-family: Arial, sans-serif;\"><span style=\"font-size: 11pt; font-family: Arial, sans-serif;\"><strong style=\"color: #ff0000; font-size: 14.4px;\"><strong style=\"font-family: Arial, sans-serif; font-size: 14.6667px;\"><span style=\"color: #000000;\"><span style=\"font-size: 11pt; font-family: Arial, sans-serif;\">Olivia Beneyto Parada&nbsp;<\/span>&nbsp; &nbsp; &nbsp;<\/span> &nbsp; &nbsp; &nbsp; &nbsp; &nbsp; &nbsp; &nbsp; &nbsp; &nbsp; &nbsp; &nbsp; &nbsp; &nbsp; &nbsp; &nbsp; &nbsp; &nbsp; &nbsp; &nbsp; &nbsp; &nbsp; &nbsp; &nbsp; &nbsp; &nbsp; &nbsp; &nbsp;<span style=\"color: #000000;\"> <strong style=\"font-family: Arial, sans-serif; font-size: 14.6667px;\"><span style=\"font-size: 11pt;\">2n Premi:<\/span><\/strong>&nbsp;<span style=\"font-size: 11pt; font-family: Arial, sans-serif;\">Andrada Mar\u00eda Rom\u00e1n&nbsp;<\/span><\/span><span style=\"font-size: 11pt;\"><span style=\"color: #000000;\">&nbsp; &nbsp;<\/span> &nbsp; &nbsp; &nbsp; &nbsp; &nbsp; &nbsp; &nbsp; &nbsp; &nbsp; &nbsp; &nbsp; &nbsp; &nbsp; &nbsp; &nbsp; &nbsp; &nbsp; &nbsp; &nbsp; &nbsp; &nbsp; &nbsp; &nbsp; &nbsp; &nbsp; &nbsp; &nbsp;<span style=\"font-size: 11pt; color: #000000;\">1r Premi:&nbsp;<span style=\"font-size: 11pt; font-family: Arial, sans-serif;\">Carme Ribera Bosch&nbsp;<\/span><\/span><\/span><\/strong><\/strong><\/span><\/span><\/strong><\/span><\/p>\n<p>&nbsp;<\/p>\n<p><strong style=\"font-family: Arial, sans-serif; font-size: 14.6667px;\"><span style=\"font-size: 11pt;\"><span style=\"font-size: 11pt;\"><strong style=\"color: #ff0000; font-size: 14.4px;\">SEGON CICLE D&#8217;EDUCACI\u00d3 PRIM\u00c0RIA<\/strong><\/span><\/span><\/strong><\/p>\n<p><strong style=\"font-family: Arial, sans-serif; font-size: 14.6667px;\"><a href=\"https:\/\/alzira.es\/wp-content\/uploads\/2020\/11\/Ainara-Ksobiech-Nadal.pdf\" target=\"_blank\" rel=\"noopener\"><img decoding=\"async\" class=\"size-full wp-image-52570 lazyload\" data-src=\"https:\/\/alzira.es\/wp-content\/uploads\/2020\/11\/Ainara-Ksobiech-Nadal.jpg\" alt=\"Ainara Ksobiech Nadal\" width=\"400\" height=\"282\" data-srcset=\"https:\/\/alzira.es\/wp-content\/uploads\/2020\/11\/Ainara-Ksobiech-Nadal.jpg 938w, https:\/\/alzira.es\/wp-content\/uploads\/2020\/11\/Ainara-Ksobiech-Nadal-680x479.jpg 680w, https:\/\/alzira.es\/wp-content\/uploads\/2020\/11\/Ainara-Ksobiech-Nadal-768x541.jpg 768w\" data-sizes=\"(max-width: 400px) 100vw, 400px\" src=\"data:image\/svg+xml;base64,PHN2ZyB3aWR0aD0iMSIgaGVpZ2h0PSIxIiB4bWxucz0iaHR0cDovL3d3dy53My5vcmcvMjAwMC9zdmciPjwvc3ZnPg==\" style=\"--smush-placeholder-width: 400px; --smush-placeholder-aspect-ratio: 400\/282;\" \/><\/a>&nbsp; &nbsp; &nbsp; &nbsp; &nbsp;<a href=\"https:\/\/alzira.es\/wp-content\/uploads\/2020\/11\/Kima-Vardanyan.pdf\" target=\"_blank\" rel=\"noopener\"><img decoding=\"async\" class=\"size-full wp-image-52574 lazyload\" data-src=\"https:\/\/alzira.es\/wp-content\/uploads\/2020\/11\/Kima-Vardanyan.jpg\" alt=\"Kima Vardanyan\" width=\"195\" height=\"281\" data-srcset=\"https:\/\/alzira.es\/wp-content\/uploads\/2020\/11\/Kima-Vardanyan.jpg 620w, https:\/\/alzira.es\/wp-content\/uploads\/2020\/11\/Kima-Vardanyan-353x510.jpg 353w\" data-sizes=\"(max-width: 195px) 100vw, 195px\" src=\"data:image\/svg+xml;base64,PHN2ZyB3aWR0aD0iMSIgaGVpZ2h0PSIxIiB4bWxucz0iaHR0cDovL3d3dy53My5vcmcvMjAwMC9zdmciPjwvc3ZnPg==\" style=\"--smush-placeholder-width: 195px; --smush-placeholder-aspect-ratio: 195\/281;\" \/><\/a>&nbsp; &nbsp; &nbsp; &nbsp; &nbsp; &nbsp;<a href=\"https:\/\/alzira.es\/wp-content\/uploads\/2020\/11\/Melany-Lazaro-Dimescu.pdf\" target=\"_blank\" rel=\"noopener\"><img decoding=\"async\" class=\"size-full wp-image-52578 lazyload\" data-src=\"https:\/\/alzira.es\/wp-content\/uploads\/2020\/11\/Melany-Lazaro-Dimescu.jpg\" alt=\"Melany Lazaro Dimescu\" width=\"399\" height=\"287\" data-srcset=\"https:\/\/alzira.es\/wp-content\/uploads\/2020\/11\/Melany-Lazaro-Dimescu.jpg 910w, https:\/\/alzira.es\/wp-content\/uploads\/2020\/11\/Melany-Lazaro-Dimescu-680x489.jpg 680w, https:\/\/alzira.es\/wp-content\/uploads\/2020\/11\/Melany-Lazaro-Dimescu-768x553.jpg 768w\" data-sizes=\"(max-width: 399px) 100vw, 399px\" src=\"data:image\/svg+xml;base64,PHN2ZyB3aWR0aD0iMSIgaGVpZ2h0PSIxIiB4bWxucz0iaHR0cDovL3d3dy53My5vcmcvMjAwMC9zdmciPjwvc3ZnPg==\" style=\"--smush-placeholder-width: 399px; --smush-placeholder-aspect-ratio: 399\/287;\" \/><\/a><\/strong><\/p>\n<p><strong style=\"font-family: Arial, sans-serif; font-size: 14.6667px;\"><span style=\"font-size: 11pt; font-family: Arial, sans-serif;\"><strong><span style=\"font-size: 11pt;\"><span style=\"font-size: 11pt;\"><strong style=\"color: #ff0000; font-size: 14.4px;\"><strong style=\"font-size: 14.6667px;\"><span style=\"color: #000000;\">&nbsp; &nbsp; &nbsp; &nbsp; &nbsp; &nbsp; &nbsp; 3r Premi:&nbsp;<span style=\"font-size: 11pt; font-family: Arial, sans-serif;\">Ainara Ksobiech&nbsp;<\/span><\/span><\/strong><\/strong><\/span><\/span><\/strong><\/span><span style=\"font-size: 11pt; font-family: Arial, sans-serif;\"><strong><span style=\"font-size: 11pt;\"><span style=\"font-size: 11pt;\"><strong style=\"color: #ff0000; font-size: 14.4px;\"><strong style=\"font-size: 14.6667px;\"><span style=\"color: #000000;\">&nbsp; &nbsp; &nbsp;<\/span>&nbsp;&nbsp; &nbsp; &nbsp; &nbsp; &nbsp; &nbsp; &nbsp; &nbsp; &nbsp; &nbsp; &nbsp; &nbsp; &nbsp; &nbsp; &nbsp; &nbsp; &nbsp; &nbsp; <span style=\"color: #000000;\">&nbsp; &nbsp; &nbsp; &nbsp;&nbsp;<strong style=\"font-size: 14.6667px;\"><span style=\"font-size: 11pt;\">2n Premi:<\/span><\/strong>&nbsp;<span style=\"font-size: 11pt; font-family: Arial, sans-serif;\">Kima Vardanyan&nbsp;<\/span><span style=\"font-size: 11pt;\">&nbsp;<\/span><\/span><span style=\"font-size: 11pt;\"><span style=\"color: #000000;\">&nbsp; &nbsp;<\/span>&nbsp; &nbsp; &nbsp; &nbsp; &nbsp; &nbsp; &nbsp; &nbsp; &nbsp; &nbsp; &nbsp;<span style=\"font-size: 11pt; color: #000000;\">1r Premi:&nbsp;<span style=\"font-size: 11pt; font-family: Arial, sans-serif;\">Melany Lozano Dinescu&nbsp;<\/span><\/span><\/span><\/strong><\/strong><\/span><\/span><\/strong><\/span><\/strong><\/p>\n<p>&nbsp;<\/p>\n<p><strong style=\"font-family: Arial, sans-serif; font-size: 14.6667px;\"><span style=\"font-size: 11pt;\"><span style=\"font-size: 11pt;\"><strong style=\"color: #ff0000; font-size: 14.4px;\">TERCER CICLE D&#8217;EDUCACI\u00d3 PRIM\u00c0RIA<\/strong><\/span><\/span><\/strong><\/p>\n<p>&nbsp;<a href=\"https:\/\/alzira.es\/wp-content\/uploads\/2020\/11\/Lidia-requena-Blasco.pdf\" target=\"_blank\" rel=\"noopener\"><img decoding=\"async\" class=\"size-full wp-image-52582 lazyload\" data-src=\"https:\/\/alzira.es\/wp-content\/uploads\/2020\/11\/Lidia-requena-Blasco.jpg\" alt=\"Lidia requena Blasco\" width=\"400\" height=\"285\" data-srcset=\"https:\/\/alzira.es\/wp-content\/uploads\/2020\/11\/Lidia-requena-Blasco.jpg 933w, https:\/\/alzira.es\/wp-content\/uploads\/2020\/11\/Lidia-requena-Blasco-680x484.jpg 680w, https:\/\/alzira.es\/wp-content\/uploads\/2020\/11\/Lidia-requena-Blasco-768x547.jpg 768w\" data-sizes=\"(max-width: 400px) 100vw, 400px\" src=\"data:image\/svg+xml;base64,PHN2ZyB3aWR0aD0iMSIgaGVpZ2h0PSIxIiB4bWxucz0iaHR0cDovL3d3dy53My5vcmcvMjAwMC9zdmciPjwvc3ZnPg==\" style=\"--smush-placeholder-width: 400px; --smush-placeholder-aspect-ratio: 400\/285;\" \/><\/a>&nbsp; &nbsp; &nbsp; &nbsp; &nbsp;<a href=\"https:\/\/alzira.es\/wp-content\/uploads\/2020\/11\/Carles-Pastor-Suner.pdf\" target=\"_blank\" rel=\"noopener\"><img decoding=\"async\" class=\"size-full wp-image-52586 lazyload\" data-src=\"https:\/\/alzira.es\/wp-content\/uploads\/2020\/11\/Carles-Pastor-Suner.jpg\" alt=\"Carles Pastor Su\u00f1er\" width=\"400\" height=\"278\" data-srcset=\"https:\/\/alzira.es\/wp-content\/uploads\/2020\/11\/Carles-Pastor-Suner.jpg 909w, https:\/\/alzira.es\/wp-content\/uploads\/2020\/11\/Carles-Pastor-Suner-680x472.jpg 680w, https:\/\/alzira.es\/wp-content\/uploads\/2020\/11\/Carles-Pastor-Suner-768x533.jpg 768w\" data-sizes=\"(max-width: 400px) 100vw, 400px\" src=\"data:image\/svg+xml;base64,PHN2ZyB3aWR0aD0iMSIgaGVpZ2h0PSIxIiB4bWxucz0iaHR0cDovL3d3dy53My5vcmcvMjAwMC9zdmciPjwvc3ZnPg==\" style=\"--smush-placeholder-width: 400px; --smush-placeholder-aspect-ratio: 400\/278;\" \/><\/a>&nbsp; &nbsp; &nbsp; &nbsp; &nbsp;<a href=\"https:\/\/alzira.es\/wp-content\/uploads\/2020\/11\/Ainara-Perez-Moreno.pdf\" target=\"_blank\" rel=\"noopener\"><img decoding=\"async\" class=\"size-full wp-image-52590 lazyload\" data-src=\"https:\/\/alzira.es\/wp-content\/uploads\/2020\/11\/Ainara-Perez-Moreno.jpg\" alt=\"Ainara Perez Moreno\" width=\"400\" height=\"279\" data-srcset=\"https:\/\/alzira.es\/wp-content\/uploads\/2020\/11\/Ainara-Perez-Moreno.jpg 946w, https:\/\/alzira.es\/wp-content\/uploads\/2020\/11\/Ainara-Perez-Moreno-680x474.jpg 680w, https:\/\/alzira.es\/wp-content\/uploads\/2020\/11\/Ainara-Perez-Moreno-768x536.jpg 768w\" data-sizes=\"(max-width: 400px) 100vw, 400px\" src=\"data:image\/svg+xml;base64,PHN2ZyB3aWR0aD0iMSIgaGVpZ2h0PSIxIiB4bWxucz0iaHR0cDovL3d3dy53My5vcmcvMjAwMC9zdmciPjwvc3ZnPg==\" style=\"--smush-placeholder-width: 400px; --smush-placeholder-aspect-ratio: 400\/279;\" \/><\/a><\/p>\n<p>&nbsp;<strong style=\"font-family: Arial, sans-serif; font-size: 14.6667px;\"><span style=\"font-size: 11pt;\"><strong><span style=\"font-size: 11pt;\"><span style=\"font-size: 11pt;\"><strong style=\"color: #ff0000; font-size: 14.4px;\"><strong style=\"font-size: 14.6667px;\"><span style=\"color: #000000;\">&nbsp; &nbsp; &nbsp; &nbsp; &nbsp; &nbsp; &nbsp; &nbsp; 3r Premi:&nbsp;<span style=\"font-size: 11pt; font-family: Arial, sans-serif;\">Lidia Requena Blasco&nbsp;<\/span><\/span><\/strong><\/strong><\/span><\/span><\/strong><\/span><span style=\"font-size: 11pt;\"><strong><span style=\"font-size: 11pt;\"><span style=\"font-size: 11pt;\"><strong style=\"color: #ff0000; font-size: 14.4px;\"><strong style=\"font-size: 14.6667px;\"><span style=\"color: #000000;\">&nbsp; &nbsp;&nbsp;<\/span>&nbsp;&nbsp; &nbsp; &nbsp; &nbsp; &nbsp; &nbsp; &nbsp; &nbsp; &nbsp; &nbsp; &nbsp; &nbsp; &nbsp; &nbsp; &nbsp; &nbsp; &nbsp; &nbsp;&nbsp;<span style=\"color: #000000;\">&nbsp; &nbsp; &nbsp; &nbsp; &nbsp; &nbsp; &nbsp; &nbsp; &nbsp; &nbsp;<strong style=\"font-size: 14.6667px;\"><span style=\"font-size: 11pt;\">2n Premi:<\/span><\/strong>&nbsp;<span style=\"font-size: 11pt; font-family: Arial, sans-serif;\">Carles Pastor Su\u00f1er&nbsp;<\/span><\/span><span style=\"font-size: 11pt;\"><span style=\"color: #000000;\">&nbsp; &nbsp;<\/span>&nbsp; &nbsp; &nbsp; &nbsp; &nbsp; &nbsp; &nbsp; &nbsp; &nbsp; &nbsp; &nbsp; &nbsp; &nbsp; &nbsp; &nbsp; &nbsp; &nbsp; &nbsp; &nbsp; &nbsp; &nbsp; &nbsp;<span style=\"font-size: 11pt; color: #000000;\">1r Premi:&nbsp;<span style=\"font-size: 11pt; font-family: Arial, sans-serif;\">Ainara P\u00e9rez Moreno&nbsp;<\/span><\/span><\/span><\/strong><\/strong><\/span><\/span><\/strong><\/span><\/strong><\/p>\n<p>&nbsp;<\/p>\n<p><strong style=\"font-family: Arial, sans-serif; font-size: 14.6667px;\"><span style=\"font-size: 11pt;\"><strong><span style=\"font-size: 11pt;\"><span style=\"font-size: 11pt;\"><strong style=\"color: #ff0000; font-size: 14.4px;\"><strong style=\"font-size: 14.6667px;\"><span style=\"font-size: 11pt;\"><span style=\"font-size: 11pt; color: #000000;\"><span style=\"font-size: 11pt; font-family: Arial, sans-serif;\"><strong style=\"font-family: Arial, sans-serif; font-size: 14.6667px;\"><span style=\"font-size: 11pt;\"><span style=\"font-size: 11pt;\"><strong style=\"color: #ff0000; font-size: 14.4px;\">&nbsp;EDUCACI\u00d3 ESPECIAL<\/strong><\/span><\/span><\/strong><\/span><\/span><\/span><\/strong><\/strong><\/span><\/span><\/strong><\/span><\/strong><\/p>\n<p>&nbsp;<a href=\"https:\/\/alzira.es\/wp-content\/uploads\/2020\/11\/Sergi-fayos.pdf\" target=\"_blank\" rel=\"noopener\"><img decoding=\"async\" class=\"size-full wp-image-52594 lazyload\" data-src=\"https:\/\/alzira.es\/wp-content\/uploads\/2020\/11\/Sergi-fayos.jpg\" alt=\"Sergi fayos\" width=\"400\" height=\"276\" data-srcset=\"https:\/\/alzira.es\/wp-content\/uploads\/2020\/11\/Sergi-fayos.jpg 1250w, https:\/\/alzira.es\/wp-content\/uploads\/2020\/11\/Sergi-fayos-680x468.jpg 680w, https:\/\/alzira.es\/wp-content\/uploads\/2020\/11\/Sergi-fayos-768x529.jpg 768w\" data-sizes=\"(max-width: 400px) 100vw, 400px\" src=\"data:image\/svg+xml;base64,PHN2ZyB3aWR0aD0iMSIgaGVpZ2h0PSIxIiB4bWxucz0iaHR0cDovL3d3dy53My5vcmcvMjAwMC9zdmciPjwvc3ZnPg==\" style=\"--smush-placeholder-width: 400px; --smush-placeholder-aspect-ratio: 400\/276;\" \/><\/a>&nbsp; &nbsp; &nbsp; &nbsp; &nbsp;&nbsp;<a href=\"https:\/\/alzira.es\/wp-content\/uploads\/2020\/11\/Raul-Escandell.pdf\" target=\"_blank\" rel=\"noopener\"><img decoding=\"async\" class=\"size-full wp-image-52598 lazyload\" data-src=\"https:\/\/alzira.es\/wp-content\/uploads\/2020\/11\/Raul-Escandell.jpg\" alt=\"Raul Escandell\" width=\"400\" height=\"279\" data-srcset=\"https:\/\/alzira.es\/wp-content\/uploads\/2020\/11\/Raul-Escandell.jpg 954w, https:\/\/alzira.es\/wp-content\/uploads\/2020\/11\/Raul-Escandell-680x474.jpg 680w, https:\/\/alzira.es\/wp-content\/uploads\/2020\/11\/Raul-Escandell-768x535.jpg 768w\" data-sizes=\"(max-width: 400px) 100vw, 400px\" src=\"data:image\/svg+xml;base64,PHN2ZyB3aWR0aD0iMSIgaGVpZ2h0PSIxIiB4bWxucz0iaHR0cDovL3d3dy53My5vcmcvMjAwMC9zdmciPjwvc3ZnPg==\" style=\"--smush-placeholder-width: 400px; --smush-placeholder-aspect-ratio: 400\/279;\" \/><\/a>&nbsp; &nbsp; &nbsp; &nbsp; &nbsp; &nbsp;<a href=\"https:\/\/alzira.es\/wp-content\/uploads\/2020\/11\/Jeronimo-Moreno-Barbera.pdf\" target=\"_blank\" rel=\"noopener\"><img decoding=\"async\" class=\"size-full wp-image-52602 lazyload\" data-src=\"https:\/\/alzira.es\/wp-content\/uploads\/2020\/11\/Jeronimo-Moreno-Barbera.jpg\" alt=\"Jeronimo Moreno Barbera\" width=\"206\" height=\"297\" data-srcset=\"https:\/\/alzira.es\/wp-content\/uploads\/2020\/11\/Jeronimo-Moreno-Barbera.jpg 431w, https:\/\/alzira.es\/wp-content\/uploads\/2020\/11\/Jeronimo-Moreno-Barbera-354x510.jpg 354w\" data-sizes=\"(max-width: 206px) 100vw, 206px\" src=\"data:image\/svg+xml;base64,PHN2ZyB3aWR0aD0iMSIgaGVpZ2h0PSIxIiB4bWxucz0iaHR0cDovL3d3dy53My5vcmcvMjAwMC9zdmciPjwvc3ZnPg==\" style=\"--smush-placeholder-width: 206px; --smush-placeholder-aspect-ratio: 206\/297;\" \/><\/a><\/p>\n<p><strong style=\"font-family: Arial, sans-serif; font-size: 14.6667px;\"><span style=\"font-size: 11pt;\"><strong><span style=\"font-size: 11pt;\"><span style=\"font-size: 11pt;\"><strong style=\"color: #ff0000; font-size: 14.4px;\"><strong style=\"font-size: 14.6667px;\"><span style=\"font-size: 11pt;\"><span style=\"font-size: 11pt; color: #000000;\"><span style=\"font-size: 11pt; font-family: Arial, sans-serif;\"><strong style=\"font-family: Arial, sans-serif; font-size: 14.6667px;\"><span style=\"font-size: 11pt;\"><strong><span style=\"font-size: 11pt;\"><span style=\"font-size: 11pt;\"><strong style=\"color: #ff0000; font-size: 14.4px;\"><strong style=\"font-size: 14.6667px;\"><span style=\"color: #000000;\">&nbsp; &nbsp; &nbsp; &nbsp; &nbsp; 3r Premi:&nbsp;<span style=\"font-size: 11pt; font-family: Arial, sans-serif;\">Sergi Fayos Ortega&nbsp;<\/span><\/span><\/strong><\/strong><\/span><\/span><\/strong><\/span><span style=\"font-size: 11pt;\"><strong><span style=\"font-size: 11pt;\"><span style=\"font-size: 11pt;\"><strong style=\"color: #ff0000; font-size: 14.4px;\"><strong style=\"font-size: 14.6667px;\"><span style=\"color: #000000;\">&nbsp; &nbsp;&nbsp;<\/span>&nbsp;&nbsp; &nbsp; &nbsp; &nbsp; &nbsp; &nbsp; &nbsp; &nbsp; &nbsp; &nbsp; &nbsp; &nbsp; &nbsp; &nbsp; &nbsp; &nbsp; &nbsp; &nbsp;&nbsp;<span style=\"color: #000000;\">&nbsp; &nbsp; &nbsp; &nbsp; &nbsp; &nbsp; &nbsp; &nbsp; &nbsp; &nbsp;<strong style=\"font-size: 14.6667px;\"><span style=\"font-size: 11pt;\">2n Premi:<\/span><\/strong>&nbsp;<span style=\"font-size: 11pt; font-family: Arial, sans-serif;\">Raul Escandell Climent&nbsp;<\/span><\/span><span style=\"font-size: 11pt;\"><span style=\"color: #000000;\">&nbsp;<\/span>&nbsp; &nbsp; &nbsp; &nbsp; &nbsp; &nbsp; &nbsp; &nbsp; &nbsp; &nbsp; &nbsp; &nbsp; &nbsp; &nbsp; &nbsp; &nbsp; &nbsp; &nbsp;<span style=\"font-size: 11pt; color: #000000;\">1r Premi:&nbsp;<span style=\"font-size: 11pt; font-family: Arial, sans-serif;\">Jer\u00f3nimo Moreno Barber\u00e1&nbsp;<\/span><\/span><\/span><\/strong><\/strong><\/span><\/span><\/strong><\/span><\/strong><\/span><\/span><\/span><\/strong><\/strong><\/span><\/span><\/strong><\/span><\/strong><\/p>\n<p>&nbsp;<\/p>\n<p><strong style=\"font-family: Arial, sans-serif; font-size: 14.6667px;\"><span style=\"font-size: 11pt;\"><strong><span style=\"font-size: 11pt;\"><span style=\"font-size: 11pt;\"><strong style=\"color: #ff0000; font-size: 14.4px;\"><strong style=\"font-size: 14.6667px;\"><span style=\"font-size: 11pt;\"><span style=\"font-size: 11pt; color: #000000;\"><span style=\"font-size: 11pt;\"><strong style=\"font-size: 14.6667px;\"><span style=\"font-size: 11pt;\"><span style=\"font-size: 11pt;\"><strong style=\"color: #ff0000; font-size: 14.4px;\"><strong style=\"font-family: Arial, sans-serif; font-size: 14.6667px;\"><span style=\"font-size: 11pt;\"><strong><span style=\"font-size: 11pt;\"><span style=\"font-size: 11pt;\"><strong style=\"color: #ff0000; font-size: 14.4px;\"><strong style=\"font-size: 14.6667px;\"><span style=\"font-size: 11pt;\"><span style=\"font-size: 11pt; color: #000000;\"><span style=\"font-size: 11pt;\"><strong style=\"font-size: 14.6667px;\"><span style=\"font-size: 11pt;\"><span style=\"font-size: 11pt;\"><strong style=\"color: #ff0000; font-size: 14.4px;\">EDUCACI\u00d3 SECUND\u00c0RIA OBLIGAT\u00d2RIA<\/strong><\/span><\/span><\/strong><\/span><\/span><\/span><\/strong><\/strong><\/span><\/span><\/strong><\/span><\/strong><br \/><\/strong><\/span><\/span><\/strong><\/span><\/span><\/span><\/strong><\/strong><\/span><\/span><\/strong><\/span><\/strong><\/p>\n<p><a href=\"https:\/\/alzira.es\/wp-content\/uploads\/2020\/11\/Laura-Calatayud-Pellicer.pdf\" target=\"_blank\" rel=\"noopener\"><img decoding=\"async\" class=\"size-full wp-image-52606 lazyload\" data-src=\"https:\/\/alzira.es\/wp-content\/uploads\/2020\/11\/Laura-Calatayud-Pellicer.jpg\" alt=\"Laura Calatayud Pellicer\" width=\"400\" height=\"281\" data-srcset=\"https:\/\/alzira.es\/wp-content\/uploads\/2020\/11\/Laura-Calatayud-Pellicer.jpg 945w, https:\/\/alzira.es\/wp-content\/uploads\/2020\/11\/Laura-Calatayud-Pellicer-680x477.jpg 680w, https:\/\/alzira.es\/wp-content\/uploads\/2020\/11\/Laura-Calatayud-Pellicer-768x539.jpg 768w\" data-sizes=\"(max-width: 400px) 100vw, 400px\" src=\"data:image\/svg+xml;base64,PHN2ZyB3aWR0aD0iMSIgaGVpZ2h0PSIxIiB4bWxucz0iaHR0cDovL3d3dy53My5vcmcvMjAwMC9zdmciPjwvc3ZnPg==\" style=\"--smush-placeholder-width: 400px; --smush-placeholder-aspect-ratio: 400\/281;\" \/><\/a>&nbsp; &nbsp; &nbsp; &nbsp; &nbsp; &nbsp;<a href=\"https:\/\/alzira.es\/wp-content\/uploads\/2020\/11\/Yolanda-M.-garcia-Gimenez.pdf\" target=\"_blank\" rel=\"noopener\"><img decoding=\"async\" class=\"size-full wp-image-52610 lazyload\" data-src=\"https:\/\/alzira.es\/wp-content\/uploads\/2020\/11\/Yolanda-M.-garcia-Gimenez.jpg\" alt=\"Yolanda M. garcia Gimenez\" width=\"209\" height=\"298\" data-srcset=\"https:\/\/alzira.es\/wp-content\/uploads\/2020\/11\/Yolanda-M.-garcia-Gimenez.jpg 444w, https:\/\/alzira.es\/wp-content\/uploads\/2020\/11\/Yolanda-M.-garcia-Gimenez-357x510.jpg 357w\" data-sizes=\"(max-width: 209px) 100vw, 209px\" src=\"data:image\/svg+xml;base64,PHN2ZyB3aWR0aD0iMSIgaGVpZ2h0PSIxIiB4bWxucz0iaHR0cDovL3d3dy53My5vcmcvMjAwMC9zdmciPjwvc3ZnPg==\" style=\"--smush-placeholder-width: 209px; --smush-placeholder-aspect-ratio: 209\/298;\" \/><\/a>&nbsp; &nbsp; &nbsp; &nbsp; &nbsp; &nbsp; &nbsp; &nbsp;<a href=\"https:\/\/alzira.es\/wp-content\/uploads\/2020\/11\/Ana-Martinez-Suner.pdf\" target=\"_blank\" rel=\"noopener\"><img decoding=\"async\" class=\"size-full wp-image-52614 lazyload\" data-src=\"https:\/\/alzira.es\/wp-content\/uploads\/2020\/11\/Ana-Martinez-Suner.jpg\" alt=\"Ana Martinez Su\u00f1er\" width=\"214\" height=\"302\" data-srcset=\"https:\/\/alzira.es\/wp-content\/uploads\/2020\/11\/Ana-Martinez-Suner.jpg 629w, https:\/\/alzira.es\/wp-content\/uploads\/2020\/11\/Ana-Martinez-Suner-362x510.jpg 362w\" data-sizes=\"(max-width: 214px) 100vw, 214px\" src=\"data:image\/svg+xml;base64,PHN2ZyB3aWR0aD0iMSIgaGVpZ2h0PSIxIiB4bWxucz0iaHR0cDovL3d3dy53My5vcmcvMjAwMC9zdmciPjwvc3ZnPg==\" style=\"--smush-placeholder-width: 214px; --smush-placeholder-aspect-ratio: 214\/302;\" \/><\/a><\/p>\n<p><strong style=\"font-family: Arial, sans-serif; font-size: 14.6667px;\"><span style=\"font-size: 11pt;\"><strong><span style=\"font-size: 11pt;\"><span style=\"font-size: 11pt;\"><strong style=\"color: #ff0000; font-size: 14.4px;\"><strong style=\"font-size: 14.6667px;\"><span style=\"font-size: 11pt;\"><span style=\"font-size: 11pt; color: #000000;\"><span style=\"font-size: 11pt;\"><strong style=\"font-size: 14.6667px;\"><span style=\"font-size: 11pt;\"><strong><span style=\"font-size: 11pt;\"><span style=\"font-size: 11pt;\"><strong style=\"color: #ff0000; font-size: 14.4px;\"><strong style=\"font-size: 14.6667px;\"><span style=\"color: #000000;\">&nbsp; &nbsp; &nbsp; &nbsp; &nbsp; &nbsp;3r Premi:&nbsp;<span style=\"font-size: 11pt; font-family: Arial, sans-serif;\">Laura Calatayud Pellicer&nbsp;<\/span><span style=\"font-size: 11pt;\">&nbsp;<\/span><\/span><\/strong><\/strong><\/span><\/span><\/strong><\/span><span style=\"font-size: 11pt;\"><strong><span style=\"font-size: 11pt;\"><span style=\"font-size: 11pt;\"><strong style=\"color: #ff0000; font-size: 14.4px;\"><strong style=\"font-size: 14.6667px;\"><span style=\"color: #000000;\">&nbsp; &nbsp;&nbsp;<\/span>&nbsp;&nbsp; &nbsp; &nbsp; &nbsp; &nbsp; &nbsp; &nbsp; &nbsp; &nbsp; &nbsp; &nbsp; &nbsp; &nbsp; &nbsp;<span style=\"color: #000000;\"><strong style=\"font-size: 14.6667px;\"><span style=\"font-size: 11pt;\">2n Premi:<\/span><\/strong>&nbsp;<span style=\"font-size: 11pt; font-family: Arial, sans-serif;\">Yolanda M\u00aa Garc\u00eda Gim\u00e9nez&nbsp;<\/span><\/span><span style=\"font-size: 11pt;\">&nbsp; &nbsp; &nbsp; &nbsp; &nbsp;<span style=\"font-size: 11pt; color: #000000;\">1r Premi:&nbsp;<span style=\"font-size: 11pt; font-family: Arial, sans-serif;\">: Ana Mart\u00ednez Su\u00f1er&nbsp;<\/span><\/span><\/span><\/strong><\/strong><\/span><\/span><\/strong><\/span><\/strong><\/span><\/span><\/span><\/strong><\/strong><\/span><\/span><\/strong><\/span><\/strong><\/p>\n<p><br style=\"font-size: 14.4px;\" \/><\/p>\n<p><strong style=\"font-family: Arial, sans-serif; font-size: 14.6667px;\"><span style=\"font-size: 11pt;\"><strong><span style=\"font-size: 11pt;\"><span style=\"font-size: 11pt;\"><strong style=\"color: #ff0000; font-size: 14.4px;\"><strong style=\"font-size: 14.6667px;\"><span style=\"font-size: 11pt;\"><span style=\"font-size: 11pt; color: #000000;\"><span style=\"font-size: 11pt;\"><strong style=\"font-size: 14.6667px;\"><span style=\"font-size: 11pt;\"><span style=\"font-size: 11pt;\"><strong style=\"color: #ff0000; font-size: 14.4px;\">&nbsp;&nbsp;<strong style=\"font-family: Arial, sans-serif; font-size: 14.6667px;\"><span style=\"font-size: 11pt;\"><strong><span style=\"font-size: 11pt;\"><span style=\"font-size: 11pt;\"><strong style=\"color: #ff0000; font-size: 14.4px;\"><strong style=\"font-size: 14.6667px;\"><span style=\"font-size: 11pt;\"><span style=\"font-size: 11pt; color: #000000;\"><span style=\"font-size: 11pt;\"><strong style=\"font-size: 14.6667px;\"><span style=\"font-size: 11pt;\"><span style=\"font-size: 11pt;\"><strong style=\"color: #ff0000; font-size: 14.4px;\">&nbsp;BATXILLERAT<\/strong><\/span><\/span><\/strong><\/span><\/span><\/span><\/strong><\/strong><\/span><\/span><\/strong><\/span><\/strong><\/strong><\/span><\/span><\/strong><\/span><\/span><\/span><\/strong><\/strong><\/span><\/span><\/strong><\/span><\/strong><\/p>\n<p>&nbsp; &nbsp; &nbsp; &nbsp; &nbsp;&nbsp;<a href=\"https:\/\/alzira.es\/wp-content\/uploads\/2020\/11\/Yulema-talavera.pdf\" target=\"_blank\" rel=\"noopener\"><img decoding=\"async\" class=\"size-full wp-image-52618 lazyload\" data-src=\"https:\/\/alzira.es\/wp-content\/uploads\/2020\/11\/Yulema-talavera.jpg\" alt=\"Yulema talavera\" width=\"206\" height=\"294\" data-srcset=\"https:\/\/alzira.es\/wp-content\/uploads\/2020\/11\/Yulema-talavera.jpg 627w, https:\/\/alzira.es\/wp-content\/uploads\/2020\/11\/Yulema-talavera-358x510.jpg 358w\" data-sizes=\"(max-width: 206px) 100vw, 206px\" src=\"data:image\/svg+xml;base64,PHN2ZyB3aWR0aD0iMSIgaGVpZ2h0PSIxIiB4bWxucz0iaHR0cDovL3d3dy53My5vcmcvMjAwMC9zdmciPjwvc3ZnPg==\" style=\"--smush-placeholder-width: 206px; --smush-placeholder-aspect-ratio: 206\/294;\" \/><\/a>&nbsp; &nbsp; &nbsp; &nbsp; &nbsp;&nbsp;<a href=\"https:\/\/alzira.es\/wp-content\/uploads\/2020\/11\/Lucia-Climent-Ribera.pdf\" target=\"_blank\" rel=\"noopener\"><img decoding=\"async\" class=\"size-full wp-image-52622 lazyload\" data-src=\"https:\/\/alzira.es\/wp-content\/uploads\/2020\/11\/Lucia-Climent-Ribera.jpg\" alt=\"Lucia Climent Ribera\" width=\"203\" height=\"289\" data-srcset=\"https:\/\/alzira.es\/wp-content\/uploads\/2020\/11\/Lucia-Climent-Ribera.jpg 443w, https:\/\/alzira.es\/wp-content\/uploads\/2020\/11\/Lucia-Climent-Ribera-359x510.jpg 359w\" data-sizes=\"(max-width: 203px) 100vw, 203px\" src=\"data:image\/svg+xml;base64,PHN2ZyB3aWR0aD0iMSIgaGVpZ2h0PSIxIiB4bWxucz0iaHR0cDovL3d3dy53My5vcmcvMjAwMC9zdmciPjwvc3ZnPg==\" style=\"--smush-placeholder-width: 203px; --smush-placeholder-aspect-ratio: 203\/289;\" \/><\/a>&nbsp; &nbsp; &nbsp; &nbsp; &nbsp; &nbsp;<a href=\"https:\/\/alzira.es\/wp-content\/uploads\/2020\/11\/Roser-Sancho-Lorenzo.pdf\" target=\"_blank\" rel=\"noopener\"><img decoding=\"async\" class=\"size-full wp-image-52626 lazyload\" data-src=\"https:\/\/alzira.es\/wp-content\/uploads\/2020\/11\/Roser-Sancho-Lorenzo.jpg\" alt=\"Roser Sancho Lorenzo\" width=\"400\" height=\"282\" data-srcset=\"https:\/\/alzira.es\/wp-content\/uploads\/2020\/11\/Roser-Sancho-Lorenzo.jpg 945w, https:\/\/alzira.es\/wp-content\/uploads\/2020\/11\/Roser-Sancho-Lorenzo-680x480.jpg 680w, https:\/\/alzira.es\/wp-content\/uploads\/2020\/11\/Roser-Sancho-Lorenzo-768x542.jpg 768w\" data-sizes=\"(max-width: 400px) 100vw, 400px\" src=\"data:image\/svg+xml;base64,PHN2ZyB3aWR0aD0iMSIgaGVpZ2h0PSIxIiB4bWxucz0iaHR0cDovL3d3dy53My5vcmcvMjAwMC9zdmciPjwvc3ZnPg==\" style=\"--smush-placeholder-width: 400px; --smush-placeholder-aspect-ratio: 400\/282;\" \/><\/a><\/p>\n<p><strong style=\"font-family: Arial, sans-serif; font-size: 14.6667px;\"><span style=\"font-size: 11pt;\"><strong><span style=\"font-size: 11pt;\"><span style=\"font-size: 11pt;\"><strong style=\"color: #ff0000; font-size: 14.4px;\"><strong style=\"font-size: 14.6667px;\"><span style=\"font-size: 11pt;\"><span style=\"font-size: 11pt; color: #000000;\"><span style=\"font-size: 11pt;\"><strong style=\"font-size: 14.6667px;\"><span style=\"font-size: 11pt;\"><strong><span style=\"font-size: 11pt;\"><span style=\"font-size: 11pt;\"><strong style=\"color: #ff0000; font-size: 14.4px;\"><strong style=\"font-size: 14.6667px;\"><span style=\"color: #000000;\">&nbsp; &nbsp; &nbsp; &nbsp;3r Premi:&nbsp;<span style=\"font-size: 11pt; font-family: Arial, sans-serif;\">Yulema Talavera P\u00e9rez&nbsp;<\/span><\/span><\/strong><\/strong><\/span><\/span><\/strong><\/span><span style=\"font-size: 11pt;\"><strong><span style=\"font-size: 11pt;\"><span style=\"font-size: 11pt;\"><strong style=\"color: #ff0000; font-size: 14.4px;\"><strong style=\"font-size: 14.6667px;\"><span style=\"color: #000000;\">&nbsp; &nbsp;&nbsp;<\/span>&nbsp;&nbsp; &nbsp; <span style=\"color: #000000;\"><strong style=\"font-size: 14.6667px;\"><span style=\"font-size: 11pt;\">2n Premi:<\/span><\/strong>&nbsp;<span style=\"font-size: 11pt; font-family: Arial, sans-serif;\">Luc\u00eda Climent Ribera&nbsp;<\/span><\/span><span style=\"font-size: 11pt;\">&nbsp; &nbsp; &nbsp; &nbsp; &nbsp; &nbsp; &nbsp; &nbsp; &nbsp; &nbsp; &nbsp; &nbsp; &nbsp; &nbsp; &nbsp;&nbsp;<span style=\"font-size: 11pt; color: #000000;\">1r Premi<span style=\"font-size: 11pt;\">:&nbsp;<span style=\"font-size: 11pt; font-family: Arial, sans-serif;\">Roser Sancho Lorenzo&nbsp;<\/span>&nbsp;<\/span><\/span><\/span><\/strong><\/strong><\/span><\/span><\/strong><\/span><\/strong><\/span><\/span><\/span><\/strong><\/strong><\/span><\/span><\/strong><\/span><\/strong><\/p>\n<p>&nbsp;<\/p>\n","protected":false},"excerpt":{"rendered":"<p>SEGON CICLE D&#8217;EDUCACI\u00d3 INFANTIL &nbsp; &nbsp;&nbsp;&nbsp; &nbsp; &nbsp; &nbsp; &nbsp; &nbsp; &nbsp; &nbsp; &nbsp; &nbsp; &nbsp; &nbsp; &nbsp; &nbsp; &nbsp; 3r Premi: Vega Ca\u00f1adillas Bueno&nbsp; &nbsp; &nbsp; &nbsp; &nbsp; &nbsp; &nbsp; &nbsp; &nbsp; &nbsp; &nbsp; &nbsp; &nbsp; &nbsp;2n Premi: Agustina Merli Beato&nbsp; &nbsp; &nbsp; &nbsp; &nbsp; &nbsp; &nbsp; &nbsp; &nbsp; &nbsp; &nbsp; &nbsp; &nbsp; &nbsp;1r &hellip; <\/p>\n<p class=\"link-more\"><a href=\"https:\/\/alzira.es\/es\/dibujos-premiados-en-el-xx-concurso-escolar-2\/\" class=\"more-link\">Continuar leyendo<span class=\"screen-reader-text\"> \u00abDibuixos premiats en el XX Concus Escolar\u00bb<\/span><\/a><\/p>\n","protected":false},"author":20,"featured_media":0,"comment_status":"","ping_status":"","sticky":false,"template":"","format":"standard","meta":{"_acf_changed":false,"footnotes":""},"categories":[],"tags":[],"class_list":["post-52629","post","type-post","status-publish","format-standard","hentry"],"acf":[],"_links":{"self":[{"href":"https:\/\/alzira.es\/es\/wp-json\/wp\/v2\/posts\/52629","targetHints":{"allow":["GET"]}}],"collection":[{"href":"https:\/\/alzira.es\/es\/wp-json\/wp\/v2\/posts"}],"about":[{"href":"https:\/\/alzira.es\/es\/wp-json\/wp\/v2\/types\/post"}],"author":[{"embeddable":true,"href":"https:\/\/alzira.es\/es\/wp-json\/wp\/v2\/users\/20"}],"replies":[{"embeddable":true,"href":"https:\/\/alzira.es\/es\/wp-json\/wp\/v2\/comments?post=52629"}],"version-history":[{"count":0,"href":"https:\/\/alzira.es\/es\/wp-json\/wp\/v2\/posts\/52629\/revisions"}],"wp:attachment":[{"href":"https:\/\/alzira.es\/es\/wp-json\/wp\/v2\/media?parent=52629"}],"wp:term":[{"taxonomy":"category","embeddable":true,"href":"https:\/\/alzira.es\/es\/wp-json\/wp\/v2\/categories?post=52629"},{"taxonomy":"post_tag","embeddable":true,"href":"https:\/\/alzira.es\/es\/wp-json\/wp\/v2\/tags?post=52629"}],"curies":[{"name":"wp","href":"https:\/\/api.w.org\/{rel}","templated":true}]}}