{"id":52537,"date":"2020-11-25T08:00:00","date_gmt":"2020-11-25T07:00:00","guid":{"rendered":"https:\/\/alzira.es\/convocatoria-seleccion-personal-directivo-docente-y-auxiliar-administrativo-del-taller-de-ocupacion-t-estime-2020-2\/"},"modified":"2020-11-25T08:00:00","modified_gmt":"2020-11-25T07:00:00","slug":"convocatoria-seleccion-personal-directivo-docente-y-auxiliar-administrativo-del-taller-de-ocupacion-t-estime-2020-2","status":"publish","type":"post","link":"https:\/\/alzira.es\/es\/convocatoria-seleccion-personal-directivo-docente-y-auxiliar-administrativo-del-taller-de-ocupacion-t-estime-2020-2\/","title":{"rendered":"Convocat\u00f2ria selecci\u00f3 Personal Directiu, Docent i Auxiliar Administratiu del Taller d\u2019Ocupaci\u00f3 T\u2019ESTIME 2020"},"content":{"rendered":"<p style=\"text-align: justify;\"><span style=\"text-decoration: underline;\">SELECCI\u00d3N PERSONAL<\/span><\/p>\n<p style=\"text-align: justify;\"><span style=\"color: #ff6600;\"><strong>Plazo de presentaci\u00f3n de solicitudes: Del 25 de noviembre al 1 de diciembre (ambos inclusive).<\/strong><\/span><\/p>\n<p style=\"text-align: justify;\">Presentaci\u00f3n telem\u00e1tica en la sede electr\u00f3nica del Ayuntamiento de Alzira: <a href=\"https:\/\/bit.ly\/2DARhib\" target=\"_blank\" rel=\"noopener\"><strong><em>https:\/\/bit.ly\/2DARhib<\/em><\/strong><\/a>, preferentemente, as\u00ed como en la CLAU: Oficina de Atenci\u00f3n a la ciudadan\u00eda de esta entidad, mediante cita previa: <a href=\"https:\/\/citaprevia.alzira.es\" target=\"_blank\" rel=\"noopener\"><strong><em>https:\/\/citaprevia.alzira.es<\/em><\/strong><\/a><a href=\"https:\/\/citaprevia.alzira.es\" target=\"_blank\" rel=\"noopener\">https:\/\/citaprevia.alzira.es<\/a>.<\/p>\n<p style=\"text-align: justify;\"><span style=\"font-size: 14.4px;\">En caso de presentaci\u00f3n en cualquiera de los registros p\u00fablicos permitidos por la Ley 39\/2015, las candidatas y candidatos deber\u00e1n adelantar la solicitud y documentaci\u00f3n presentada a esta entidad en el siguiente correo electr\u00f3nico: formacion.idea@alzira.es<\/span><\/p>\n<p style=\"text-align: justify;\">Se ruega a los interesados que sigan las instrucciones de presentaci\u00f3n de solicitudes y documentaci\u00f3n seg\u00fan lo establecido en la Base Sexta de las reguladoras de este proceso de selecci\u00f3n. Ser\u00e1n inadmitidas las solicitudes que no se ajusten a este procedimiento.<\/p>\n<p style=\"text-align: justify; margin-left: 30px;\"><strong><span style=\"text-decoration: underline;\">M\u00c1S INFORMACI\u00d3N:<\/span><\/strong><\/p>\n<p style=\"text-align: justify; margin-left: 60px;\"><a href=\"https:\/\/www.idea-alzira.com\/testime\" target=\"_blank\" rel=\"noopener\"><em><strong>https:\/\/www.idea-alzira.com\/testime<\/strong><\/em><\/a><\/p>\n<p style=\"text-align: justify; margin-left: 60px;\">&nbsp;<\/p>\n<p style=\"text-align: center;\"><a href=\"https:\/\/www.idea-alzira.com\/testime\" target=\"_blank\" rel=\"noopener\"><img fetchpriority=\"high\" decoding=\"async\" width=\"321\" height=\"298\" class=\" size-full wp-image-52534\" src=\"https:\/\/alzira.es\/wp-content\/uploads\/2020\/11\/t_estime.png\" alt=\"t estime\" \/><\/a><\/p>\n","protected":false},"excerpt":{"rendered":"<p>SELECCI\u00d3N PERSONAL Plazo de presentaci\u00f3n de solicitudes: Del 25 de noviembre al 1 de diciembre (ambos inclusive). Presentaci\u00f3n telem\u00e1tica en la sede electr\u00f3nica del Ayuntamiento de Alzira: https:\/\/bit.ly\/2DARhib, preferentemente, as\u00ed como en la CLAU: Oficina de Atenci\u00f3n a la ciudadan\u00eda de esta entidad, mediante cita previa: https:\/\/citaprevia.alzira.eshttps:\/\/citaprevia.alzira.es. En caso de presentaci\u00f3n en cualquiera de los &hellip; <\/p>\n<p class=\"link-more\"><a href=\"https:\/\/alzira.es\/es\/convocatoria-seleccion-personal-directivo-docente-y-auxiliar-administrativo-del-taller-de-ocupacion-t-estime-2020-2\/\" class=\"more-link\">Continuar leyendo<span class=\"screen-reader-text\"> \u00abConvocat\u00f2ria selecci\u00f3 Personal Directiu, Docent i Auxiliar Administratiu del Taller d\u2019Ocupaci\u00f3 T\u2019ESTIME 2020\u00bb<\/span><\/a><\/p>\n","protected":false},"author":29,"featured_media":52534,"comment_status":"","ping_status":"","sticky":false,"template":"","format":"standard","meta":{"_acf_changed":false,"footnotes":""},"categories":[],"tags":[],"class_list":["post-52537","post","type-post","status-publish","format-standard","has-post-thumbnail","hentry"],"acf":[],"_links":{"self":[{"href":"https:\/\/alzira.es\/es\/wp-json\/wp\/v2\/posts\/52537","targetHints":{"allow":["GET"]}}],"collection":[{"href":"https:\/\/alzira.es\/es\/wp-json\/wp\/v2\/posts"}],"about":[{"href":"https:\/\/alzira.es\/es\/wp-json\/wp\/v2\/types\/post"}],"author":[{"embeddable":true,"href":"https:\/\/alzira.es\/es\/wp-json\/wp\/v2\/users\/29"}],"replies":[{"embeddable":true,"href":"https:\/\/alzira.es\/es\/wp-json\/wp\/v2\/comments?post=52537"}],"version-history":[{"count":0,"href":"https:\/\/alzira.es\/es\/wp-json\/wp\/v2\/posts\/52537\/revisions"}],"wp:featuredmedia":[{"embeddable":true,"href":"https:\/\/alzira.es\/es\/wp-json\/wp\/v2\/media\/52534"}],"wp:attachment":[{"href":"https:\/\/alzira.es\/es\/wp-json\/wp\/v2\/media?parent=52537"}],"wp:term":[{"taxonomy":"category","embeddable":true,"href":"https:\/\/alzira.es\/es\/wp-json\/wp\/v2\/categories?post=52537"},{"taxonomy":"post_tag","embeddable":true,"href":"https:\/\/alzira.es\/es\/wp-json\/wp\/v2\/tags?post=52537"}],"curies":[{"name":"wp","href":"https:\/\/api.w.org\/{rel}","templated":true}]}}