{"id":52533,"date":"2020-11-24T13:06:02","date_gmt":"2020-11-24T12:06:02","guid":{"rendered":"https:\/\/alzira.es\/alzira-es-convertix-en-el-primer-municipi-de-la-provincia-en-liderar-la-recollida-de-selectiva-2\/"},"modified":"2020-11-24T13:06:02","modified_gmt":"2020-11-24T12:06:02","slug":"alzira-es-convertix-en-el-primer-municipi-de-la-provincia-en-liderar-la-recollida-de-selectiva-2","status":"publish","type":"post","link":"https:\/\/alzira.es\/es\/alzira-es-convertix-en-el-primer-municipi-de-la-provincia-en-liderar-la-recollida-de-selectiva-2\/","title":{"rendered":"Alzira es convertix en el primer municipi de la prov\u00edncia en liderar la recollida de selectiva"},"content":{"rendered":"<p>El contenidor marr\u00f3 per a l&#8217;arreplegada del fem org\u00e0nic es va implantar per part de la Regidoria de Serveis Urbans de l&#8217;Ajuntament d&#8217;Alzira en gener de 2018. Com a per\u00edode de prova les primeres zones de la nostra ciutat en comptar amb este servei van ser l&#8217;avinguda Sants Patrons, l&#8217;avinguda Luis Su\u00f1er i voltants del carrer Gabriela Mistral, aix\u00ed com la zona del parc de l&#8217;Alquen\u00e8ncia.<\/p>\n<p>Un any despr\u00e9s de la seua implantaci\u00f3 en les zones d&#8217;Alzira esmentades, en gener de 2019, s&#8217;havien arreplegat 31 tones de mat\u00e8ria org\u00e0nica, donat com positiva l&#8217;experi\u00e8ncia que de manera volunt\u00e0ria es va voler implantar a Alzira. Ara mab la implementaci\u00f3 dels contenidor marrons Alzira es convertix en el primer municipi de la prov\u00edncia de Val\u00e8ncia en liderar este tipus de recollida selectiva. Amb els contenidors marrons es complix la Normativa Ambiental Europea m\u00e9s exigent i el Pla Integral de Residus de la Comunitat Valenciana.<\/p>\n<p>La societat est\u00e0 ara molt m\u00e9s sensibilitzada que fa uns anys en la necessitat de separar, no obstant aix\u00f2 es va a realitzar una nova campanya d&#8217;Alzira <strong>Jo Recicle<\/strong> per tal d&#8217;explicar, una vegada m\u00e9s les bondats de reciclar. El carrer Hort dels Frares, a l&#8217;altura de la pla\u00e7a Major; Benito P\u00e9rez Gald\u00f3s, a l&#8217;altura de Mercadona; i l&#8217;esplanada de l&#8217;Escola d&#8217;Adults, s\u00f3n els tres llocs de la ciutat on s&#8217;instal\u00b7lar\u00e0 la carpa informativa per apropar als ciutadans els beneficis de separar el fem org\u00e0nic al contenidor marr\u00f3. La carpa estar\u00e0 dotada del Pla de Conting\u00e8ncia Especial per la situaci\u00f3 de la Covid-19, amb totes les mesures higi\u00e8niques i de protecci\u00f3 per a les persones.<br \/><strong>Fernando Pascual<\/strong>, regidor de Serveis Urbans, ha informat que \u00abla intenci\u00f3 es seguir amb les campanyes de conscienciaci\u00f3 al voltant del reciclatge al llarg del 2021 per de fer d&#8217;Alzira una ciutat neta, moderna i compromesa amb la conscienciaci\u00f3 ecol\u00f2gica i medi ambiental\u00bb, a m\u00e9s ha afegit que \u00abLes restes de mat\u00e8ria org\u00e0nica s&#8217;aprofiten per a fabricar compost; el fet de donar utilitat al fem org\u00e0nic ens convertix en una poblaci\u00f3 que mira cap al futur conscienciats en la necessitat de cuidar el nostre entorn i ser responsables amb la sostenibilitat\u00bb, segons el regidor.<\/p>\n<p>Si seguim amb l&#8217;actual ritme de reciclatge Alzira pot convertir-se en un referent, en model de ciutat, pel simple fet de posar en pr\u00e0ctica una activitat quotidiana, senzilla i gratificant com \u00e9s el reciclar i de la que poden ser part\u00edcips tots els membres de la fam\u00edlia, incl\u00f2s els m\u00e9s menuts de la casa.<\/p>\n<p style=\"text-align: center;\"><img fetchpriority=\"high\" decoding=\"async\" class=\" size-full wp-image-52530\" src=\"https:\/\/alzira.es\/wp-content\/uploads\/2020\/11\/20201124_113406.jpg\" alt=\"20201124 113406\" width=\"500\" height=\"225\" srcset=\"https:\/\/alzira.es\/wp-content\/uploads\/2020\/11\/20201124_113406.jpg 1332w, https:\/\/alzira.es\/wp-content\/uploads\/2020\/11\/20201124_113406-680x306.jpg 680w, https:\/\/alzira.es\/wp-content\/uploads\/2020\/11\/20201124_113406-768x346.jpg 768w\" sizes=\"(max-width: 500px) 100vw, 500px\" \/><\/p>\n","protected":false},"excerpt":{"rendered":"<p>El contenidor marr\u00f3 per a l&#8217;arreplegada del fem org\u00e0nic es va implantar per part de la Regidoria de Serveis Urbans de l&#8217;Ajuntament d&#8217;Alzira en gener de 2018. Com a per\u00edode de prova les primeres zones de la nostra ciutat en comptar amb este servei van ser l&#8217;avinguda Sants Patrons, l&#8217;avinguda Luis Su\u00f1er i voltants del &hellip; <\/p>\n<p class=\"link-more\"><a href=\"https:\/\/alzira.es\/es\/alzira-es-convertix-en-el-primer-municipi-de-la-provincia-en-liderar-la-recollida-de-selectiva-2\/\" class=\"more-link\">Continuar leyendo<span class=\"screen-reader-text\"> \u00abAlzira es convertix en el primer municipi de la prov\u00edncia en liderar la recollida de selectiva\u00bb<\/span><\/a><\/p>\n","protected":false},"author":29,"featured_media":52530,"comment_status":"","ping_status":"","sticky":false,"template":"","format":"standard","meta":{"_acf_changed":false,"footnotes":""},"categories":[],"tags":[],"class_list":["post-52533","post","type-post","status-publish","format-standard","has-post-thumbnail","hentry"],"acf":[],"_links":{"self":[{"href":"https:\/\/alzira.es\/es\/wp-json\/wp\/v2\/posts\/52533","targetHints":{"allow":["GET"]}}],"collection":[{"href":"https:\/\/alzira.es\/es\/wp-json\/wp\/v2\/posts"}],"about":[{"href":"https:\/\/alzira.es\/es\/wp-json\/wp\/v2\/types\/post"}],"author":[{"embeddable":true,"href":"https:\/\/alzira.es\/es\/wp-json\/wp\/v2\/users\/29"}],"replies":[{"embeddable":true,"href":"https:\/\/alzira.es\/es\/wp-json\/wp\/v2\/comments?post=52533"}],"version-history":[{"count":0,"href":"https:\/\/alzira.es\/es\/wp-json\/wp\/v2\/posts\/52533\/revisions"}],"wp:featuredmedia":[{"embeddable":true,"href":"https:\/\/alzira.es\/es\/wp-json\/wp\/v2\/media\/52530"}],"wp:attachment":[{"href":"https:\/\/alzira.es\/es\/wp-json\/wp\/v2\/media?parent=52533"}],"wp:term":[{"taxonomy":"category","embeddable":true,"href":"https:\/\/alzira.es\/es\/wp-json\/wp\/v2\/categories?post=52533"},{"taxonomy":"post_tag","embeddable":true,"href":"https:\/\/alzira.es\/es\/wp-json\/wp\/v2\/tags?post=52533"}],"curies":[{"name":"wp","href":"https:\/\/api.w.org\/{rel}","templated":true}]}}