{"id":52532,"date":"2020-11-24T13:06:02","date_gmt":"2020-11-24T12:06:02","guid":{"rendered":"https:\/\/alzira.es\/alzira-es-convertix-en-el-primer-municipi-de-la-provincia-en-liderar-la-recollida-de-selectiva\/"},"modified":"2020-11-24T13:06:02","modified_gmt":"2020-11-24T12:06:02","slug":"alzira-es-convertix-en-el-primer-municipi-de-la-provincia-en-liderar-la-recollida-de-selectiva","status":"publish","type":"post","link":"https:\/\/alzira.es\/es\/alzira-es-convertix-en-el-primer-municipi-de-la-provincia-en-liderar-la-recollida-de-selectiva\/","title":{"rendered":"Alzira se convierte en el primer municipio de la provincia al liderar la recogida de selectiva"},"content":{"rendered":"<p>El contenedor marr\u00f3n para la recogida de la basura org\u00e1nica se implant\u00f3 por parte de la Concejal\u00eda de Servicios Urbanos del Ayuntamiento de Alzira en enero de 2018. Como periodo de prueba las primeras zonas de nuestra ciudad al contar con este servicio fueron la avenida Santos Patronos, la avenida Luis Su\u00f1er y alrededores de la calle Gabriela Mistral, as\u00ed como la zona del parque Alquen\u00e8ncia.<\/p>\n<p>Un a\u00f1o despu\u00e9s de su implantaci\u00f3n en las zonas de Alzira mencionadas, en enero de 2019, se hab\u00edan recogido 31 toneladas de materia org\u00e1nica, dado como positiva la experiencia que de manera voluntaria se quiso implantar a Alzira. Ahora mab la implementaci\u00f3n de los contenedor marrones Alzira se convierte en el primer municipio de la provincia de Val\u00e8ncia al liderar este tipo de recogida selectiva. Con los contenedores marrones se cumple la Normativa Ambiental Europea m\u00e1s exigente y el Plan Integral de Residuos de la Comunidad Valenciana.<\/p>\n<p>La sociedad est\u00e1 ahora mucho m\u00e1s sensibilizada que hace unos a\u00f1os en la necesidad de separar, sin embargo se va a realizar una nueva <strong>campa\u00f1a de Alzira Yo Reciclo<\/strong> para explicar, una vez m\u00e1s las bondades de reciclar. La calle Horts dels Frares, a la altura de la plaza Mayor; Benito P\u00e9rez Gald\u00f3s, a la altura de Mercadona; y la explanada de la Escuela de Adultos, son los tres lugares de la ciudad donde se instalar\u00e1 la carpa informativa para acercar a los ciudadanos los beneficios de separar la basura org\u00e1nica al contenedor marr\u00f3n. La carpa estar\u00e1 dotada del Plan de Contingencia Especial por la situaci\u00f3n de la Covid-19, con todas las medidas higi\u00e9nicas y de protecci\u00f3n para las personas.<\/p>\n<p><strong>Fernando Pascual<\/strong>, regidor de Servicios Urbanos, ha informado que \u00abla intenci\u00f3n se seguir con las campa\u00f1as de concienciaci\u00f3n alrededor del reciclaje a lo largo del 2021 por hacer de Alzira una ciudad limpia, moderna y comprometida con la concienciaci\u00f3n ecol\u00f3gica y medio ambiental\u00bb, adem\u00e1s ha a\u00f1adido que \u00abLos restos de materia org\u00e1nica se aprovechan para fabricar compuesto; el hecho de dar utilidad a la basura org\u00e1nica nos convierte en una poblaci\u00f3n que mira hacia el futuro concienciados en la necesidad de cuidar nuestro entorno y ser responsables con la sostenibilidad\u00bb, seg\u00fan el regidor.<\/p>\n<p>Si seguimos con el actual ritmo de reciclaje Alzira puede convertirse en un referente, en modelo de ciudad, por el simple hecho de poner en pr\u00e1ctica una actividad cotidiana, sencilla y gratificante como es el reciclar y de la que pueden ser part\u00edcipes todos los miembros de la familia, incluido los m\u00e1s peque\u00f1os de la casa.<\/p>\n<p style=\"text-align: center;\"><img fetchpriority=\"high\" decoding=\"async\" class=\" size-full wp-image-52530\" src=\"https:\/\/alzira.es\/wp-content\/uploads\/2020\/11\/20201124_113406.jpg\" alt=\"20201124 113406\" width=\"500\" height=\"225\" srcset=\"https:\/\/alzira.es\/wp-content\/uploads\/2020\/11\/20201124_113406.jpg 1332w, https:\/\/alzira.es\/wp-content\/uploads\/2020\/11\/20201124_113406-680x306.jpg 680w, https:\/\/alzira.es\/wp-content\/uploads\/2020\/11\/20201124_113406-768x346.jpg 768w\" sizes=\"(max-width: 500px) 100vw, 500px\" \/><\/p>\n","protected":false},"excerpt":{"rendered":"<p>El contenedor marr\u00f3n para la recogida de la basura org\u00e1nica se implant\u00f3 por parte de la Concejal\u00eda de Servicios Urbanos del Ayuntamiento de Alzira en enero de 2018. Como periodo de prueba las primeras zonas de nuestra ciudad al contar con este servicio fueron la avenida Santos Patronos, la avenida Luis Su\u00f1er y alrededores de &hellip; <\/p>\n<p class=\"link-more\"><a href=\"https:\/\/alzira.es\/es\/alzira-es-convertix-en-el-primer-municipi-de-la-provincia-en-liderar-la-recollida-de-selectiva\/\" class=\"more-link\">Continuar leyendo<span class=\"screen-reader-text\"> \u00abAlzira se convierte en el primer municipio de la provincia al liderar la recogida de selectiva\u00bb<\/span><\/a><\/p>\n","protected":false},"author":29,"featured_media":52530,"comment_status":"","ping_status":"","sticky":false,"template":"","format":"standard","meta":{"_acf_changed":false,"footnotes":""},"categories":[4936],"tags":[],"class_list":["post-52532","post","type-post","status-publish","format-standard","has-post-thumbnail","hentry","category-hemeroteca-es"],"acf":[],"_links":{"self":[{"href":"https:\/\/alzira.es\/es\/wp-json\/wp\/v2\/posts\/52532","targetHints":{"allow":["GET"]}}],"collection":[{"href":"https:\/\/alzira.es\/es\/wp-json\/wp\/v2\/posts"}],"about":[{"href":"https:\/\/alzira.es\/es\/wp-json\/wp\/v2\/types\/post"}],"author":[{"embeddable":true,"href":"https:\/\/alzira.es\/es\/wp-json\/wp\/v2\/users\/29"}],"replies":[{"embeddable":true,"href":"https:\/\/alzira.es\/es\/wp-json\/wp\/v2\/comments?post=52532"}],"version-history":[{"count":0,"href":"https:\/\/alzira.es\/es\/wp-json\/wp\/v2\/posts\/52532\/revisions"}],"wp:featuredmedia":[{"embeddable":true,"href":"https:\/\/alzira.es\/es\/wp-json\/wp\/v2\/media\/52530"}],"wp:attachment":[{"href":"https:\/\/alzira.es\/es\/wp-json\/wp\/v2\/media?parent=52532"}],"wp:term":[{"taxonomy":"category","embeddable":true,"href":"https:\/\/alzira.es\/es\/wp-json\/wp\/v2\/categories?post=52532"},{"taxonomy":"post_tag","embeddable":true,"href":"https:\/\/alzira.es\/es\/wp-json\/wp\/v2\/tags?post=52532"}],"curies":[{"name":"wp","href":"https:\/\/api.w.org\/{rel}","templated":true}]}}