{"id":52529,"date":"2020-11-24T12:16:25","date_gmt":"2020-11-24T11:16:25","guid":{"rendered":"https:\/\/alzira.es\/l-ajuntament-concedix-el-100-d-ajudes-sol-licitades-per-a-material-escolar-2\/"},"modified":"2020-11-24T12:16:25","modified_gmt":"2020-11-24T11:16:25","slug":"l-ajuntament-concedix-el-100-d-ajudes-sol-licitades-per-a-material-escolar-2","status":"publish","type":"post","link":"https:\/\/alzira.es\/es\/l-ajuntament-concedix-el-100-d-ajudes-sol-licitades-per-a-material-escolar-2\/","title":{"rendered":"L\u2019Ajuntament concedix el 100% d\u2019ajudes sol\u2022licitades per a material escolar"},"content":{"rendered":"<h3>\u2022 Estan destinades a l&#8217;alumnat de segon cicle d&#8217;Educaci\u00f3 Infantil<\/h3>\n<p>El passat 17 de novembre, l&#8217;Ajuntament d&#8217;Alzira va resoldre la concessi\u00f3 d&#8217;ajudes per a material escolar, destinades a l&#8217;alumnat de segon cicle d&#8217;educaci\u00f3 infantil. Enguany s&#8217;han atorgat 109 ajudes, la qual cosa es correspon amb el 100% de les sol\u2022licitades que complien els requisits establits en les bases reguladores, amb un cost de 8.754,88 \u20ac.<\/p>\n<p>\u00abL&#8217;objecte d&#8217;estes ajudes \u00e9s col\u2022laborar amb les despeses realitzades per les fam\u00edlies empadronades a Alzira per la compra del material escolar de l&#8217;alumnat del 2n cicle d&#8217;Educaci\u00f3 Infantil dels centres p\u00fablics i privats-concertats d&#8217;Alzira, ja que s\u00f3n l&#8217;\u00fanica franja d&#8217;edat que queda fora de la xarxa de llibres. Amb esta inversi\u00f3 de vora 9.000 euros hem aconseguit arribar a totes les fam\u00edlies que van sol\u2022licitar les ajudes i que complien els requisits de la convocat\u00f2ria\u00bb, assegura la regidora, Maria Calvo.<br \/>Pots consultar l&#8217;anunci de les concessions <a href=\"https:\/\/sedeelectronica.alzira.es\/alzira_vpm\/index.php\/val\/component\/jdownloads\/finish\/56\/52971\" target=\"_blank\" rel=\"noopener\">ac\u00ed<\/a>.<\/p>\n<p style=\"text-align: center;\"><img fetchpriority=\"high\" decoding=\"async\" class=\" size-full wp-image-52526\" src=\"https:\/\/alzira.es\/wp-content\/uploads\/2020\/11\/IMG_2455.jpg\" alt=\"IMG 2455\" width=\"500\" height=\"379\" srcset=\"https:\/\/alzira.es\/wp-content\/uploads\/2020\/11\/IMG_2455.jpg 2552w, https:\/\/alzira.es\/wp-content\/uploads\/2020\/11\/IMG_2455-672x510.jpg 672w, https:\/\/alzira.es\/wp-content\/uploads\/2020\/11\/IMG_2455-1413x1072.jpg 1413w, https:\/\/alzira.es\/wp-content\/uploads\/2020\/11\/IMG_2455-768x583.jpg 768w, https:\/\/alzira.es\/wp-content\/uploads\/2020\/11\/IMG_2455-1536x1165.jpg 1536w, https:\/\/alzira.es\/wp-content\/uploads\/2020\/11\/IMG_2455-2048x1554.jpg 2048w\" sizes=\"(max-width: 500px) 100vw, 500px\" \/><\/p>\n","protected":false},"excerpt":{"rendered":"<p>\u2022 Estan destinades a l&#8217;alumnat de segon cicle d&#8217;Educaci\u00f3 Infantil El passat 17 de novembre, l&#8217;Ajuntament d&#8217;Alzira va resoldre la concessi\u00f3 d&#8217;ajudes per a material escolar, destinades a l&#8217;alumnat de segon cicle d&#8217;educaci\u00f3 infantil. Enguany s&#8217;han atorgat 109 ajudes, la qual cosa es correspon amb el 100% de les sol\u2022licitades que complien els requisits establits &hellip; <\/p>\n<p class=\"link-more\"><a href=\"https:\/\/alzira.es\/es\/l-ajuntament-concedix-el-100-d-ajudes-sol-licitades-per-a-material-escolar-2\/\" class=\"more-link\">Continuar leyendo<span class=\"screen-reader-text\"> \u00abL\u2019Ajuntament concedix el 100% d\u2019ajudes sol\u2022licitades per a material escolar\u00bb<\/span><\/a><\/p>\n","protected":false},"author":29,"featured_media":52526,"comment_status":"","ping_status":"","sticky":false,"template":"","format":"standard","meta":{"_acf_changed":false,"footnotes":""},"categories":[],"tags":[],"class_list":["post-52529","post","type-post","status-publish","format-standard","has-post-thumbnail","hentry"],"acf":[],"_links":{"self":[{"href":"https:\/\/alzira.es\/es\/wp-json\/wp\/v2\/posts\/52529","targetHints":{"allow":["GET"]}}],"collection":[{"href":"https:\/\/alzira.es\/es\/wp-json\/wp\/v2\/posts"}],"about":[{"href":"https:\/\/alzira.es\/es\/wp-json\/wp\/v2\/types\/post"}],"author":[{"embeddable":true,"href":"https:\/\/alzira.es\/es\/wp-json\/wp\/v2\/users\/29"}],"replies":[{"embeddable":true,"href":"https:\/\/alzira.es\/es\/wp-json\/wp\/v2\/comments?post=52529"}],"version-history":[{"count":0,"href":"https:\/\/alzira.es\/es\/wp-json\/wp\/v2\/posts\/52529\/revisions"}],"wp:featuredmedia":[{"embeddable":true,"href":"https:\/\/alzira.es\/es\/wp-json\/wp\/v2\/media\/52526"}],"wp:attachment":[{"href":"https:\/\/alzira.es\/es\/wp-json\/wp\/v2\/media?parent=52529"}],"wp:term":[{"taxonomy":"category","embeddable":true,"href":"https:\/\/alzira.es\/es\/wp-json\/wp\/v2\/categories?post=52529"},{"taxonomy":"post_tag","embeddable":true,"href":"https:\/\/alzira.es\/es\/wp-json\/wp\/v2\/tags?post=52529"}],"curies":[{"name":"wp","href":"https:\/\/api.w.org\/{rel}","templated":true}]}}