{"id":52528,"date":"2020-11-24T12:16:25","date_gmt":"2020-11-24T11:16:25","guid":{"rendered":"https:\/\/alzira.es\/l-ajuntament-concedix-el-100-d-ajudes-sol-licitades-per-a-material-escolar\/"},"modified":"2020-11-24T12:16:25","modified_gmt":"2020-11-24T11:16:25","slug":"l-ajuntament-concedix-el-100-d-ajudes-sol-licitades-per-a-material-escolar","status":"publish","type":"post","link":"https:\/\/alzira.es\/es\/l-ajuntament-concedix-el-100-d-ajudes-sol-licitades-per-a-material-escolar\/","title":{"rendered":"El Ayuntamiento concede el 100% de ayudas solicitadas para material escolar"},"content":{"rendered":"<h3>\u2022 Est\u00e1n destinadas al alumnado de segundo ciclo de Educaci\u00f3n Infantil<\/h3>\n<p>El pasado 17 de noviembre, el Ayuntamiento de Alzira resolvi\u00f3 la concesi\u00f3n de ayudas para material escolar, destinadas al alumnado de segundo ciclo de educaci\u00f3n infantil. Este a\u00f1o se han otorgado 109 ayudas, lo cual se corresponde con el 100% de las solicitadas que cumpl\u00edan los requisitos establecidos en las bases reguladoras, con un coste de 8.754,88 \u20ac.<\/p>\n<p>\u00abEl objeto de estas ayudas es colaborar con los gastos realizados por las familias empadronadas a Alzira por la compra del material escolar del alumnado del 2.\u00ba ciclo de Educaci\u00f3n Infantil de los centros p\u00fablicos y privados-concertados de Alzira, puesto que son la \u00fanica franja de edad que queda fuera de la red de libros. Con esta inversi\u00f3n de unos 9.000 euros hemos conseguido llegar a todas las familias que han solicitado las ayudas y que cumpl\u00edan los requisitos de la convocatoria\u00bb, asegura la regidora, <strong>Maria Calvo<\/strong>.<br \/>Puedes consultar el anuncio de las concesiones <a href=\"https:\/\/sedeelectronica.alzira.es\/alzira_vpm\/index.php\/val\/component\/jdownloads\/finish\/56\/52971\" target=\"_blank\" rel=\"noopener\">aqu\u00ed<\/a>.<\/p>\n<p style=\"text-align: center;\"><img fetchpriority=\"high\" decoding=\"async\" class=\" size-full wp-image-52526\" src=\"https:\/\/alzira.es\/wp-content\/uploads\/2020\/11\/IMG_2455.jpg\" alt=\"IMG 2455\" width=\"500\" height=\"379\" srcset=\"https:\/\/alzira.es\/wp-content\/uploads\/2020\/11\/IMG_2455.jpg 2552w, https:\/\/alzira.es\/wp-content\/uploads\/2020\/11\/IMG_2455-672x510.jpg 672w, https:\/\/alzira.es\/wp-content\/uploads\/2020\/11\/IMG_2455-1413x1072.jpg 1413w, https:\/\/alzira.es\/wp-content\/uploads\/2020\/11\/IMG_2455-768x583.jpg 768w, https:\/\/alzira.es\/wp-content\/uploads\/2020\/11\/IMG_2455-1536x1165.jpg 1536w, https:\/\/alzira.es\/wp-content\/uploads\/2020\/11\/IMG_2455-2048x1554.jpg 2048w\" sizes=\"(max-width: 500px) 100vw, 500px\" \/><\/p>\n","protected":false},"excerpt":{"rendered":"<p>\u2022 Est\u00e1n destinadas al alumnado de segundo ciclo de Educaci\u00f3n Infantil El pasado 17 de noviembre, el Ayuntamiento de Alzira resolvi\u00f3 la concesi\u00f3n de ayudas para material escolar, destinadas al alumnado de segundo ciclo de educaci\u00f3n infantil. Este a\u00f1o se han otorgado 109 ayudas, lo cual se corresponde con el 100% de las solicitadas que &hellip; <\/p>\n<p class=\"link-more\"><a href=\"https:\/\/alzira.es\/es\/l-ajuntament-concedix-el-100-d-ajudes-sol-licitades-per-a-material-escolar\/\" class=\"more-link\">Continuar leyendo<span class=\"screen-reader-text\"> \u00abEl Ayuntamiento concede el 100% de ayudas solicitadas para material escolar\u00bb<\/span><\/a><\/p>\n","protected":false},"author":29,"featured_media":52526,"comment_status":"","ping_status":"","sticky":false,"template":"","format":"standard","meta":{"_acf_changed":false,"footnotes":""},"categories":[4936],"tags":[],"class_list":["post-52528","post","type-post","status-publish","format-standard","has-post-thumbnail","hentry","category-hemeroteca-es"],"acf":[],"_links":{"self":[{"href":"https:\/\/alzira.es\/es\/wp-json\/wp\/v2\/posts\/52528","targetHints":{"allow":["GET"]}}],"collection":[{"href":"https:\/\/alzira.es\/es\/wp-json\/wp\/v2\/posts"}],"about":[{"href":"https:\/\/alzira.es\/es\/wp-json\/wp\/v2\/types\/post"}],"author":[{"embeddable":true,"href":"https:\/\/alzira.es\/es\/wp-json\/wp\/v2\/users\/29"}],"replies":[{"embeddable":true,"href":"https:\/\/alzira.es\/es\/wp-json\/wp\/v2\/comments?post=52528"}],"version-history":[{"count":0,"href":"https:\/\/alzira.es\/es\/wp-json\/wp\/v2\/posts\/52528\/revisions"}],"wp:featuredmedia":[{"embeddable":true,"href":"https:\/\/alzira.es\/es\/wp-json\/wp\/v2\/media\/52526"}],"wp:attachment":[{"href":"https:\/\/alzira.es\/es\/wp-json\/wp\/v2\/media?parent=52528"}],"wp:term":[{"taxonomy":"category","embeddable":true,"href":"https:\/\/alzira.es\/es\/wp-json\/wp\/v2\/categories?post=52528"},{"taxonomy":"post_tag","embeddable":true,"href":"https:\/\/alzira.es\/es\/wp-json\/wp\/v2\/tags?post=52528"}],"curies":[{"name":"wp","href":"https:\/\/api.w.org\/{rel}","templated":true}]}}