{"id":52519,"date":"2020-11-20T16:08:52","date_gmt":"2020-11-20T15:08:52","guid":{"rendered":"https:\/\/alzira.es\/l-ajuntament-llanca-una-nova-campanya-informativa-sobre-la-covid-dirigida-a-l-hostaleria-2\/"},"modified":"2020-11-20T16:08:52","modified_gmt":"2020-11-20T15:08:52","slug":"l-ajuntament-llanca-una-nova-campanya-informativa-sobre-la-covid-dirigida-a-l-hostaleria-2","status":"publish","type":"post","link":"https:\/\/alzira.es\/es\/l-ajuntament-llanca-una-nova-campanya-informativa-sobre-la-covid-dirigida-a-l-hostaleria-2\/","title":{"rendered":"Programa municipal gratu\u00eft d\u2019atenci\u00f3 psicol\u00f2gica materno-infantil"},"content":{"rendered":"<p style=\"margin: 0cm 0cm 0pt;\">L&#8217;Ajuntament d&#8217;Alzira oferix de manera gratu\u00efta PAPMI, un servei d&#8217;atenci\u00f3 psicol\u00f2gica integral a xiquets nounats i a fam\u00edlies. En este programa, un equip de psic\u00f2logues especialitzades fan un seguiment trimestral del desenvolupament socio-emocional i psicol\u00f2gic de les criatures des dels tres mesos d&#8217;edat fins els 18 mesos.<\/p>\n<p>\u00abDes de la regidoria de Serveis Socials i en col\u00b7laboraci\u00f3 amb l&#8217;Institut psicol\u00f2gic d&#8217;Inf\u00e0ncia i Fam\u00edlia, oferim este programa del qual vos parlem hui, el dia internacional dels xiquets i xiquetes. Estem molt satisfets amb este servei implementat des de l&#8217;any passat, per la bona acollida que ha tingut, ja que hem at\u00e9s a m\u00e9s de 40 fam\u00edlies des de la seua posada en marxa. Volem estar junt a les fam\u00edlies per a potenciar les seues fortaleses i donar-los la tranquil\u00b7litat d&#8217;estar fent el millor per als seus nadons\u00bb ha explicat la regidora de l&#8217;\u00e0rea, <strong>Marina Mir<\/strong>. \u00abA m\u00e9s, afig, \u00e9s un programa d&#8217;impacte sobre el benestar infantil justificat des del nou marc normatiu en mat\u00e8ria de promoci\u00f3 dels drets dels xiquets xiquets i xiquetes amb el municipalisme com a refer\u00e8ncia a trav\u00e9s de la proximitat\u00bb<\/p>\n<p>En este programa es treballen temes relacionats amb la crian\u00e7a com el desenvolupament emocional dels xiquets i xiquetes o la interacci\u00f3 que s&#8217;establix entre els nadons i els pares i mares. A m\u00e9s, les professionals que hi treballen tracten de resoldre els dubtes que els puguen sorgir a les fam\u00edlies en aspectes com el menjar, els plors, la son o les habilitats que van desenvolupant els seus fills i filles.<\/p>\n<p>Segons ha afirmat <strong>Noem\u00ed Benito<\/strong>, psic\u00f2loga de Serveis Socials, \u00e9s un servei que t\u00e9 molt bona resposta entre les fam\u00edlies de la ciutat perqu\u00e8 a ser mare o pare s&#8217;apr\u00e8n amb l&#8217;experi\u00e8ncia.<\/p>\n<p>Recordem que es tracta d&#8217;un programa gratu\u00eft de car\u00e0cter preventiu. Per a demanar la primera visita s&#8217;ha de telefonar al 636 23 71 54 i les sessions, que tenen una duraci\u00f3 d&#8217;uns 30-40 minuts, es realitzen en les instal\u00b7lacions municipals de Serveis Socials, al Carrer Independ\u00e8ncia, n\u00famero 43, d&#8217;Alzira.<\/p>\n<p>Enlla\u00e7 a l&#8217;entrevista amb una de les psic\u00f2logues municipals, Noem\u00ed Benito <a href=\"https:\/\/www.ivoox.com\/papmi-programa-suport-psicologic-pater-matern-infantil-20-audios-mp3_rf_60701621_1.html?fbclid=IwAR1HJMLphlrKQ0CEBbDfUdN9xMGoSugvosn3Bj3PeooN4gnIhfoRzNaRsQk\" rel=\"contents noopener\" target=\"_blank\">ac\u00ed<\/a><\/p>\n<p style=\"margin: 0cm 0cm 0pt;\"><span><span><span style=\"color: #000000; font-family: Arial; font-size: small;\"><img fetchpriority=\"high\" decoding=\"async\" class=\" size-full wp-image-52516\" style=\"margin-right: auto; margin-left: auto; display: block;\" src=\"https:\/\/alzira.es\/wp-content\/uploads\/2020\/11\/papmi.jpeg\" alt=\"papmi\" width=\"500\" height=\"500\" srcset=\"https:\/\/alzira.es\/wp-content\/uploads\/2020\/11\/papmi.jpeg 1141w, https:\/\/alzira.es\/wp-content\/uploads\/2020\/11\/papmi-510x510.jpeg 510w, https:\/\/alzira.es\/wp-content\/uploads\/2020\/11\/papmi-1072x1072.jpeg 1072w, https:\/\/alzira.es\/wp-content\/uploads\/2020\/11\/papmi-350x350.jpeg 350w, https:\/\/alzira.es\/wp-content\/uploads\/2020\/11\/papmi-768x768.jpeg 768w, https:\/\/alzira.es\/wp-content\/uploads\/2020\/11\/papmi-300x300.jpeg 300w, https:\/\/alzira.es\/wp-content\/uploads\/2020\/11\/papmi-100x100.jpeg 100w\" sizes=\"(max-width: 500px) 100vw, 500px\" \/><\/span><\/span><\/span><\/p>\n<p>&nbsp;<\/p>\n<p>&nbsp;<\/p>\n<p>&nbsp;<\/p>\n","protected":false},"excerpt":{"rendered":"<p>L&#8217;Ajuntament d&#8217;Alzira oferix de manera gratu\u00efta PAPMI, un servei d&#8217;atenci\u00f3 psicol\u00f2gica integral a xiquets nounats i a fam\u00edlies. En este programa, un equip de psic\u00f2logues especialitzades fan un seguiment trimestral del desenvolupament socio-emocional i psicol\u00f2gic de les criatures des dels tres mesos d&#8217;edat fins els 18 mesos. \u00abDes de la regidoria de Serveis Socials i &hellip; <\/p>\n<p class=\"link-more\"><a href=\"https:\/\/alzira.es\/es\/l-ajuntament-llanca-una-nova-campanya-informativa-sobre-la-covid-dirigida-a-l-hostaleria-2\/\" class=\"more-link\">Continuar leyendo<span class=\"screen-reader-text\"> \u00abPrograma municipal gratu\u00eft d\u2019atenci\u00f3 psicol\u00f2gica materno-infantil\u00bb<\/span><\/a><\/p>\n","protected":false},"author":36,"featured_media":52516,"comment_status":"","ping_status":"","sticky":false,"template":"","format":"standard","meta":{"_acf_changed":false,"footnotes":""},"categories":[],"tags":[],"class_list":["post-52519","post","type-post","status-publish","format-standard","has-post-thumbnail","hentry"],"acf":[],"_links":{"self":[{"href":"https:\/\/alzira.es\/es\/wp-json\/wp\/v2\/posts\/52519","targetHints":{"allow":["GET"]}}],"collection":[{"href":"https:\/\/alzira.es\/es\/wp-json\/wp\/v2\/posts"}],"about":[{"href":"https:\/\/alzira.es\/es\/wp-json\/wp\/v2\/types\/post"}],"author":[{"embeddable":true,"href":"https:\/\/alzira.es\/es\/wp-json\/wp\/v2\/users\/36"}],"replies":[{"embeddable":true,"href":"https:\/\/alzira.es\/es\/wp-json\/wp\/v2\/comments?post=52519"}],"version-history":[{"count":0,"href":"https:\/\/alzira.es\/es\/wp-json\/wp\/v2\/posts\/52519\/revisions"}],"wp:featuredmedia":[{"embeddable":true,"href":"https:\/\/alzira.es\/es\/wp-json\/wp\/v2\/media\/52516"}],"wp:attachment":[{"href":"https:\/\/alzira.es\/es\/wp-json\/wp\/v2\/media?parent=52519"}],"wp:term":[{"taxonomy":"category","embeddable":true,"href":"https:\/\/alzira.es\/es\/wp-json\/wp\/v2\/categories?post=52519"},{"taxonomy":"post_tag","embeddable":true,"href":"https:\/\/alzira.es\/es\/wp-json\/wp\/v2\/tags?post=52519"}],"curies":[{"name":"wp","href":"https:\/\/api.w.org\/{rel}","templated":true}]}}