{"id":52518,"date":"2020-11-20T16:08:52","date_gmt":"2020-11-20T15:08:52","guid":{"rendered":"https:\/\/alzira.es\/l-ajuntament-llanca-una-nova-campanya-informativa-sobre-la-covid-dirigida-a-l-hostaleria\/"},"modified":"2020-11-20T16:08:52","modified_gmt":"2020-11-20T15:08:52","slug":"l-ajuntament-llanca-una-nova-campanya-informativa-sobre-la-covid-dirigida-a-l-hostaleria","status":"publish","type":"post","link":"https:\/\/alzira.es\/es\/l-ajuntament-llanca-una-nova-campanya-informativa-sobre-la-covid-dirigida-a-l-hostaleria\/","title":{"rendered":"Programa municipal gratuito de atenci\u00f3n psicol\u00f3gica materno-infantil"},"content":{"rendered":"<p style=\"margin: 0cm 0cm 0pt;\">El Ayuntamiento de Alzira ofrece de manera gratuita PAPMI, un servicio de atenci\u00f3n psicol\u00f3gica integral a ni\u00f1os reci\u00e9n nacidos y a familias. En este programa, un equipo de psic\u00f3logas especializadas hacen un seguimiento trimestral del desarrollo socio-emocional y psicol\u00f3gico de las criaturas desde los tres meses de edad hasta los 18 meses.<\/p>\n<p>\u00abDesde la concejal\u00eda de Servicios Sociales y en colaboraci\u00f3n con el Instituto psicol\u00f3gico de Infancia y Familia, ofrecemos este programa del cual os hablamos hoy, el d\u00eda internacional de los ni\u00f1os y ni\u00f1as. Estamos muy satisfechos con este servicio implementado desde el a\u00f1o pasado, por la buena acogida que ha tenido, puesto que hemos atendido adem\u00e1s de 40 familias desde su puesta en marcha. Queremos estar junto a las familias para potenciar sus fortalezas y darles la tranquilidad de estar haciendo el mejor para sus beb\u00e9s\u00bb ha explicado la regidora del \u00e1rea, <strong>Marina Mir<\/strong>. \u00abAdem\u00e1s, a\u00f1ade, es un programa de impacto sobre el bienestar infantil justificado desde el nuevo marco normativo en materia de promoci\u00f3n de los derechos de los ni\u00f1os y ni\u00f1as con el municipalismo como referencia a trav\u00e9s de la proximidad\u00bb<\/p>\n<p>En este programa se trabajan temas relacionados con la crianza como el desarrollo emocional de los ni\u00f1os y ni\u00f1as o la interacci\u00f3n que se establece entre los beb\u00e9s y los padres y madres. Adem\u00e1s, las profesionales que trabajan tratan de resolver las dudas que los puedan surgir a las familias en aspectos como la comida, los llantos, el sue\u00f1o o las habilidades que van desarrollando sus hijos e hijas.<\/p>\n<p>Seg\u00fan ha afirmado <strong>Noem\u00ed Benito<\/strong>, psic\u00f3loga de Servicios Sociales, es un servicio que tiene muy buena respuesta entre las familias de la ciudad porque a ser madre o padre se aprende con la experiencia.<\/p>\n<p>Recordamos que se trata de un programa gratuito de car\u00e1cter preventivo. Para pedir la primera visita se tiene que telefonear al 636 23 71 54 y las sesiones, que tienen una duraci\u00f3n de unos 30-40 minutos, se realicen en las instalaciones municipales de Servicios Sociales, en la Calle Independencia, n\u00famero 43, de Alzira.<\/p>\n<p>Enlace a la entrevista con una de las psic\u00f3logas municipales, Noem\u00ed Benito<a href=\"https:\/\/www.ivoox.com\/papmi-programa-suport-psicologic-pater-matern-infantil-20-audios-mp3_rf_60701621_1.html?fbclid=IwAR1HJMLphlrKQ0CEBbDfUdN9xMGoSugvosn3Bj3PeooN4gnIhfoRzNaRsQk\" rel=\"contents noopener\" target=\"_blank\"> aqu\u00ed<\/a><\/p>\n<p style=\"margin: 0cm 0cm 0pt;\"><span><span><span style=\"color: #000000; font-family: Arial; font-size: small;\"><img fetchpriority=\"high\" decoding=\"async\" class=\" size-full wp-image-52516\" style=\"margin-right: auto; margin-left: auto; display: block;\" src=\"https:\/\/alzira.es\/wp-content\/uploads\/2020\/11\/papmi.jpeg\" alt=\"papmi\" width=\"500\" height=\"500\" srcset=\"https:\/\/alzira.es\/wp-content\/uploads\/2020\/11\/papmi.jpeg 1141w, https:\/\/alzira.es\/wp-content\/uploads\/2020\/11\/papmi-510x510.jpeg 510w, https:\/\/alzira.es\/wp-content\/uploads\/2020\/11\/papmi-1072x1072.jpeg 1072w, https:\/\/alzira.es\/wp-content\/uploads\/2020\/11\/papmi-350x350.jpeg 350w, https:\/\/alzira.es\/wp-content\/uploads\/2020\/11\/papmi-768x768.jpeg 768w, https:\/\/alzira.es\/wp-content\/uploads\/2020\/11\/papmi-300x300.jpeg 300w, https:\/\/alzira.es\/wp-content\/uploads\/2020\/11\/papmi-100x100.jpeg 100w\" sizes=\"(max-width: 500px) 100vw, 500px\" \/><\/span><\/span><\/span><\/p>\n<p>&nbsp;<\/p>\n<p>&nbsp;<\/p>\n<p>&nbsp;<\/p>\n","protected":false},"excerpt":{"rendered":"<p>El Ayuntamiento de Alzira ofrece de manera gratuita PAPMI, un servicio de atenci\u00f3n psicol\u00f3gica integral a ni\u00f1os reci\u00e9n nacidos y a familias. En este programa, un equipo de psic\u00f3logas especializadas hacen un seguimiento trimestral del desarrollo socio-emocional y psicol\u00f3gico de las criaturas desde los tres meses de edad hasta los 18 meses. \u00abDesde la concejal\u00eda &hellip; <\/p>\n<p class=\"link-more\"><a href=\"https:\/\/alzira.es\/es\/l-ajuntament-llanca-una-nova-campanya-informativa-sobre-la-covid-dirigida-a-l-hostaleria\/\" class=\"more-link\">Continuar leyendo<span class=\"screen-reader-text\"> \u00abPrograma municipal gratuito de atenci\u00f3n psicol\u00f3gica materno-infantil\u00bb<\/span><\/a><\/p>\n","protected":false},"author":36,"featured_media":52516,"comment_status":"","ping_status":"","sticky":false,"template":"","format":"standard","meta":{"_acf_changed":false,"footnotes":""},"categories":[4936],"tags":[],"class_list":["post-52518","post","type-post","status-publish","format-standard","has-post-thumbnail","hentry","category-hemeroteca-es"],"acf":[],"_links":{"self":[{"href":"https:\/\/alzira.es\/es\/wp-json\/wp\/v2\/posts\/52518","targetHints":{"allow":["GET"]}}],"collection":[{"href":"https:\/\/alzira.es\/es\/wp-json\/wp\/v2\/posts"}],"about":[{"href":"https:\/\/alzira.es\/es\/wp-json\/wp\/v2\/types\/post"}],"author":[{"embeddable":true,"href":"https:\/\/alzira.es\/es\/wp-json\/wp\/v2\/users\/36"}],"replies":[{"embeddable":true,"href":"https:\/\/alzira.es\/es\/wp-json\/wp\/v2\/comments?post=52518"}],"version-history":[{"count":0,"href":"https:\/\/alzira.es\/es\/wp-json\/wp\/v2\/posts\/52518\/revisions"}],"wp:featuredmedia":[{"embeddable":true,"href":"https:\/\/alzira.es\/es\/wp-json\/wp\/v2\/media\/52516"}],"wp:attachment":[{"href":"https:\/\/alzira.es\/es\/wp-json\/wp\/v2\/media?parent=52518"}],"wp:term":[{"taxonomy":"category","embeddable":true,"href":"https:\/\/alzira.es\/es\/wp-json\/wp\/v2\/categories?post=52518"},{"taxonomy":"post_tag","embeddable":true,"href":"https:\/\/alzira.es\/es\/wp-json\/wp\/v2\/tags?post=52518"}],"curies":[{"name":"wp","href":"https:\/\/api.w.org\/{rel}","templated":true}]}}