{"id":52515,"date":"2020-11-20T14:57:53","date_gmt":"2020-11-20T13:57:53","guid":{"rendered":"https:\/\/alzira.es\/la-conselleria-d-habitatge-i-l-ajuntament-d-alzira-analitzen-l-estat-de-placa-la-ribera-i-les-possibles-obres-de-millora-2\/"},"modified":"2020-11-20T14:57:53","modified_gmt":"2020-11-20T13:57:53","slug":"la-conselleria-d-habitatge-i-l-ajuntament-d-alzira-analitzen-l-estat-de-placa-la-ribera-i-les-possibles-obres-de-millora-2","status":"publish","type":"post","link":"https:\/\/alzira.es\/es\/la-conselleria-d-habitatge-i-l-ajuntament-d-alzira-analitzen-l-estat-de-placa-la-ribera-i-les-possibles-obres-de-millora-2\/","title":{"rendered":"La Conselleria d&#8217;Habitatge i l&#8217;Ajuntament d&#8217;Alzira analitzen l&#8217;estat de pla\u00e7a La Ribera i les possibles obres de millora"},"content":{"rendered":"<p>El director general de EVha i la subdirectora d&#8217;Intervenci\u00f3 Social de l&#8217;entitat es reuneixen amb l&#8217;alcalde d&#8217;Alzira<\/p>\n<p>La Vicepresid\u00e8ncia Segona i Conselleria d&#8217;Habitatge i Arquitectura Bioclim\u00e0tica i l&#8217;Ajuntament d&#8217;Alzira han mantingut una trobada en el qual s&#8217;ha analitzat l&#8217;estat del grup d&#8217;habitatge p\u00fablic pla\u00e7a La Ribera i les possibles obres de millora d&#8217;elements comuns.<\/p>\n<p>El director general de la Entitat Valenciana d\u00b4Habitatge i S\u00f2l (EVha), Alberto Aznar, la subdirectora d&#8217;Intervenci\u00f3 Social de l&#8217;entitat, Helena Ferrando, i l&#8217;alcalde de la localitat, Diego G\u00f3mez, han fet un rep\u00e0s als principals temes en mat\u00e8ria d&#8217;habitatge en el municipi. El primer d&#8217;ells ha sigut el desenvolupament d&#8217;un pla d&#8217;actuaci\u00f3 de regeneraci\u00f3 global.<\/p>\n<p>Alberto Aznar ha explicat que la Generalitat est\u00e0 desenvolupant aquest tipus d&#8217;actuacions en diversos grups d&#8217;habitatge p\u00fablic de municipis com Sagunt, Massamagrell, Almorad\u00ed o La Vall d\u00b4Uix\u00f3, entre altres, sent el d&#8217;Alzira un dels plans m\u00e9s ambiciosos.<\/p>\n<p>Les actuacions previstes inclouran l&#8217;adequaci\u00f3 de vest\u00edbuls i elements comuns, fa\u00e7anes i cobertes, aix\u00ed com de les instal\u00b7lacions dels subministraments. Els treballs tamb\u00e9 milloraran les accessibilitat i l&#8217;enllumenat de la zona.<\/p>\n<p><strong>Habitatges reparats<\/strong><\/p>\n<p>Des de juliol de 2015, la Generalitat ha invertit un total de 435.000 euros en actuacions de millora i reparacions del parc p\u00fablic d&#8217;Alzira, dels quals 204.000 corresponen a reparaci\u00f3 d&#8217;habitatges recuperats, amb un total de huit habitatges reparats, una est\u00e0 actualment en execuci\u00f3 i altres huit habitatges en valoraci\u00f3 per a la seua pr\u00f2xima rehabilitaci\u00f3.<\/p>\n<p>A m\u00e9s, s&#8217;han invertit 110.000 euros en atenci\u00f3 de reclamacions en habitatges i elements comuns i 131.000 euros corresponen al PINN de la pla\u00e7a La Ribera.<\/p>\n<p>Destacar que en els \u00faltims cinc anys, la Conselleria ha adjudicat deu habitatges p\u00fablics, una d&#8217;elles a una fam\u00edlia que havia perdut la seua casa a causa d&#8217;una execuci\u00f3 hipotec\u00e0ria. Aix\u00ed mateix, en l&#8217;actualitat es treballa en l&#8217;adjudicaci\u00f3 de huit habitatges i s&#8217;ha oferit una altra a la Direcci\u00f3 General de la Dona.<\/p>\n<p>Un altre dels punts tractats en la reuni\u00f3 ha sigut els habitatges adquirits dins del concurs d&#8217;adquisici\u00f3 d&#8217;immobles en municipis de la Comunitat per a la seua incorporaci\u00f3 al patrimoni p\u00fablic de la Generalitat. Fruit del mateix es va resoldre la compra de huit habitatges a Alzira. El director general de EVha ha informat que la destinaci\u00f3 de tots aqueixos habitatges \u00e9s el lloguer social i seran assignades en coordinaci\u00f3 amb els serveis socials de l&#8217;Ajuntament.<\/p>\n<p>D&#8217;altra banda, tamb\u00e9 s&#8217;han valorat les situacions d&#8217;ocupacions irregulars que afecten diversos habitatges p\u00fablics situats en el municipi, aix\u00ed com els procediments de legalitzaci\u00f3 que des de la Conselleria s&#8217;estan desenvolupant.<\/p>\n<p><img fetchpriority=\"high\" decoding=\"async\" class=\" size-full wp-image-52512\" style=\"margin-right: auto; margin-left: auto; display: block;\" src=\"https:\/\/alzira.es\/wp-content\/uploads\/2020\/11\/dg_habitatge_2.jpeg\" alt=\"dg habitatge 2\" width=\"500\" height=\"375\" srcset=\"https:\/\/alzira.es\/wp-content\/uploads\/2020\/11\/dg_habitatge_2.jpeg 1600w, https:\/\/alzira.es\/wp-content\/uploads\/2020\/11\/dg_habitatge_2-680x510.jpeg 680w, https:\/\/alzira.es\/wp-content\/uploads\/2020\/11\/dg_habitatge_2-1430x1072.jpeg 1430w, https:\/\/alzira.es\/wp-content\/uploads\/2020\/11\/dg_habitatge_2-768x576.jpeg 768w, https:\/\/alzira.es\/wp-content\/uploads\/2020\/11\/dg_habitatge_2-1536x1152.jpeg 1536w\" sizes=\"(max-width: 500px) 100vw, 500px\" \/><\/p>\n<p style=\"text-align: center;\">&nbsp;<\/p>\n<p style=\"text-align: center;\">&nbsp;<\/p>\n","protected":false},"excerpt":{"rendered":"<p>El director general de EVha i la subdirectora d&#8217;Intervenci\u00f3 Social de l&#8217;entitat es reuneixen amb l&#8217;alcalde d&#8217;Alzira La Vicepresid\u00e8ncia Segona i Conselleria d&#8217;Habitatge i Arquitectura Bioclim\u00e0tica i l&#8217;Ajuntament d&#8217;Alzira han mantingut una trobada en el qual s&#8217;ha analitzat l&#8217;estat del grup d&#8217;habitatge p\u00fablic pla\u00e7a La Ribera i les possibles obres de millora d&#8217;elements comuns. El &hellip; <\/p>\n<p class=\"link-more\"><a href=\"https:\/\/alzira.es\/es\/la-conselleria-d-habitatge-i-l-ajuntament-d-alzira-analitzen-l-estat-de-placa-la-ribera-i-les-possibles-obres-de-millora-2\/\" class=\"more-link\">Continuar leyendo<span class=\"screen-reader-text\"> \u00abLa Conselleria d&#8217;Habitatge i l&#8217;Ajuntament d&#8217;Alzira analitzen l&#8217;estat de pla\u00e7a La Ribera i les possibles obres de millora\u00bb<\/span><\/a><\/p>\n","protected":false},"author":29,"featured_media":52512,"comment_status":"","ping_status":"","sticky":false,"template":"","format":"standard","meta":{"_acf_changed":false,"footnotes":""},"categories":[],"tags":[],"class_list":["post-52515","post","type-post","status-publish","format-standard","has-post-thumbnail","hentry"],"acf":[],"_links":{"self":[{"href":"https:\/\/alzira.es\/es\/wp-json\/wp\/v2\/posts\/52515","targetHints":{"allow":["GET"]}}],"collection":[{"href":"https:\/\/alzira.es\/es\/wp-json\/wp\/v2\/posts"}],"about":[{"href":"https:\/\/alzira.es\/es\/wp-json\/wp\/v2\/types\/post"}],"author":[{"embeddable":true,"href":"https:\/\/alzira.es\/es\/wp-json\/wp\/v2\/users\/29"}],"replies":[{"embeddable":true,"href":"https:\/\/alzira.es\/es\/wp-json\/wp\/v2\/comments?post=52515"}],"version-history":[{"count":0,"href":"https:\/\/alzira.es\/es\/wp-json\/wp\/v2\/posts\/52515\/revisions"}],"wp:featuredmedia":[{"embeddable":true,"href":"https:\/\/alzira.es\/es\/wp-json\/wp\/v2\/media\/52512"}],"wp:attachment":[{"href":"https:\/\/alzira.es\/es\/wp-json\/wp\/v2\/media?parent=52515"}],"wp:term":[{"taxonomy":"category","embeddable":true,"href":"https:\/\/alzira.es\/es\/wp-json\/wp\/v2\/categories?post=52515"},{"taxonomy":"post_tag","embeddable":true,"href":"https:\/\/alzira.es\/es\/wp-json\/wp\/v2\/tags?post=52515"}],"curies":[{"name":"wp","href":"https:\/\/api.w.org\/{rel}","templated":true}]}}