{"id":52499,"date":"2020-11-19T14:21:20","date_gmt":"2020-11-19T13:21:20","guid":{"rendered":"https:\/\/alzira.es\/alzira-reduix-la-incidencia-covid\/"},"modified":"2020-11-19T14:21:20","modified_gmt":"2020-11-19T13:21:20","slug":"alzira-reduix-la-incidencia-covid","status":"publish","type":"post","link":"https:\/\/alzira.es\/es\/alzira-reduix-la-incidencia-covid\/","title":{"rendered":"Alzira reduce la incidencia despu\u00e9s de tres semanas de medidas restrictivas"},"content":{"rendered":"<ul style=\"list-style-type: circle;\">\n<li>\n<h3>El Ayuntamiento habilita dos espacios para pruebas PCR en los centros de salud<\/h3>\n<p>Como cada semana hoy ha tenido lugar la reuni\u00f3n con Salud P\u00fablica en la cual se han dado los datos actualizados de los \u00faltimos 7 d\u00edas. En el caso de Alzira, han asistido el alcalde, Diego G\u00f3mez, y la regidora de Sanidad, Gemma Al\u00f3s, a quienes se ha comunicado que a 18 de noviembre, hemos pasado de 470 a <strong>381 casos por cada 100.000 habitantes<\/strong>. Adem\u00e1s, en los \u00faltimos tres d\u00edas hay 24 positivos, y en total tenemos 174 casos activos.<\/p>\n<p>\u00abLa valoraci\u00f3n que hacemos de estos datos es que las medidas que llevamos a cabo desde hace tres semanas han conseguido mejorar las cifras, aunque estamos lejos de doblar la curva. La pasada semana anunciamos una pr\u00f3rroga hasta el d\u00eda 28, momento en el cual revisaremos de nuevo las medidas. Continuaremos haciendo todo el que est\u00e1 en nuestra mano y es de competencia local para conseguir que la incidencia se reduzca\u00bb, ha manifestado el alcalde.<\/p>\n<p>Desde el punto de vista educativo, donde preocupaba la evoluci\u00f3n del virus, las cifras indican que se ha relentizado el nivel de contagios. En general los datos de los diferentes municipios tienen la misma tendencia, ligeramente a la baja. \u00abNuestra responsabilidad como ciudadanos es ser exigentes en el cumplimiento de las medidas y poder estabilizarnos. Hay que trabajar de manera conjunta con el Departamento de Salud para poder garantizar la capacidad de respuesta del sistema sanitario\u00bb, ha a\u00f1adido el alcalde.<\/p>\n<p>Desde el Ayuntamiento de Alzira, mediante la Concejal\u00eda de Sanidad, se han adquirido dos carpas que se han instalado en los centros de salud de nuestro municipio.<\/p>\n<p>Gemma Al\u00f3s, regidora de Sanidad, recuerda que \u00abDesde el inicio de la pandemia el Ayuntamiento de Alzira se ha posado a disposici\u00f3n del Departamento de Salud de la Ribera para ayudar en todo el que fuera necesario. Estamos en permanente contacto con los responsables de los dos centros y nuestra prioridad es ayudar en la medida de nuestras posibilidades, a pesar de no tener competencia directa en su gesti\u00f3n\u00bb.<\/p>\n<p>Atendiendo las necesidades de la direcci\u00f3n de los centros de salud, la Concejal\u00eda de Sanidad ha hecho esta adquisici\u00f3n: \u00abHemos atendido la petici\u00f3n de los centros para intentar hacer m\u00e1s f\u00e1cil el trabajo de los profesionales de atenci\u00f3n primaria y tambi\u00e9n para mejorar la seguridad de los usuarios del centro de salud, puesto que ahora los pacientes que sean casos sospechosos no tendr\u00e1n que entrar en el centro para hacerse la prueba\u00bb.<\/p>\n<p><strong>MEDIDAS VIGENTES A ALZIRA<\/strong><br \/>Recordamos que el Ayuntamiento de Alzira, siguiendo las recomendaciones de las autoridades sanitarias, prorroga las medidas hasta el 28 de noviembre:<br \/>\u2022 Cerrar los parques, jardines y zonas de juego infantiles en el casco urbano y en las escuelas.<br \/>\u2022 Cerrar al p\u00fablico las dependencias municipales. Solo se podr\u00e1 acudir con cita previa.<br \/>\u2022 Cerrar las instalaciones deportivas municipales. Solo se permite la actividad federada a puerta cerrada.<br \/>\u2022 Al cementerio municipal, hay que intensificar el protocolo COVID y hacer un llamamiento a la responsabilidad.<br \/>\u2022 Suspender los talleres de juventud y los de artes pl\u00e1sticas organizados por el Ayuntamiento en la Casa de la Cultura.<br \/>\u2022 La actividad acad\u00e9mica obligatoria (escuelas e institutos) contin\u00faa con normalidad.<br \/>\u2022 Aplazar actividades culturales, de ocio y juventud programadas.<br \/>\u2022 Se recomienda no realizar reuniones de asociaciones festivas, l\u00fadicas y culturales.<br \/>\u2022 El Ayuntamiento intensificar\u00e1 el control policial para asegurar el cumplimiento de estas medidas, vigentes hasta el 28 de noviembre. No respetar las medidas puede comportar sanci\u00f3n econ\u00f3mica.<\/p>\n<p><strong>OTRAS MEDIDAS<\/strong><br \/>\u2022 Cierre perimetral de la Comunidad Valenciana hasta el viernes 13 de noviembre a las 12:00 h.<br \/>\u2022 Se limita la circulaci\u00f3n de personas entre las 00.00 y las 06:00 h.<br \/>\u2022 Se limitan a un m\u00e1ximo de 6 personas las reuniones sociofamiliares, excepto convivientes.<br \/>\u2022 No se podr\u00e1 fumar en la v\u00eda p\u00fablica, terrazas, playas u otros espacios al aire libre, cuando no se pueda respetar la distancia de 2 metros.<br \/>\u2022 Nuevas medidas aprobadas el d\u00eda 7 de noviembre hasta las 23.59 del 9 de diciembre de 2020, relativas a los aforos en velatorios y subterraneos, actas y celebraciones, comercio, hosteler\u00eda y restauraci\u00f3n, espacios culturales y de ocio, establecimientos de juego, parques infantiles, actividades deportivas y piscinas.<\/p>\n<p>Consulta todas las medidas vigentes <a href=\"index.php\/val\/noticies\/12485-mesures-vigents-contra-la-covid19\" rel=\"nofollow noopener\" target=\"_blank\">aqu\u00ed<\/a><\/p>\n<\/li>\n<\/ul>\n<p><img fetchpriority=\"high\" decoding=\"async\" width=\"1187\" height=\"674\" class=\" size-full wp-image-52495\" src=\"https:\/\/alzira.es\/wp-content\/uploads\/2020\/11\/Alzira_II.jpg\" alt=\"Alzira II\" srcset=\"https:\/\/alzira.es\/wp-content\/uploads\/2020\/11\/Alzira_II.jpg 1187w, https:\/\/alzira.es\/wp-content\/uploads\/2020\/11\/Alzira_II-680x386.jpg 680w, https:\/\/alzira.es\/wp-content\/uploads\/2020\/11\/Alzira_II-768x436.jpg 768w\" sizes=\"(max-width: 706px) 89vw, (max-width: 767px) 82vw, 740px\" \/><\/p>\n<p><img decoding=\"async\" width=\"1024\" height=\"768\" class=\"size-full wp-image-52497 lazyload\" data-src=\"https:\/\/alzira.es\/wp-content\/uploads\/2020\/11\/reunio_sanitat_2.jpeg\" alt=\"reunio sanitat 2\" data-srcset=\"https:\/\/alzira.es\/wp-content\/uploads\/2020\/11\/reunio_sanitat_2.jpeg 1024w, https:\/\/alzira.es\/wp-content\/uploads\/2020\/11\/reunio_sanitat_2-680x510.jpeg 680w, https:\/\/alzira.es\/wp-content\/uploads\/2020\/11\/reunio_sanitat_2-768x576.jpeg 768w\" data-sizes=\"(max-width: 706px) 89vw, (max-width: 767px) 82vw, 740px\" src=\"data:image\/svg+xml;base64,PHN2ZyB3aWR0aD0iMSIgaGVpZ2h0PSIxIiB4bWxucz0iaHR0cDovL3d3dy53My5vcmcvMjAwMC9zdmciPjwvc3ZnPg==\" style=\"--smush-placeholder-width: 1024px; --smush-placeholder-aspect-ratio: 1024\/768;\" \/><\/p>\n","protected":false},"excerpt":{"rendered":"<p>El Ayuntamiento habilita dos espacios para pruebas PCR en los centros de salud Como cada semana hoy ha tenido lugar la reuni\u00f3n con Salud P\u00fablica en la cual se han dado los datos actualizados de los \u00faltimos 7 d\u00edas. En el caso de Alzira, han asistido el alcalde, Diego G\u00f3mez, y la regidora de Sanidad, &hellip; <\/p>\n<p class=\"link-more\"><a href=\"https:\/\/alzira.es\/es\/alzira-reduix-la-incidencia-covid\/\" class=\"more-link\">Continuar leyendo<span class=\"screen-reader-text\"> \u00abAlzira reduce la incidencia despu\u00e9s de tres semanas de medidas restrictivas\u00bb<\/span><\/a><\/p>\n","protected":false},"author":29,"featured_media":52495,"comment_status":"","ping_status":"","sticky":false,"template":"","format":"standard","meta":{"_acf_changed":false,"footnotes":""},"categories":[4936],"tags":[],"class_list":["post-52499","post","type-post","status-publish","format-standard","has-post-thumbnail","hentry","category-hemeroteca-es"],"acf":[],"_links":{"self":[{"href":"https:\/\/alzira.es\/es\/wp-json\/wp\/v2\/posts\/52499","targetHints":{"allow":["GET"]}}],"collection":[{"href":"https:\/\/alzira.es\/es\/wp-json\/wp\/v2\/posts"}],"about":[{"href":"https:\/\/alzira.es\/es\/wp-json\/wp\/v2\/types\/post"}],"author":[{"embeddable":true,"href":"https:\/\/alzira.es\/es\/wp-json\/wp\/v2\/users\/29"}],"replies":[{"embeddable":true,"href":"https:\/\/alzira.es\/es\/wp-json\/wp\/v2\/comments?post=52499"}],"version-history":[{"count":0,"href":"https:\/\/alzira.es\/es\/wp-json\/wp\/v2\/posts\/52499\/revisions"}],"wp:featuredmedia":[{"embeddable":true,"href":"https:\/\/alzira.es\/es\/wp-json\/wp\/v2\/media\/52495"}],"wp:attachment":[{"href":"https:\/\/alzira.es\/es\/wp-json\/wp\/v2\/media?parent=52499"}],"wp:term":[{"taxonomy":"category","embeddable":true,"href":"https:\/\/alzira.es\/es\/wp-json\/wp\/v2\/categories?post=52499"},{"taxonomy":"post_tag","embeddable":true,"href":"https:\/\/alzira.es\/es\/wp-json\/wp\/v2\/tags?post=52499"}],"curies":[{"name":"wp","href":"https:\/\/api.w.org\/{rel}","templated":true}]}}