{"id":52484,"date":"2020-11-17T14:03:21","date_gmt":"2020-11-17T13:03:21","guid":{"rendered":"https:\/\/alzira.es\/l-ajuntament-d-alzira-dona-la-benvinguda-a-30-persones-del-pla-d-ocupacio-ecovid-de-labora-2\/"},"modified":"2020-11-17T14:03:21","modified_gmt":"2020-11-17T13:03:21","slug":"l-ajuntament-d-alzira-dona-la-benvinguda-a-30-persones-del-pla-d-ocupacio-ecovid-de-labora-2","status":"publish","type":"post","link":"https:\/\/alzira.es\/es\/l-ajuntament-d-alzira-dona-la-benvinguda-a-30-persones-del-pla-d-ocupacio-ecovid-de-labora-2\/","title":{"rendered":"L\u2019Ajuntament d\u2019Alzira dona la benvinguda a 30 persones del pla d\u2019ocupaci\u00f3 Ecovid de LABORA"},"content":{"rendered":"<p><strong>Es gestionen 392.078,82\u20ac en ajudes per a contraccions de sis mesos per a pal\u00b7liar els efectes de la Covid<\/strong><\/p>\n<p>Alzira ha rebut este mat\u00ed les <strong>30 persones seleccionades <\/strong>dins del<strong> pla d&#8217;ocupaci\u00f3 ECOVID 2020<\/strong> que subvenciona Labora. Es tracta d&#8217;una iniciativa social destinada a la contractaci\u00f3 de persones de m\u00e9s de 30 anys durant 6 mesos que han resultat desocupades com a conseq\u00fc\u00e8ncia de la conjuntura derivada per la COVID 19.<\/p>\n<p><em>\u00abAmb este Pla donem resposta, junt a la conselleria, a les necessitats dels diferents departaments municipals i perqu\u00e8 millorem la situaci\u00f3 de la nostra ciutat, afectada per esta greu crisi no nom\u00e9s a nivel sanitari, sino social i econ\u00f2mic. Volem donar suport a la ciutadania i al mateix temps fomentar la seua inserci\u00f3 laboral, ja que es tracta de persones aturades a partir de mar\u00e7 de 2020 per la situaci\u00f3 de pand\u00e8mia\u00bb<\/em>, ha declarat l&#8217;alcalde, <strong>Diego G\u00f3mez<\/strong>.<\/p>\n<p>L&#8217;Ajuntament d&#8217;Alzira gestionar\u00e0 un pressupost total de 392.078,82\u20ac, per a la incorporaci\u00f3 de treballadors i treballadores que cobriran llocs de treball en Idea, el Muma, la Biblioteca, en la Regidoria de Serveis Urbans, de Medi Ambient, Joventut i Serveis Socials aix\u00ed com departaments com ara Intervenci\u00f3, Comunicaci\u00f3, Tresoreria i Recaptaci\u00f3.<\/p>\n<p><span style=\"text-decoration: underline;\">Els perfils sol\u00b7licitats pel consistori s\u00f3n<\/span>:<br \/>\u2022 Conserge en general<br \/>\u2022 Dissenyador\/a gr\u00e0fic i multim\u00e8dia<br \/>\u2022 Empleat administratiu en general (auxiliar administratiu)<br \/>\u2022 Enginyer\/a t\u00e8cnic\/a inform\u00e0tic<br \/>\u2022 Netejador\/a en general AP Ordenan\u00e7a<br \/>\u2022 Orientador\/a professional per a la inserci\u00f3-t\u00e8cnic\/a mitj\u00e0 en orientaci\u00f3 professional<br \/>\u2022 T\u00e8cnic\/a en gesti\u00f3 d&#8217;estocs i\/ o magatzem<br \/>\u2022 T\u00e8cnic\/a informador tur\u00edstic-guia de turisme<br \/>\u2022 Vigilant en general<\/p>\n<p style=\"text-align: center;\"><img fetchpriority=\"high\" decoding=\"async\" class=\" size-full wp-image-52481\" src=\"https:\/\/alzira.es\/wp-content\/uploads\/2020\/11\/ecovid_gva_1.jpeg\" alt=\"ecovid gva 1\" width=\"1052\" height=\"933\" srcset=\"https:\/\/alzira.es\/wp-content\/uploads\/2020\/11\/ecovid_gva_1-576x510.jpeg 576w, https:\/\/alzira.es\/wp-content\/uploads\/2020\/11\/ecovid_gva_1-768x680.jpeg 768w\" sizes=\"(max-width: 706px) 89vw, (max-width: 767px) 82vw, 740px\" \/><\/p>\n","protected":false},"excerpt":{"rendered":"<p>Es gestionen 392.078,82\u20ac en ajudes per a contraccions de sis mesos per a pal\u00b7liar els efectes de la Covid Alzira ha rebut este mat\u00ed les 30 persones seleccionades dins del pla d&#8217;ocupaci\u00f3 ECOVID 2020 que subvenciona Labora. Es tracta d&#8217;una iniciativa social destinada a la contractaci\u00f3 de persones de m\u00e9s de 30 anys durant 6 &hellip; <\/p>\n<p class=\"link-more\"><a href=\"https:\/\/alzira.es\/es\/l-ajuntament-d-alzira-dona-la-benvinguda-a-30-persones-del-pla-d-ocupacio-ecovid-de-labora-2\/\" class=\"more-link\">Continuar leyendo<span class=\"screen-reader-text\"> \u00abL\u2019Ajuntament d\u2019Alzira dona la benvinguda a 30 persones del pla d\u2019ocupaci\u00f3 Ecovid de LABORA\u00bb<\/span><\/a><\/p>\n","protected":false},"author":29,"featured_media":52481,"comment_status":"","ping_status":"","sticky":false,"template":"","format":"standard","meta":{"_acf_changed":false,"footnotes":""},"categories":[],"tags":[],"class_list":["post-52484","post","type-post","status-publish","format-standard","has-post-thumbnail","hentry"],"acf":[],"_links":{"self":[{"href":"https:\/\/alzira.es\/es\/wp-json\/wp\/v2\/posts\/52484","targetHints":{"allow":["GET"]}}],"collection":[{"href":"https:\/\/alzira.es\/es\/wp-json\/wp\/v2\/posts"}],"about":[{"href":"https:\/\/alzira.es\/es\/wp-json\/wp\/v2\/types\/post"}],"author":[{"embeddable":true,"href":"https:\/\/alzira.es\/es\/wp-json\/wp\/v2\/users\/29"}],"replies":[{"embeddable":true,"href":"https:\/\/alzira.es\/es\/wp-json\/wp\/v2\/comments?post=52484"}],"version-history":[{"count":0,"href":"https:\/\/alzira.es\/es\/wp-json\/wp\/v2\/posts\/52484\/revisions"}],"wp:featuredmedia":[{"embeddable":true,"href":"https:\/\/alzira.es\/es\/wp-json\/wp\/v2\/media\/52481"}],"wp:attachment":[{"href":"https:\/\/alzira.es\/es\/wp-json\/wp\/v2\/media?parent=52484"}],"wp:term":[{"taxonomy":"category","embeddable":true,"href":"https:\/\/alzira.es\/es\/wp-json\/wp\/v2\/categories?post=52484"},{"taxonomy":"post_tag","embeddable":true,"href":"https:\/\/alzira.es\/es\/wp-json\/wp\/v2\/tags?post=52484"}],"curies":[{"name":"wp","href":"https:\/\/api.w.org\/{rel}","templated":true}]}}