{"id":52483,"date":"2020-11-17T14:03:21","date_gmt":"2020-11-17T13:03:21","guid":{"rendered":"https:\/\/alzira.es\/l-ajuntament-d-alzira-dona-la-benvinguda-a-30-persones-del-pla-d-ocupacio-ecovid-de-labora\/"},"modified":"2020-11-17T14:03:21","modified_gmt":"2020-11-17T13:03:21","slug":"l-ajuntament-d-alzira-dona-la-benvinguda-a-30-persones-del-pla-d-ocupacio-ecovid-de-labora","status":"publish","type":"post","link":"https:\/\/alzira.es\/es\/l-ajuntament-d-alzira-dona-la-benvinguda-a-30-persones-del-pla-d-ocupacio-ecovid-de-labora\/","title":{"rendered":"El Ayuntamiento de Alzira da la bienvenida a 30 personas del plan de ocupaci\u00f3n Ecovid de LABORA"},"content":{"rendered":"<p><strong>Se gestionan 392.078,82\u20ac en ayudas para contracciones de seis meses para paliar los efectos de la Covid<\/strong><\/p>\n<p>Alzira ha recibido esta ma\u00f1ana las <strong>30 personas seleccionadas<\/strong> dentro del <strong>plan de ocupaci\u00f3n ECOVID 2020<\/strong> que subvenciona Labora. Se trata de una iniciativa social destinada a la contrataci\u00f3n de personas de m\u00e1s de 30 a\u00f1os durante 6 meses que han resultado desocupadas como consecuencia de la coyuntura derivada por la COVID 19.<\/p>\n<p><em>\u00abCon este Plan damos respuesta, junto a la conseller\u00eda, a las necesidades de los diferentes departamentos municipales y por mejorar la situaci\u00f3n de nuestra ciudad, afectada por esta grave crisis no solo a nivel sanitario, sino social y econ\u00f3mico. Queremos apoyar a la ciudadan\u00eda y al mismo tiempo fomentar su inserci\u00f3n laboral, puesto que se trata de personas paradas a partir de marzo de 2020 por la situaci\u00f3n de pandemia\u00bb<\/em>, ha declarado el alcalde, <strong>Diego G\u00f3mez<\/strong>.<\/p>\n<p>El Ayuntamiento de Alzira gestionar\u00e1 un presupuesto total de 392.078,82\u20ac, para la incorporaci\u00f3n de trabajadores y trabajadoras que cubrir\u00e1n puestos de trabajo en Idea, el Muma, la Biblioteca, en la Concejal\u00eda de Servicios Urbanos, de Medio Ambiente, Juventud y Servicios Sociales as\u00ed como departamentos como por ejemplo Intervenci\u00f3n, Comunicaci\u00f3n, Tesorer\u00eda y Recaudaci\u00f3n.<\/p>\n<p><span style=\"text-decoration: underline;\">Los perfiles solicitados por el consistorio son<\/span>:<br \/>\u2022 Conserje en general<br \/>\u2022 Dise\u00f1ador\/a gr\u00e1fico y multimedia<br \/>\u2022 Empleado administrativo en general (auxiliar administrativo)<br \/>\u2022 Ingeniero\/a t\u00e9cnico\/a inform\u00e1tico<br \/>\u2022 Limpiador\/a en general AP Ordenanza<br \/>\u2022 Orientador\/a profesional para la inserci\u00f3n-t\u00e9cnico\/a medio en orientaci\u00f3n profesional<br \/>\u2022 T\u00e9cnico\/a en gesti\u00f3n de stocks y\/ o almac\u00e9n<br \/>\u2022 T\u00e9cnico\/a informador tur\u00edstico-gu\u00eda de turismo<br \/>\u2022 Vigilante en general<\/p>\n<p style=\"text-align: center;\"><img fetchpriority=\"high\" decoding=\"async\" class=\" size-full wp-image-52481\" src=\"https:\/\/alzira.es\/wp-content\/uploads\/2020\/11\/ecovid_gva_1.jpeg\" alt=\"ecovid gva 1\" width=\"500\" height=\"443\" srcset=\"https:\/\/alzira.es\/wp-content\/uploads\/2020\/11\/ecovid_gva_1.jpeg 1600w, https:\/\/alzira.es\/wp-content\/uploads\/2020\/11\/ecovid_gva_1-576x510.jpeg 576w, https:\/\/alzira.es\/wp-content\/uploads\/2020\/11\/ecovid_gva_1-1211x1072.jpeg 1211w, https:\/\/alzira.es\/wp-content\/uploads\/2020\/11\/ecovid_gva_1-768x680.jpeg 768w, https:\/\/alzira.es\/wp-content\/uploads\/2020\/11\/ecovid_gva_1-1536x1359.jpeg 1536w\" sizes=\"(max-width: 500px) 100vw, 500px\" \/><\/p>\n","protected":false},"excerpt":{"rendered":"<p>Se gestionan 392.078,82\u20ac en ayudas para contracciones de seis meses para paliar los efectos de la Covid Alzira ha recibido esta ma\u00f1ana las 30 personas seleccionadas dentro del plan de ocupaci\u00f3n ECOVID 2020 que subvenciona Labora. Se trata de una iniciativa social destinada a la contrataci\u00f3n de personas de m\u00e1s de 30 a\u00f1os durante 6 &hellip; <\/p>\n<p class=\"link-more\"><a href=\"https:\/\/alzira.es\/es\/l-ajuntament-d-alzira-dona-la-benvinguda-a-30-persones-del-pla-d-ocupacio-ecovid-de-labora\/\" class=\"more-link\">Continuar leyendo<span class=\"screen-reader-text\"> \u00abEl Ayuntamiento de Alzira da la bienvenida a 30 personas del plan de ocupaci\u00f3n Ecovid de LABORA\u00bb<\/span><\/a><\/p>\n","protected":false},"author":29,"featured_media":52481,"comment_status":"","ping_status":"","sticky":false,"template":"","format":"standard","meta":{"_acf_changed":false,"footnotes":""},"categories":[4936],"tags":[],"class_list":["post-52483","post","type-post","status-publish","format-standard","has-post-thumbnail","hentry","category-hemeroteca-es"],"acf":[],"_links":{"self":[{"href":"https:\/\/alzira.es\/es\/wp-json\/wp\/v2\/posts\/52483","targetHints":{"allow":["GET"]}}],"collection":[{"href":"https:\/\/alzira.es\/es\/wp-json\/wp\/v2\/posts"}],"about":[{"href":"https:\/\/alzira.es\/es\/wp-json\/wp\/v2\/types\/post"}],"author":[{"embeddable":true,"href":"https:\/\/alzira.es\/es\/wp-json\/wp\/v2\/users\/29"}],"replies":[{"embeddable":true,"href":"https:\/\/alzira.es\/es\/wp-json\/wp\/v2\/comments?post=52483"}],"version-history":[{"count":0,"href":"https:\/\/alzira.es\/es\/wp-json\/wp\/v2\/posts\/52483\/revisions"}],"wp:featuredmedia":[{"embeddable":true,"href":"https:\/\/alzira.es\/es\/wp-json\/wp\/v2\/media\/52481"}],"wp:attachment":[{"href":"https:\/\/alzira.es\/es\/wp-json\/wp\/v2\/media?parent=52483"}],"wp:term":[{"taxonomy":"category","embeddable":true,"href":"https:\/\/alzira.es\/es\/wp-json\/wp\/v2\/categories?post=52483"},{"taxonomy":"post_tag","embeddable":true,"href":"https:\/\/alzira.es\/es\/wp-json\/wp\/v2\/tags?post=52483"}],"curies":[{"name":"wp","href":"https:\/\/api.w.org\/{rel}","templated":true}]}}