{"id":52476,"date":"2020-11-17T12:23:06","date_gmt":"2020-11-17T11:23:06","guid":{"rendered":"https:\/\/alzira.es\/trenta-tres-fanals-han-sigut-objecte-de-proteccio-per-a-evitar-caigudes-2\/"},"modified":"2020-11-17T12:23:06","modified_gmt":"2020-11-17T11:23:06","slug":"trenta-tres-fanals-han-sigut-objecte-de-proteccio-per-a-evitar-caigudes-2","status":"publish","type":"post","link":"https:\/\/alzira.es\/es\/trenta-tres-fanals-han-sigut-objecte-de-proteccio-per-a-evitar-caigudes-2\/","title":{"rendered":"Trenta-tres fanals han sigut objecte de protecci\u00f3 per a evitar caigudes"},"content":{"rendered":"<p>Des de la Regidoria de Serveis Urbans s&#8217;han revestit els baixos de trenta-tres fanals amb uns protectors especials que contenen diversos components per a l&#8217;elaboraci\u00f3 del pl\u00e0stic.<\/p>\n<p>La finalitat \u00e9s la de protegir la base dels fanals, molt castigada per les constants deposicions d&#8217;or\u00ed dels gossos, que acaba ocasionant corrosi\u00f3 de la xapa d&#8217;acer, la qual cosa provoca un perill si el fanal acaba caient a la via p\u00fablica. Per a evitar esta circumst\u00e0ncia s&#8217;han refor\u00e7at les bases de diversos fanals, recobrint-los amb un element que evita que l&#8217;or\u00ed desgaste l&#8217;acer, i per conseg\u00fcent afecte l&#8217;estabilitat del fanal.<\/p>\n<p>En esta nova fase de manteniment dels fanals s&#8217;ha actuat als carrers Pere Esplugues, Esperan\u00e7a, Sant Salvador, Massalav\u00e9s i Pare Pompili.<\/p>\n<p>\u00abAmb esta acci\u00f3 protegim, per un costat, els fanals que encara no han sigut afectats per l&#8217;erosi\u00f3 i, per l&#8217;altre, reforcem aquells que mostren un avan\u00e7at desgast al seu ancoratge per evitar que acaben caient. Continuarem en successives fases actuant en m\u00e9s fanals del nucli urb\u00e0, encara que vull aprofitar per a realitzar una crida als propietaris de gossos per tal de demanar-los que contribu\u00efsquen al manteniment dels fanals en la via p\u00fablica intentant evitar que el gos diposite l&#8217;or\u00ed a la base dels fanals\u00bb, ha declarat el regidor de Serveis Urbans, <strong>Fernando Pascual<\/strong>.<\/p>\n<p><img fetchpriority=\"high\" decoding=\"async\" width=\"1600\" height=\"1200\" class=\" size-full wp-image-52471\" src=\"https:\/\/alzira.es\/wp-content\/uploads\/2020\/11\/fanals_1.jpg\" alt=\"fanals 1\" srcset=\"https:\/\/alzira.es\/wp-content\/uploads\/2020\/11\/fanals_1.jpg 1600w, https:\/\/alzira.es\/wp-content\/uploads\/2020\/11\/fanals_1-680x510.jpg 680w, https:\/\/alzira.es\/wp-content\/uploads\/2020\/11\/fanals_1-1430x1072.jpg 1430w, https:\/\/alzira.es\/wp-content\/uploads\/2020\/11\/fanals_1-768x576.jpg 768w, https:\/\/alzira.es\/wp-content\/uploads\/2020\/11\/fanals_1-1536x1152.jpg 1536w\" sizes=\"(max-width: 706px) 89vw, (max-width: 767px) 82vw, 740px\" \/><\/p>\n<p><img decoding=\"async\" width=\"1200\" height=\"1600\" class=\"size-full wp-image-52473 lazyload\" data-src=\"https:\/\/alzira.es\/wp-content\/uploads\/2020\/11\/fanals.jpg\" alt=\"fanals\" data-srcset=\"https:\/\/alzira.es\/wp-content\/uploads\/2020\/11\/fanals.jpg 1200w, https:\/\/alzira.es\/wp-content\/uploads\/2020\/11\/fanals-383x510.jpg 383w, https:\/\/alzira.es\/wp-content\/uploads\/2020\/11\/fanals-804x1072.jpg 804w, https:\/\/alzira.es\/wp-content\/uploads\/2020\/11\/fanals-768x1024.jpg 768w, https:\/\/alzira.es\/wp-content\/uploads\/2020\/11\/fanals-300x400.jpg 300w, https:\/\/alzira.es\/wp-content\/uploads\/2020\/11\/fanals-1152x1536.jpg 1152w\" data-sizes=\"(max-width: 706px) 89vw, (max-width: 767px) 82vw, 740px\" src=\"data:image\/svg+xml;base64,PHN2ZyB3aWR0aD0iMSIgaGVpZ2h0PSIxIiB4bWxucz0iaHR0cDovL3d3dy53My5vcmcvMjAwMC9zdmciPjwvc3ZnPg==\" style=\"--smush-placeholder-width: 1200px; --smush-placeholder-aspect-ratio: 1200\/1600;\" \/><\/p>\n","protected":false},"excerpt":{"rendered":"<p>Des de la Regidoria de Serveis Urbans s&#8217;han revestit els baixos de trenta-tres fanals amb uns protectors especials que contenen diversos components per a l&#8217;elaboraci\u00f3 del pl\u00e0stic. La finalitat \u00e9s la de protegir la base dels fanals, molt castigada per les constants deposicions d&#8217;or\u00ed dels gossos, que acaba ocasionant corrosi\u00f3 de la xapa d&#8217;acer, la &hellip; <\/p>\n<p class=\"link-more\"><a href=\"https:\/\/alzira.es\/es\/trenta-tres-fanals-han-sigut-objecte-de-proteccio-per-a-evitar-caigudes-2\/\" class=\"more-link\">Continuar leyendo<span class=\"screen-reader-text\"> \u00abTrenta-tres fanals han sigut objecte de protecci\u00f3 per a evitar caigudes\u00bb<\/span><\/a><\/p>\n","protected":false},"author":29,"featured_media":52471,"comment_status":"","ping_status":"","sticky":false,"template":"","format":"standard","meta":{"_acf_changed":false,"footnotes":""},"categories":[],"tags":[],"class_list":["post-52476","post","type-post","status-publish","format-standard","has-post-thumbnail","hentry"],"acf":[],"_links":{"self":[{"href":"https:\/\/alzira.es\/es\/wp-json\/wp\/v2\/posts\/52476","targetHints":{"allow":["GET"]}}],"collection":[{"href":"https:\/\/alzira.es\/es\/wp-json\/wp\/v2\/posts"}],"about":[{"href":"https:\/\/alzira.es\/es\/wp-json\/wp\/v2\/types\/post"}],"author":[{"embeddable":true,"href":"https:\/\/alzira.es\/es\/wp-json\/wp\/v2\/users\/29"}],"replies":[{"embeddable":true,"href":"https:\/\/alzira.es\/es\/wp-json\/wp\/v2\/comments?post=52476"}],"version-history":[{"count":0,"href":"https:\/\/alzira.es\/es\/wp-json\/wp\/v2\/posts\/52476\/revisions"}],"wp:featuredmedia":[{"embeddable":true,"href":"https:\/\/alzira.es\/es\/wp-json\/wp\/v2\/media\/52471"}],"wp:attachment":[{"href":"https:\/\/alzira.es\/es\/wp-json\/wp\/v2\/media?parent=52476"}],"wp:term":[{"taxonomy":"category","embeddable":true,"href":"https:\/\/alzira.es\/es\/wp-json\/wp\/v2\/categories?post=52476"},{"taxonomy":"post_tag","embeddable":true,"href":"https:\/\/alzira.es\/es\/wp-json\/wp\/v2\/tags?post=52476"}],"curies":[{"name":"wp","href":"https:\/\/api.w.org\/{rel}","templated":true}]}}