{"id":52475,"date":"2020-11-17T12:23:06","date_gmt":"2020-11-17T11:23:06","guid":{"rendered":"https:\/\/alzira.es\/trenta-tres-fanals-han-sigut-objecte-de-proteccio-per-a-evitar-caigudes\/"},"modified":"2020-11-17T12:23:06","modified_gmt":"2020-11-17T11:23:06","slug":"trenta-tres-fanals-han-sigut-objecte-de-proteccio-per-a-evitar-caigudes","status":"publish","type":"post","link":"https:\/\/alzira.es\/es\/trenta-tres-fanals-han-sigut-objecte-de-proteccio-per-a-evitar-caigudes\/","title":{"rendered":"Treinta y tres farolas han sido objeto de protecci\u00f3n para evitar ca\u00eddas"},"content":{"rendered":"<p>Desde la Concejal\u00eda de Servicios Urbanos se han revestido los bajos de treinta y tres farolas con unos protectores especiales que contienen varios componentes para la elaboraci\u00f3n del pl\u00e1stico.<\/p>\n<p>La finalidad es la de proteger la base de las farolas, muy castigada por las constantes deposiciones de la orina de los perros, que acaba ocasionando corrosi\u00f3n de la chapa de acero, lo cual provoca un peligro si la farola acaba cayendo a la v\u00eda p\u00fablica. Para evitar esta circunstancia se han reforzado las bases de varias farolas, recubri\u00e9ndolos con un elemento que evita que la orina desgaste el acero, y por consiguiente afecto la estabilidad de la farola.<\/p>\n<p>En esta nueva fase de mantenimiento de las farolas se ha actuado en las calles Pere Esplugues, Esperan\u00e7a, San Salvador, Massalav\u00e9s y Pare Pompili.<\/p>\n<p>\u00abCon esta acci\u00f3n protegemos, por un lado, las farolas que todav\u00eda no han sido afectados por la erosi\u00f3n y, por el otro, reforzamos aquellos que muestran un avanzado desgaste a su anclaje para evitar que acaben cayendo. Continuaremos en sucesivas fases actuando en m\u00e1s farolas del casco urbano, aunque quiero aprovechar para realizar un llamamiento a los propietarios de perros para pedirlos que contribuyan al mantenimiento de las farolas en la v\u00eda p\u00fablica intentando evitar que el perro deposite la orina en la base de las farolas\u00bb, ha declarado el regidor de Servicios Urbanos, <strong>Fernando Pascual<\/strong>.<\/p>\n<p><img fetchpriority=\"high\" decoding=\"async\" width=\"1600\" height=\"1200\" class=\" size-full wp-image-52471\" src=\"https:\/\/alzira.es\/wp-content\/uploads\/2020\/11\/fanals_1.jpg\" alt=\"fanals 1\" srcset=\"https:\/\/alzira.es\/wp-content\/uploads\/2020\/11\/fanals_1.jpg 1600w, https:\/\/alzira.es\/wp-content\/uploads\/2020\/11\/fanals_1-680x510.jpg 680w, https:\/\/alzira.es\/wp-content\/uploads\/2020\/11\/fanals_1-1430x1072.jpg 1430w, https:\/\/alzira.es\/wp-content\/uploads\/2020\/11\/fanals_1-768x576.jpg 768w, https:\/\/alzira.es\/wp-content\/uploads\/2020\/11\/fanals_1-1536x1152.jpg 1536w\" sizes=\"(max-width: 706px) 89vw, (max-width: 767px) 82vw, 740px\" \/><\/p>\n<p><img decoding=\"async\" width=\"1200\" height=\"1600\" class=\"size-full wp-image-52473 lazyload\" data-src=\"https:\/\/alzira.es\/wp-content\/uploads\/2020\/11\/fanals.jpg\" alt=\"fanals\" data-srcset=\"https:\/\/alzira.es\/wp-content\/uploads\/2020\/11\/fanals.jpg 1200w, https:\/\/alzira.es\/wp-content\/uploads\/2020\/11\/fanals-383x510.jpg 383w, https:\/\/alzira.es\/wp-content\/uploads\/2020\/11\/fanals-804x1072.jpg 804w, https:\/\/alzira.es\/wp-content\/uploads\/2020\/11\/fanals-768x1024.jpg 768w, https:\/\/alzira.es\/wp-content\/uploads\/2020\/11\/fanals-300x400.jpg 300w, https:\/\/alzira.es\/wp-content\/uploads\/2020\/11\/fanals-1152x1536.jpg 1152w\" data-sizes=\"(max-width: 706px) 89vw, (max-width: 767px) 82vw, 740px\" src=\"data:image\/svg+xml;base64,PHN2ZyB3aWR0aD0iMSIgaGVpZ2h0PSIxIiB4bWxucz0iaHR0cDovL3d3dy53My5vcmcvMjAwMC9zdmciPjwvc3ZnPg==\" style=\"--smush-placeholder-width: 1200px; --smush-placeholder-aspect-ratio: 1200\/1600;\" \/><\/p>\n","protected":false},"excerpt":{"rendered":"<p>Desde la Concejal\u00eda de Servicios Urbanos se han revestido los bajos de treinta y tres farolas con unos protectores especiales que contienen varios componentes para la elaboraci\u00f3n del pl\u00e1stico. La finalidad es la de proteger la base de las farolas, muy castigada por las constantes deposiciones de la orina de los perros, que acaba ocasionando &hellip; <\/p>\n<p class=\"link-more\"><a href=\"https:\/\/alzira.es\/es\/trenta-tres-fanals-han-sigut-objecte-de-proteccio-per-a-evitar-caigudes\/\" class=\"more-link\">Continuar leyendo<span class=\"screen-reader-text\"> \u00abTreinta y tres farolas han sido objeto de protecci\u00f3n para evitar ca\u00eddas\u00bb<\/span><\/a><\/p>\n","protected":false},"author":29,"featured_media":52471,"comment_status":"","ping_status":"","sticky":false,"template":"","format":"standard","meta":{"_acf_changed":false,"footnotes":""},"categories":[4936],"tags":[],"class_list":["post-52475","post","type-post","status-publish","format-standard","has-post-thumbnail","hentry","category-hemeroteca-es"],"acf":[],"_links":{"self":[{"href":"https:\/\/alzira.es\/es\/wp-json\/wp\/v2\/posts\/52475","targetHints":{"allow":["GET"]}}],"collection":[{"href":"https:\/\/alzira.es\/es\/wp-json\/wp\/v2\/posts"}],"about":[{"href":"https:\/\/alzira.es\/es\/wp-json\/wp\/v2\/types\/post"}],"author":[{"embeddable":true,"href":"https:\/\/alzira.es\/es\/wp-json\/wp\/v2\/users\/29"}],"replies":[{"embeddable":true,"href":"https:\/\/alzira.es\/es\/wp-json\/wp\/v2\/comments?post=52475"}],"version-history":[{"count":0,"href":"https:\/\/alzira.es\/es\/wp-json\/wp\/v2\/posts\/52475\/revisions"}],"wp:featuredmedia":[{"embeddable":true,"href":"https:\/\/alzira.es\/es\/wp-json\/wp\/v2\/media\/52471"}],"wp:attachment":[{"href":"https:\/\/alzira.es\/es\/wp-json\/wp\/v2\/media?parent=52475"}],"wp:term":[{"taxonomy":"category","embeddable":true,"href":"https:\/\/alzira.es\/es\/wp-json\/wp\/v2\/categories?post=52475"},{"taxonomy":"post_tag","embeddable":true,"href":"https:\/\/alzira.es\/es\/wp-json\/wp\/v2\/tags?post=52475"}],"curies":[{"name":"wp","href":"https:\/\/api.w.org\/{rel}","templated":true}]}}