{"id":52467,"date":"2020-11-16T16:01:44","date_gmt":"2020-11-16T15:01:44","guid":{"rendered":"https:\/\/alzira.es\/alzira-proposa-que-la-generalitat-adopte-mesures-mes-restrictives-per-a-contindre-el-virus-2\/"},"modified":"2020-11-16T16:01:44","modified_gmt":"2020-11-16T15:01:44","slug":"alzira-proposa-que-la-generalitat-adopte-mesures-mes-restrictives-per-a-contindre-el-virus-2","status":"publish","type":"post","link":"https:\/\/alzira.es\/es\/alzira-proposa-que-la-generalitat-adopte-mesures-mes-restrictives-per-a-contindre-el-virus-2\/","title":{"rendered":"Alzira proposa que la Generalitat adopte  mesures m\u00e9s restrictives per a contindre el virus"},"content":{"rendered":"<p>Es demana la col\u00b7laboraci\u00f3 de l&#8217;hostaleria en el compliment de les mesures.<\/p>\n<p>L&#8217;alcalde d&#8217;Alzira, Diego G\u00f3mez ha proposat a la Secret\u00e0ria Auton\u00f2mica de Salut P\u00fablica, Isaura Navarro, que s&#8217;apliquen mesures m\u00e9s restrictives a la ciutat i a la comarca, per a fer front a la Covid 19.<\/p>\n<p>Davant l&#8217;augment dels contagis, l&#8217;alcalde d&#8217;Alzira, Diego G\u00f3mez ha demanat m\u00e9s control pel que fa als aforaments i els horaris de limitaci\u00f3 de moviment. G\u00f3mez ha traslladat la situaci\u00f3 \u00abEns preocupen les dades que tenim tant a la ciutat com a la comarca pel nivell de contagis. Cal saber que en una quarta part de la comarca, se superen els 500 cada 100.000 habitants. Alzira, encara que no arriba a eixa xifra es queda ben a prop amb una incid\u00e8ncia de 470 per cada 100.000 habitants. No aconseguim abaixar la corba i per aix\u00f2 volem demanar mesures addicionals que exedixen la nostra compet\u00e8ncia i que elevem a la conselleria per a fer un control d&#8217;aforaments i limitaci\u00f3 de moviment m\u00e9s exigent\u00bb.<\/p>\n<p>Per la seua part, la Secret\u00e0ria Auton\u00f2mica ha manifestat que \u00abDes de Salut P\u00fablica de la Generalitat hem escoltat les peticions i reivindicacions de l&#8217;alcalde d&#8217;Alzira, el plantejament est\u00e0 damunt de la taula, ja que les mesures adoptades per Conselleria estan en continua revisi\u00f3\u00bb<\/p>\n<p>La reuni\u00f3 s&#8217;ha produ\u00eft en l&#8217;Ajuntament d&#8217;Alzira amb la pres\u00e8ncia de la regidora de sanitat Gemma Al\u00f2s i el Director de Salut P\u00fablica del Departament de Salut de la Ribera, Jos\u00e9 A\u00f1\u00f3. L&#8217;alcalde d&#8217;Alzira ha traslladat a Salut Publica la seua preocupaci\u00f3 davant la dispersi\u00f3 dels casos en l&#8217;\u00e0mbit escolar i social a Alzira i la pres\u00e8ncia de la Covid-19 als camps i magatzems de caquis i c\u00edtrics. \u00abDemanem al sector de l&#8217;hostaleria la seua col\u00b7laboraci\u00f3 activa per a assegurar el compliment de les mesures, pel que fa a aforaments, horaris, \u00fas de mascareta, dist\u00e0ncia o la ventilaci\u00f3. Sabem que estem en un moment molt complicat amb moltes mesures, per\u00f2 cal que tots i totes siguem responsables i fem tot el possible per a complir les mesures\u00bb.<\/p>\n<p>Isaura Navarro ha explicat que, en el marc de contacte permanent entre Salut P\u00fablica i els Ajuntaments, s&#8217;avaluaran les peticions que s&#8217;han fet per part d&#8217;alcaldia i s&#8217;implantaran en la mesura que siguen el menys perjudicials possible per a la ciutadania. Pel moment no es contempla la possibilitat d&#8217;un confinament perimetral.<\/p>\n<p><img fetchpriority=\"high\" decoding=\"async\" class=\" size-full wp-image-52464\" src=\"https:\/\/alzira.es\/wp-content\/uploads\/2020\/11\/REUNIO_SA_SALUT.jpeg\" alt=\"REUNIO SA SALUT\" width=\"500\" height=\"375\" srcset=\"https:\/\/alzira.es\/wp-content\/uploads\/2020\/11\/REUNIO_SA_SALUT.jpeg 1600w, https:\/\/alzira.es\/wp-content\/uploads\/2020\/11\/REUNIO_SA_SALUT-680x510.jpeg 680w, https:\/\/alzira.es\/wp-content\/uploads\/2020\/11\/REUNIO_SA_SALUT-1430x1072.jpeg 1430w, https:\/\/alzira.es\/wp-content\/uploads\/2020\/11\/REUNIO_SA_SALUT-768x576.jpeg 768w, https:\/\/alzira.es\/wp-content\/uploads\/2020\/11\/REUNIO_SA_SALUT-1536x1152.jpeg 1536w\" sizes=\"(max-width: 500px) 100vw, 500px\" \/><\/p>\n<p>&nbsp;<\/p>\n","protected":false},"excerpt":{"rendered":"<p>Es demana la col\u00b7laboraci\u00f3 de l&#8217;hostaleria en el compliment de les mesures. L&#8217;alcalde d&#8217;Alzira, Diego G\u00f3mez ha proposat a la Secret\u00e0ria Auton\u00f2mica de Salut P\u00fablica, Isaura Navarro, que s&#8217;apliquen mesures m\u00e9s restrictives a la ciutat i a la comarca, per a fer front a la Covid 19. Davant l&#8217;augment dels contagis, l&#8217;alcalde d&#8217;Alzira, Diego G\u00f3mez &hellip; <\/p>\n<p class=\"link-more\"><a href=\"https:\/\/alzira.es\/es\/alzira-proposa-que-la-generalitat-adopte-mesures-mes-restrictives-per-a-contindre-el-virus-2\/\" class=\"more-link\">Continuar leyendo<span class=\"screen-reader-text\"> \u00abAlzira proposa que la Generalitat adopte  mesures m\u00e9s restrictives per a contindre el virus\u00bb<\/span><\/a><\/p>\n","protected":false},"author":36,"featured_media":52464,"comment_status":"","ping_status":"","sticky":false,"template":"","format":"standard","meta":{"_acf_changed":false,"footnotes":""},"categories":[],"tags":[],"class_list":["post-52467","post","type-post","status-publish","format-standard","has-post-thumbnail","hentry"],"acf":[],"_links":{"self":[{"href":"https:\/\/alzira.es\/es\/wp-json\/wp\/v2\/posts\/52467","targetHints":{"allow":["GET"]}}],"collection":[{"href":"https:\/\/alzira.es\/es\/wp-json\/wp\/v2\/posts"}],"about":[{"href":"https:\/\/alzira.es\/es\/wp-json\/wp\/v2\/types\/post"}],"author":[{"embeddable":true,"href":"https:\/\/alzira.es\/es\/wp-json\/wp\/v2\/users\/36"}],"replies":[{"embeddable":true,"href":"https:\/\/alzira.es\/es\/wp-json\/wp\/v2\/comments?post=52467"}],"version-history":[{"count":0,"href":"https:\/\/alzira.es\/es\/wp-json\/wp\/v2\/posts\/52467\/revisions"}],"wp:featuredmedia":[{"embeddable":true,"href":"https:\/\/alzira.es\/es\/wp-json\/wp\/v2\/media\/52464"}],"wp:attachment":[{"href":"https:\/\/alzira.es\/es\/wp-json\/wp\/v2\/media?parent=52467"}],"wp:term":[{"taxonomy":"category","embeddable":true,"href":"https:\/\/alzira.es\/es\/wp-json\/wp\/v2\/categories?post=52467"},{"taxonomy":"post_tag","embeddable":true,"href":"https:\/\/alzira.es\/es\/wp-json\/wp\/v2\/tags?post=52467"}],"curies":[{"name":"wp","href":"https:\/\/api.w.org\/{rel}","templated":true}]}}