{"id":52466,"date":"2020-11-16T16:01:44","date_gmt":"2020-11-16T15:01:44","guid":{"rendered":"https:\/\/alzira.es\/alzira-proposa-que-la-generalitat-adopte-mesures-mes-restrictives-per-a-contindre-el-virus\/"},"modified":"2020-11-16T16:01:44","modified_gmt":"2020-11-16T15:01:44","slug":"alzira-proposa-que-la-generalitat-adopte-mesures-mes-restrictives-per-a-contindre-el-virus","status":"publish","type":"post","link":"https:\/\/alzira.es\/es\/alzira-proposa-que-la-generalitat-adopte-mesures-mes-restrictives-per-a-contindre-el-virus\/","title":{"rendered":"Alzira propone que la Generalitat adopte  medidas m\u00e1s restrictivas para contener el virus"},"content":{"rendered":"<ul style=\"list-style-type: circle;\">\n<li>\n<h3>Se pide la colaboraci\u00f3n de la hosteler\u00eda en el cumplimiento de las medidas.<\/h3>\n<\/li>\n<\/ul>\n<p>El alcalde de Alzira, <strong>Diego G\u00f3mez<\/strong> ha propuesto a la Secretaria Auton\u00f3mica de Salud P\u00fablica,<strong> Isaura Navarro<\/strong>, que se aplican medidas m\u00e1s restrictivas en la ciudad y en la comarca, para hacer frente a la Covid 19.<\/p>\n<p>Ante el aumento de los contagios, el alcalde de Alzira, Diego G\u00f3mez ha pedido m\u00e1s control en cuanto a los aforos y los horarios de limitaci\u00f3n de movimiento. G\u00f3mez ha trasladado la situaci\u00f3n \u00abNos preocupan los datos que tenemos tanto en la ciudad como la comarca por el nivel de contagios. Hay que saber que en una cuarta parte de la comarca, se superan los 500 cada 100.000 habitantes. Alzira, aunque no llega a esa cifra se queda bien cerca con una incidencia de 470 por cada 100.000 habitantes. No conseguimos bajar la curva y por eso queremos pedir medidas adicionales que exceden nuestra competencia y que elevemos a la conseller\u00eda para hacer un control de aforos y limitaci\u00f3n de movimiento m\u00e1s exigente\u00bb.<\/p>\n<p>Por su parte, la Secretaria Auton\u00f3mica ha manifestado que \u00abDesde Salud P\u00fablica de la Generalitat hemos escuchado las peticiones y reivindicaciones del alcalde de Alzira, el planteamiento est\u00e1 encima de la mesa, puesto que las medidas adoptadas por Conseller\u00eda est\u00e1n en contin\u00faa revisi\u00f3n\u00bb<\/p>\n<p>La reuni\u00f3n se ha producido en el Ayuntamiento de Alzira con la presencia de la regidora de sanidad <strong>Gemma Al\u00f2s<\/strong> y el Director de Salud P\u00fablica del Departamento de Salud de la Ribera, <strong>Jos\u00e9 A\u00f1\u00f3<\/strong>. El alcalde de Alzira ha trasladado a Salud Publica su preocupaci\u00f3n ante la dispersi\u00f3n de los casos en el \u00e1mbito escolar y social a Alzira y la presencia de la Covid-19 en los campos y almacenes de caquis y c\u00edtricos. \u00abPedimos al sector de la hosteler\u00eda su colaboraci\u00f3n activa para asegurar el cumplimiento de las medidas, en cuanto a aforos, horarios, uso de mascarillas, distancia o la ventilaci\u00f3n. Sabemos que estamos en un momento muy complicado con muchas medidas, pero hace falta que todos y todas seamos responsables y hagamos todo lo posible para cumplir las medidas\u00bb.<\/p>\n<p>Isaura Navarro ha explicado que, en el marco de contacto permanente entre Salud P\u00fablica y los Ayuntamientos, se evaluar\u00e1n las peticiones que se han hecho por parte de alcald\u00eda y se implantar\u00e1n en la medida que sean lo menos perjudiciales posible para la ciudadan\u00eda. Por el momento no se contempla la posibilidad de un confinamiento perimetral.<\/p>\n<p><img fetchpriority=\"high\" decoding=\"async\" class=\" size-full wp-image-52464\" src=\"https:\/\/alzira.es\/wp-content\/uploads\/2020\/11\/REUNIO_SA_SALUT.jpeg\" alt=\"REUNIO SA SALUT\" width=\"500\" height=\"375\" srcset=\"https:\/\/alzira.es\/wp-content\/uploads\/2020\/11\/REUNIO_SA_SALUT.jpeg 1600w, https:\/\/alzira.es\/wp-content\/uploads\/2020\/11\/REUNIO_SA_SALUT-680x510.jpeg 680w, https:\/\/alzira.es\/wp-content\/uploads\/2020\/11\/REUNIO_SA_SALUT-1430x1072.jpeg 1430w, https:\/\/alzira.es\/wp-content\/uploads\/2020\/11\/REUNIO_SA_SALUT-768x576.jpeg 768w, https:\/\/alzira.es\/wp-content\/uploads\/2020\/11\/REUNIO_SA_SALUT-1536x1152.jpeg 1536w\" sizes=\"(max-width: 500px) 100vw, 500px\" \/><\/p>\n<p>&nbsp;<\/p>\n","protected":false},"excerpt":{"rendered":"<p>Se pide la colaboraci\u00f3n de la hosteler\u00eda en el cumplimiento de las medidas. El alcalde de Alzira, Diego G\u00f3mez ha propuesto a la Secretaria Auton\u00f3mica de Salud P\u00fablica, Isaura Navarro, que se aplican medidas m\u00e1s restrictivas en la ciudad y en la comarca, para hacer frente a la Covid 19. Ante el aumento de los &hellip; <\/p>\n<p class=\"link-more\"><a href=\"https:\/\/alzira.es\/es\/alzira-proposa-que-la-generalitat-adopte-mesures-mes-restrictives-per-a-contindre-el-virus\/\" class=\"more-link\">Continuar leyendo<span class=\"screen-reader-text\"> \u00abAlzira propone que la Generalitat adopte  medidas m\u00e1s restrictivas para contener el virus\u00bb<\/span><\/a><\/p>\n","protected":false},"author":36,"featured_media":52464,"comment_status":"","ping_status":"","sticky":false,"template":"","format":"standard","meta":{"_acf_changed":false,"footnotes":""},"categories":[4936],"tags":[],"class_list":["post-52466","post","type-post","status-publish","format-standard","has-post-thumbnail","hentry","category-hemeroteca-es"],"acf":[],"_links":{"self":[{"href":"https:\/\/alzira.es\/es\/wp-json\/wp\/v2\/posts\/52466","targetHints":{"allow":["GET"]}}],"collection":[{"href":"https:\/\/alzira.es\/es\/wp-json\/wp\/v2\/posts"}],"about":[{"href":"https:\/\/alzira.es\/es\/wp-json\/wp\/v2\/types\/post"}],"author":[{"embeddable":true,"href":"https:\/\/alzira.es\/es\/wp-json\/wp\/v2\/users\/36"}],"replies":[{"embeddable":true,"href":"https:\/\/alzira.es\/es\/wp-json\/wp\/v2\/comments?post=52466"}],"version-history":[{"count":0,"href":"https:\/\/alzira.es\/es\/wp-json\/wp\/v2\/posts\/52466\/revisions"}],"wp:featuredmedia":[{"embeddable":true,"href":"https:\/\/alzira.es\/es\/wp-json\/wp\/v2\/media\/52464"}],"wp:attachment":[{"href":"https:\/\/alzira.es\/es\/wp-json\/wp\/v2\/media?parent=52466"}],"wp:term":[{"taxonomy":"category","embeddable":true,"href":"https:\/\/alzira.es\/es\/wp-json\/wp\/v2\/categories?post=52466"},{"taxonomy":"post_tag","embeddable":true,"href":"https:\/\/alzira.es\/es\/wp-json\/wp\/v2\/tags?post=52466"}],"curies":[{"name":"wp","href":"https:\/\/api.w.org\/{rel}","templated":true}]}}