{"id":52463,"date":"2020-11-16T11:30:20","date_gmt":"2020-11-16T10:30:20","guid":{"rendered":"https:\/\/alzira.es\/campanya-conscienciacio-neteja-2\/"},"modified":"2020-11-16T11:30:20","modified_gmt":"2020-11-16T10:30:20","slug":"campanya-conscienciacio-neteja-2","status":"publish","type":"post","link":"https:\/\/alzira.es\/es\/campanya-conscienciacio-neteja-2\/","title":{"rendered":"Amo format, gos educat, campanya de conscienciaci\u00f3 per a mantindre Alzira neta d\u2019excrements"},"content":{"rendered":"<p style=\"text-align: justify;\"><span style=\"font-size: 11pt; font-family: Arial, sans-serif; color: black;\">Des de les regidories de Serveis Urbans i Sanitat, s\u2019incidix en la campanya \u201c<em>Amo format, gos educat<\/em>\u201d, que ja van realitzar el passat 2019, amb la qual es pret\u00e9n que els propietaris de mascotes agafen consci\u00e8ncia de la necessitat d\u2019arreplegar els excrements de les seues mascotes de la via p\u00fablica, aix\u00ed com col\u00b7laborar en la neteja utilitzant una botella amb desinfectant natural, compost d\u2019aigua i vinagre per tal d\u2019eliminar l\u2019olor d\u2019or\u00ed.<\/span><\/p>\n<p style=\"text-align: justify;\"><span style=\"font-size: 11pt; font-family: Arial, sans-serif; color: black;\">A trav\u00e9s de mitjans digitals, Ribera TV i les emissores d\u2019Alzira R\u00e0dio i Onda Cero est\u00e0 difonent-se el missatge de la campanya, ja que \u00abencara que semble que hem avan\u00e7at molt en esta q\u00fcesti\u00f3 cal incidir en la tasca de fer entendre als amos de gossos que per \u00e8tica i salut no podem deixar els excrements en la via p\u00fablica. Vivim en societat i com a tal hem de matindre actituds responsables i en conson\u00e0ncia amb el segle XXI\u00bb, segons <strong>Fernando Pascual<\/strong>, regidor de Serveis Urbans.&nbsp;&nbsp;&nbsp;&nbsp; <\/span><\/p>\n<p style=\"text-align: justify;\"><span style=\"font-size: 11pt; font-family: Arial, sans-serif; color: black;\">Per la seua banda, <strong>Gemma Al\u00f3s<\/strong>, regidora de Sanitat, sol\u00b7licita la col\u00b7laboraci\u00f3 de totes i tots per tal de minimitzar la brut\u00edcia als carrers i places. \u00abLa nostra ciutat compta amb diversos recintes canins que cal utilitzar, perqu\u00e8 per aix\u00f2 s\u2019han creat , i mai hem d\u2019oblidar que les persones som els responsables de les nostres mascotes. Amb una m\u00ednima implicaci\u00f3, nom\u00e9s utilitzant el sentit com\u00fa, guanyem totes i tots. Actuar amb responsabilitat augmenta el sanit\u00e0riament el benestar de totes i tots\u00bb, ha matisat la regidora.<\/span><\/p>\n<p style=\"text-align: justify;\">&nbsp;<\/p>\n<p style=\"text-align: justify;\"><span style=\"font-size: 11pt; font-family: Arial, sans-serif; color: black;\"><img fetchpriority=\"high\" decoding=\"async\" width=\"700\" height=\"919\" class=\" size-full wp-image-52460\" src=\"https:\/\/alzira.es\/wp-content\/uploads\/2020\/11\/gossos.jpg\" alt=\"gossos\" srcset=\"https:\/\/alzira.es\/wp-content\/uploads\/2020\/11\/gossos.jpg 700w, https:\/\/alzira.es\/wp-content\/uploads\/2020\/11\/gossos-388x510.jpg 388w\" sizes=\"(max-width: 700px) 100vw, 700px\" \/> <\/span><\/p>\n","protected":false},"excerpt":{"rendered":"<p>Des de les regidories de Serveis Urbans i Sanitat, s\u2019incidix en la campanya \u201cAmo format, gos educat\u201d, que ja van realitzar el passat 2019, amb la qual es pret\u00e9n que els propietaris de mascotes agafen consci\u00e8ncia de la necessitat d\u2019arreplegar els excrements de les seues mascotes de la via p\u00fablica, aix\u00ed com col\u00b7laborar en la &hellip; <\/p>\n<p class=\"link-more\"><a href=\"https:\/\/alzira.es\/es\/campanya-conscienciacio-neteja-2\/\" class=\"more-link\">Continuar leyendo<span class=\"screen-reader-text\"> \u00abAmo format, gos educat, campanya de conscienciaci\u00f3 per a mantindre Alzira neta d\u2019excrements\u00bb<\/span><\/a><\/p>\n","protected":false},"author":29,"featured_media":52460,"comment_status":"","ping_status":"","sticky":false,"template":"","format":"standard","meta":{"_acf_changed":false,"footnotes":""},"categories":[],"tags":[],"class_list":["post-52463","post","type-post","status-publish","format-standard","has-post-thumbnail","hentry"],"acf":[],"_links":{"self":[{"href":"https:\/\/alzira.es\/es\/wp-json\/wp\/v2\/posts\/52463","targetHints":{"allow":["GET"]}}],"collection":[{"href":"https:\/\/alzira.es\/es\/wp-json\/wp\/v2\/posts"}],"about":[{"href":"https:\/\/alzira.es\/es\/wp-json\/wp\/v2\/types\/post"}],"author":[{"embeddable":true,"href":"https:\/\/alzira.es\/es\/wp-json\/wp\/v2\/users\/29"}],"replies":[{"embeddable":true,"href":"https:\/\/alzira.es\/es\/wp-json\/wp\/v2\/comments?post=52463"}],"version-history":[{"count":0,"href":"https:\/\/alzira.es\/es\/wp-json\/wp\/v2\/posts\/52463\/revisions"}],"wp:featuredmedia":[{"embeddable":true,"href":"https:\/\/alzira.es\/es\/wp-json\/wp\/v2\/media\/52460"}],"wp:attachment":[{"href":"https:\/\/alzira.es\/es\/wp-json\/wp\/v2\/media?parent=52463"}],"wp:term":[{"taxonomy":"category","embeddable":true,"href":"https:\/\/alzira.es\/es\/wp-json\/wp\/v2\/categories?post=52463"},{"taxonomy":"post_tag","embeddable":true,"href":"https:\/\/alzira.es\/es\/wp-json\/wp\/v2\/tags?post=52463"}],"curies":[{"name":"wp","href":"https:\/\/api.w.org\/{rel}","templated":true}]}}