{"id":52462,"date":"2020-11-16T11:30:20","date_gmt":"2020-11-16T10:30:20","guid":{"rendered":"https:\/\/alzira.es\/campanya-conscienciacio-neteja\/"},"modified":"2020-11-16T11:30:20","modified_gmt":"2020-11-16T10:30:20","slug":"campanya-conscienciacio-neteja","status":"publish","type":"post","link":"https:\/\/alzira.es\/es\/campanya-conscienciacio-neteja\/","title":{"rendered":"Amo format, gos educat, campa\u00f1a de concienciaci\u00f3n para mantener Alzira limpia de excrementos"},"content":{"rendered":"<p style=\"text-align: justify;\">Desde las concejal\u00edas de Servicios Urbanos y Sanidad, se incide en la campa\u00f1a \u00ab<em>Amo format, gos educat<\/em>\u00ab, que ya realizaron el pasado 2019, con la cual se pretende que los propietarios de mascotas cogen conciencia de la necesidad de recoger los excrementos de sus mascotas de la v\u00eda p\u00fablica, as\u00ed como colaborar en la limpieza utilizando una botella con desinfectante natural, compuesto de agua y vinagre para eliminar el olor de orina.<\/p>\n<p>A trav\u00e9s de medios digitales, Ribera TV y las emisoras de Alzira R\u00e0dio y Onda Cero est\u00e1 difundi\u00e9ndose el mensaje de la campa\u00f1a, puesto que \u00abaunque parezco que hemos avanzado mucho en esta cuesti\u00f3n hay que incidir en la tarea de hacer entender a los amos de perros que por \u00e9tica y salud no podemos dejar los excrementos en la v\u00eda p\u00fablica. Vivimos en sociedad y como tal tenemos que mantener actitudes responsables y en consonancia con el siglo XXI\u00bb, seg\u00fan <strong>Fernando Pascual<\/strong>, concejal de Serveis Urbans.<\/p>\n<p>Por su parte, <strong>Gemma Al\u00f3s<\/strong>, concejal de Sanidad, solicita la colaboraci\u00f3n de todas y todos para minimizar la suciedad en las calles y plazas. \u00abNuestra ciudad cuenta con varios recintos caninos que hay que utilizar, porque por eso se han creado, y nunca tenemos que olvidar que las personas somos los responsables de nuestras mascotas. Con una m\u00ednima implicaci\u00f3n, solo utilizando el sentido com\u00fan, ganamos todas y todos. Actuar con responsabilidad aumenta el sanitariamente el bienestar de todas y todos\u00bb, ha matizado la regidora.<\/p>\n<p style=\"text-align: justify;\">&nbsp;<\/p>\n<p style=\"text-align: justify;\"><span style=\"font-size: 11pt; font-family: Arial, sans-serif; color: black;\"><img fetchpriority=\"high\" decoding=\"async\" width=\"700\" height=\"919\" class=\" size-full wp-image-52460\" src=\"https:\/\/alzira.es\/wp-content\/uploads\/2020\/11\/gossos.jpg\" alt=\"gossos\" srcset=\"https:\/\/alzira.es\/wp-content\/uploads\/2020\/11\/gossos.jpg 700w, https:\/\/alzira.es\/wp-content\/uploads\/2020\/11\/gossos-388x510.jpg 388w\" sizes=\"(max-width: 700px) 100vw, 700px\" \/> <\/span><\/p>\n","protected":false},"excerpt":{"rendered":"<p>Desde las concejal\u00edas de Servicios Urbanos y Sanidad, se incide en la campa\u00f1a \u00abAmo format, gos educat\u00ab, que ya realizaron el pasado 2019, con la cual se pretende que los propietarios de mascotas cogen conciencia de la necesidad de recoger los excrementos de sus mascotas de la v\u00eda p\u00fablica, as\u00ed como colaborar en la limpieza &hellip; <\/p>\n<p class=\"link-more\"><a href=\"https:\/\/alzira.es\/es\/campanya-conscienciacio-neteja\/\" class=\"more-link\">Continuar leyendo<span class=\"screen-reader-text\"> \u00abAmo format, gos educat, campa\u00f1a de concienciaci\u00f3n para mantener Alzira limpia de excrementos\u00bb<\/span><\/a><\/p>\n","protected":false},"author":29,"featured_media":52460,"comment_status":"","ping_status":"","sticky":false,"template":"","format":"standard","meta":{"_acf_changed":false,"footnotes":""},"categories":[4936],"tags":[],"class_list":["post-52462","post","type-post","status-publish","format-standard","has-post-thumbnail","hentry","category-hemeroteca-es"],"acf":[],"_links":{"self":[{"href":"https:\/\/alzira.es\/es\/wp-json\/wp\/v2\/posts\/52462","targetHints":{"allow":["GET"]}}],"collection":[{"href":"https:\/\/alzira.es\/es\/wp-json\/wp\/v2\/posts"}],"about":[{"href":"https:\/\/alzira.es\/es\/wp-json\/wp\/v2\/types\/post"}],"author":[{"embeddable":true,"href":"https:\/\/alzira.es\/es\/wp-json\/wp\/v2\/users\/29"}],"replies":[{"embeddable":true,"href":"https:\/\/alzira.es\/es\/wp-json\/wp\/v2\/comments?post=52462"}],"version-history":[{"count":0,"href":"https:\/\/alzira.es\/es\/wp-json\/wp\/v2\/posts\/52462\/revisions"}],"wp:featuredmedia":[{"embeddable":true,"href":"https:\/\/alzira.es\/es\/wp-json\/wp\/v2\/media\/52460"}],"wp:attachment":[{"href":"https:\/\/alzira.es\/es\/wp-json\/wp\/v2\/media?parent=52462"}],"wp:term":[{"taxonomy":"category","embeddable":true,"href":"https:\/\/alzira.es\/es\/wp-json\/wp\/v2\/categories?post=52462"},{"taxonomy":"post_tag","embeddable":true,"href":"https:\/\/alzira.es\/es\/wp-json\/wp\/v2\/tags?post=52462"}],"curies":[{"name":"wp","href":"https:\/\/api.w.org\/{rel}","templated":true}]}}