{"id":52453,"date":"2020-11-13T14:06:24","date_gmt":"2020-11-13T13:06:24","guid":{"rendered":"https:\/\/alzira.es\/guanyador-plca\/"},"modified":"2020-11-13T14:06:24","modified_gmt":"2020-11-13T13:06:24","slug":"guanyador-plca","status":"publish","type":"post","link":"https:\/\/alzira.es\/es\/guanyador-plca\/","title":{"rendered":"Jordi Torrent gana en Ciudad de Alzira de Novela con Los fantasmas y madame Levy"},"content":{"rendered":"<p>El escritor catal\u00e1n<strong> Jordi Torrent<\/strong> es el ganador del XXXII Premio de Novela Ciudad<br \/>de Alzira con Los fantasmas y madame *Levy. El XXVI Premio Europeo de Divulgaci\u00f3n<br \/>Cient\u00edfica Estudio General ha sido para <strong>\u00c1lvaro Mart\u00ednez<\/strong> por <em>Lo com\u00fan y lo<\/em><br \/><em>extraordinario<\/em>. <em>El ox\u00edgeno: historia \u00edntima de una mol\u00e9cula corriente<\/em>; el XXII Premio<br \/>de Ensayo Mancomunidad de la Ribera Alta, lo ha ganado <strong>Joaquim Espin\u00f3s<\/strong> por <em>El bosc i la casa<\/em>,<br \/>y el XV Premio de Poes\u00eda Ibn Hafaja ha distinguido <strong>Carme Rufino<\/strong> por <em>La guerra<\/em><br \/><em>d&#8217;H\u00e8cabe<\/em>. Tal como ya se hizo p\u00fablico, la galardonada con el XV Premio de Teatro Ciudad<br \/>de Alzira Palanca y Roca ha sido <strong>Marta Barcel\u00f3<\/strong> para <em>Anar a Saturn i tornar<\/em>; <strong>Joanjo<\/strong><br \/><strong>Garcia<\/strong> ha merecido el XXV Premio Fundaci\u00f3n Bancaja de Narrativa Juvenil por <em>Els<\/em><br \/><em>adeus del Jaguar<\/em>; <strong>Francesc Puigpelat<\/strong>, autor de <em>Can\u00e7ons llun\u00e1tiques<\/em>, ha<br \/>sido galardonado con el XXV Premio de Narrativa Infantil <strong>Vicent Silvestre<\/strong> y, por \u00faltimo, el V Premio<br \/>Internacional de \u00c1lbum Ilustrado <strong>Enric Solbes<\/strong>&nbsp;Consorcio Ribera y Valldigna ha<br \/>estado para el ilustrador <strong>Subi<\/strong>, con <em>La sopa de Tom\u00e0s<\/em>.<\/p>\n<p>Los ganadores de las varias modalidades recibieron la noche del viernes 13 de noviembre<br \/>el trofeo dise\u00f1ado por Manuel Boix de una manera muy original: a trav\u00e9s de una gala de entrega<br \/>de premios online en forma de programa audiovisual. El acto fue conducido<br \/>por la actriz valenciana Iolanda Mu\u00f1oz y cont\u00f3 con la participaci\u00f3n de representantes<br \/>de las ocho entidades patrocinadoras del certamen \u2013la UNED, la Fundaci\u00f3n Bancaja, la Fundaci\u00f3n<br \/>Aguas de Valencia, el Consorcio Ribera y Valldigna, la Mancomunidad de la<br \/>Ribera Alta, la Universitat de Val\u00e8ncia, el Ayuntamiento de Alzira y Edicions Bromera\u2013<br \/>, as\u00ed como con la intervenci\u00f3n del consejero de Educaci\u00f3n, Vicent Marz\u00e0, y del presidente<br \/>de la Generalitat Valenciana, Ximo Puig. Esta edici\u00f3n ha tenido un r\u00e9cord de participaci\u00f3n,<br \/>con <strong>340 originales presentados<\/strong>, que optaban a una dotaci\u00f3n global de 61.000<br \/>\u20ac.<\/p>\n<p>El XXXII Premio de Novela Ciudad de Alzira, <strong>que el ayuntamiento de esta localidad dota<\/strong><br \/><strong>con 16.000 \u20ac<\/strong>, ha sido para Los fantasmas y madame Levy, de Jordi Torrent. En<br \/>clave de humor, Los fantasmas y madame Levy narra como, a ra\u00edz de un hecho luctuoso ocurrido<br \/>en Barcelona en 1956, se desencadenan una serie de situaciones ins\u00f3litas y follones<br \/>metaps\u00edquicos que propician una historia de amor muy peculiar entre dos<br \/>personajes entra\u00f1ables que, a base de voluntad, conseguir\u00e1n volver las cosas al lugar<br \/>que los correspond\u00eda.<\/p>\n<p>Jordi Torrent Escala naci\u00f3 en Barcelona pero reside en Formentera desde el 1981.<br \/>Es artista pl\u00e1stico y socio fundador del grupo art\u00edstico Trapo Arte de arte y reciclaje y de ARI<br \/>Formentera, de arte integrado. Empez\u00f3 a exponer el 1987 y, desde entonces, sus<br \/>trabajos se han expuesto en las Islas Baleares, Catalu\u00f1a, Francia, Italia, Alemania e Israel.<br \/>Periodista musical y escritor, desde el 2008 hasta el 2010 fue director del Festival<br \/>Posidonia de arte, ciencia y turismo sostenible. Como escritor, ha publicado dos novelas,<br \/>El hu\u00e9rfano de los Boisanz\u00f3n (Ediciones \u00c0ltera) y El llibre de les coses (Pag\u00e8s Editors).<br \/>El jurado del XXII Premio de Ensayo Mancomunidad de la Ribera Alta \u2013que esta entidad<br \/>dota con 8.000 \u20ac\u2013 ha distinguido El bosc i la casa, de Joaquim Espin\u00f3s. El bosc i la casa,<br \/>es un diario literario que, mediante una serie de recursos como el aforismo, la cr\u00f3nica de viajes<br \/>o la confesi\u00f3n, deja constancia de la mirada del autor en un espacio y un tiempo<br \/>concreto: la ciudad de Alicante y el pueblo de Benilloba durante las dos primeras<br \/>d\u00e9cadas del siglo XXI. La primera parte del texto toma como hilo conductor la escritura de la<br \/>novela La pres\u00f3 del cel; la segunda, orbita alrededor de la pandemia provocada por<br \/>la COVID-19.<\/p>\n<p>Joaquim Espin\u00f3s Felipe (Benilloba, 1962) es profesor titular del Departamento de Filolog\u00eda<br \/>Catalana de la Universitat d&#8217;Alacant y su \u00e1mbito de estudio es la literatura<br \/>contempor\u00e1nea. Ha publicado numerosos art\u00edculos en revistas especializadas y de divulgaci\u00f3n,<br \/>y los libros La po\u00e9tica de l&#8217;imaginari i Estat cr\u00edtic. Apuntes sobre la literatura<br \/>del nuevo milenio, entre otros muchos. En el campo de la creaci\u00f3n literaria, se inici\u00f3 en<br \/>el g\u00e9nero po\u00e9tico, pero finalmente se decant\u00f3 por la narrativa, dentro de la cual encontramos el relato<br \/>infantil Joan de l&#8217;Iris i el rossinyol (Premio Empar de Lanuza) y las novelas La devastaci\u00f3<br \/>violeta (Premio Enric Valor de Narrativa Juvenil), Ombres en el r\u00edu, El cervell de la serp<br \/>(Premio Antoni Bru), Material fotogr\u00e1fic (Premio Ciudad de Sagunto) y La pres\u00f3 del cel.<br \/>Lo com\u00fan y lo extraordinario. El ox\u00edgeno: historia \u00edntima de una mol\u00e9cula<br \/>corriente, de \u00c1lvaro Mart\u00ednez, es la obra ganadora del XXVI Premio Europeo de Divulgaci\u00f3n<br \/>Cient\u00edfica Estudi General, dotado con 12.000 \u20ac por la Universitat de Val\u00e8ncia.<br \/>La obra expone que, aunque todos sabemos qu\u00e9 es el ox\u00edgeno, a menudo<br \/>desconocemos hasta qu\u00e9 punto este compuesto ejerce un papel fundamental en<br \/>el desarrollo de dolencias de car\u00e1cter neurodegenerativo como el alzh\u00e8imer o el<br \/>p\u00e0rkinson, como ha dado forma a figuras mitol\u00f3gicas como los vampiros, o de qu\u00e9<br \/>manera lo podemos emplear para eliminar tumores con una precisi\u00f3n microsc\u00f3pica. As\u00ed, el<br \/>texto nos permite reflexionar, entre otros, sobre la falacia que todo aquello natural es positivo<br \/>y todo aquello qu\u00edmico es negativo.<\/p>\n<p>\u00c1lvaro Mart\u00ednez Camarena (Val\u00e8ncia, 1992) es graduado en Ciencias Qu\u00edmicas y doctor<br \/>en Nanociencia y Nanotecnolog\u00eda por la Universitat de Val\u00e8ncia, materia sobre la cual<br \/>tambi\u00e9n ha realizado un m\u00e1ster, as\u00ed como en Periodismo y Comunicaci\u00f3n Cient\u00edfica por<br \/>la UNED. El a\u00f1o 2014 recibi\u00f3 el premio Extraordinario de Grado y, el 2018, el premio<br \/>Internacional Fernando Pulidori. Actualmente, trabaja como investigador postdoctoral en<br \/>la Universitat de Val\u00e8ncia y en la Universidad Par\u00eds-Saclay. Su \u00e1rea de investigaci\u00f3n est\u00e1<br \/>centrada en el dise\u00f1o de nuevos sistemas moleculares con actividad antioxidante,<br \/>especialmente destinados al tratamiento de dolencias neurodegenerativas como la alzh\u00e8imer<br \/>o el p\u00e0rkinson.<\/p>\n<p>El XV Premio de Poes\u00eda Ibn Hafaja \u2013patrocinado con 5.000 \u20ac por la UNED\u2013 ha reca\u00eddo<br \/>en Carme Rufino y Bey por La guerra d&#8217;H\u00e8cabe. La obra trata del silencio de la<br \/>poetisa enfrentada a su realidad individual y colectiva. En la \u00faltima parte del<br \/>poemario, las palabras se desbordan del poema y buscan la redenci\u00f3n en la creaci\u00f3n art\u00edstica.<br \/>Carme Rufino y Bey (Burriana, 1960) estudi\u00f3 Filolog\u00eda Hisp\u00e1nica en la Universitat de Val\u00e8ncia<br \/>y tambi\u00e9n es licenciada en Ling\u00fc\u00edstica Valenciana. Actualmente, es secretaria del<br \/>tribunal de la Junta Calificadora de Burriana y profesora de valenciano del IES Jaime I<br \/>de la misma localidad. Con su primer poemario, arrels de sal, gan\u00f3 el premio<br \/>Ciudad de Vila-real en 1996. El a\u00f1o 1999, recibi\u00f3 el segundo premio en el Certamen Ciudad<br \/>de la Vall d&#8217;Uix\u00f3, con El tel dels instants, y la Flor Natural dels Jocs Florals de Nules<br \/>amb l&#8217;infinit di\u00e1fan de la teva cara. M\u00e1s adelante, el 2002, gan\u00f3 el XXII Premio de Poes\u00eda<br \/>25 de Abril de la Vila de Benissa con el poemario Psalms de Heber.<\/p>\n<h3>teatro y narrativa juvenil e infantil<\/h3>\n<p>Por otro lado, durante el programa audiovisual tambi\u00e9n se han entregado los premios de las<br \/>cuatro categor\u00edas de la Ciudad de Alzira 2020 que se dieron a conocer hace unos d\u00edas.<br \/>La autora teatral Marta Barcel\u00f3 ha ganado el XV Premio de Teatro Ciudad de Alzira<br \/>Palanca y Roca, con una dotaci\u00f3n de 6.000 \u20ac, per Anar a Saturn i tornar, una reflexi\u00f3n<br \/>sobre que significa estar enfermo de c\u00e1ncer y que significa sobrevivir, y aborda el<br \/>tema con ternura y humor.<\/p>\n<p>Marta Barcel\u00f3 (Mallorca, 1973) es licenciada en Arte Dram\u00e1tico por el Instituto del Teatro<br \/>de Barcelona y BTEC National Diploma in Performing Artes en la escuela The Circus Space.<br \/>Su trayectoria profesional est\u00e1 muy ligada a la de su productora, Nada de Nada<br \/>&amp; En Blanco, donde ha trabajado como creadora, actriz, codirectora y dramaturga durante veinte<br \/>a\u00f1os, con espect\u00e1culos de creaci\u00f3n propia de teatro gestual y circo. Paralelamente, trabaja<br \/>en diferentes productoras de las Islas Baleares en series de ficci\u00f3n de IB3 como Pep o Treufoc.<br \/>Sus obras han sido galardonadas con premios como el Torneo de Dramaturgia de las<br \/>Islas Baleares, el Suspiria Fest o el Total Theatre Award. Actualmente, es codirectora<br \/>del C.IN.E (Centro de Investigaci\u00f3n Esc\u00e9nica de Sineu).<\/p>\n<p>Els adeus del Jaguar, de Joanjo Garcia, ha obtenido el galard\u00f3n del XXV Premio<br \/>Fundaci\u00f3n Bancaja de Narrativa Juvenil, que esta entidad dota con 5.000 \u20ac. Se trata<br \/>de una obra que pretende desestigmatitzar las dolencias mentales y abrir un debate alrededor del<br \/>silencio como medida ineficaz contra los casos de suicidio y de la atenci\u00f3n<br \/>a los familiares y amigos que se ven afectados.<\/p>\n<p>Joanjo Garcia (Val\u00e8ncia, 1977) es escritor y colaborador de varios medios<br \/>de informaci\u00f3n. Els adeus del Jaguar es su d\u00e9cima novela desde que debut\u00f3 con<br \/>Cuando anduvimos la noche, publicada en Bromera el 2013. A lo largo de su trayectoria ha<br \/>ganado varios premios como Enric Valor de la Diputaci\u00f3n de Alicante, Antoni Bru de Elche,<br \/>el premio de Novela Ciudad de Alzira o Alfonso el Magn\u00e1nimo de la Diputaci\u00f3n de Val\u00e8ncia.<br \/>Tambi\u00e9n se ha acercado a la novela juvenil con obras Aquell agost amb punt fianl o Quan<br \/>s&#8217;apague la llum. Por otro lado, ha colaborado como letrista con cantantes como por ejemplo<br \/>Borja Penalba o Tom\u00e0s de los Santos.<\/p>\n<p>Por otro lado, Francesc Puigpelat ha obtenido el XXV Premio de Narrativa Infantil<br \/>Vicent Silvestre, que Edicions Bromera dota con 3.000 \u20ac. La obra, Cancions<br \/>llun\u00e1tiques, se propone sacar a la luz el tema de los ni\u00f1os y ni\u00f1as que<br \/>acuden al psic\u00f3logo y ofrecer un espacio de reflexi\u00f3n y debate a los m\u00e1s peque\u00f1os.<br \/>Francesc Puigpelat (Balaguer, 1959) es escritor y periodista. Ha publicado m\u00e1s<br \/>de cuarenta libros, entre los cuales destacan El retorn de Macbeth (Premio de Novela<br \/>Ciudad de Alzira), Els \u00faltimo d\u00edes del general Prim, La pista d&#8217;una morta (Premio Gregal),<br \/>L&#8217;amant de Rebis (Premio Ciudad de Palma) y El d\u00eda que Josep Pla va bufetejar Adolf Hitler<br \/>(Premio Ferran Canyameres). En cuanto a la literatura infantil y juvenil, es autor de novelas<br \/>como El nen que va xatejar con Jack Sparrow (Premio Vicent Silvestre),<br \/>Liliana al pa\u00eds de les coses perdudes (Premio Carmesina) y La nedadora (Premio<br \/>Carlemany).<\/p>\n<p>Por \u00faltimo, el V Premio Internacional Enric Solbes de \u00c1lbum Ilustrado Consorcio Ribera<br \/>y Valldigna \u2013dotado con 6.000 \u20ac\u2013 ha estado para Subi por La sopa de Tom\u00e0s, un \u00e1lbum<br \/>en el cual lo respecto a los animales, el trabajo cooperativo y la alimentaci\u00f3n saludable<br \/>estan presentes. En definitiva, se trata de una historia tierna que pone en valor el papel<br \/>de nuestros mayores en la educaci\u00f3n de los m\u00e1s peque\u00f1os.<\/p>\n<p>Joan *Subirana, *Subi (Manresa, 1969) ha estudiado dibujo, c\u00f3mico, dise\u00f1o gr\u00e1fico y pintura.<br \/>El 1999 gan\u00f3 el premio de \u00c1lbum Ilustrado Tombatossals y, desde entonces, se<br \/>dedica a la ilustraci\u00f3n infantil. Ha publicado m\u00e1s de un centenar de libros, muchos de los cuales<br \/>han sido editados en el extranjero. En Bromera ha publicado previamente el \u00e1lbum ilustrado Per qu\u00e9<br \/>hi ha estreles el cel? Libro de los oficios curiosos.<\/p>\n<p><img fetchpriority=\"high\" decoding=\"async\" width=\"1500\" height=\"1000\" class=\" size-full wp-image-52451\" style=\"font-size: 14.4px;\" src=\"https:\/\/alzira.es\/wp-content\/uploads\/2020\/11\/premis_literaris_ciutat_alzira.jpeg\" alt=\"premis literaris ciutat alzira\" srcset=\"https:\/\/alzira.es\/wp-content\/uploads\/2020\/11\/premis_literaris_ciutat_alzira.jpeg 1500w, https:\/\/alzira.es\/wp-content\/uploads\/2020\/11\/premis_literaris_ciutat_alzira-680x453.jpeg 680w, https:\/\/alzira.es\/wp-content\/uploads\/2020\/11\/premis_literaris_ciutat_alzira-1430x953.jpeg 1430w, https:\/\/alzira.es\/wp-content\/uploads\/2020\/11\/premis_literaris_ciutat_alzira-768x512.jpeg 768w, https:\/\/alzira.es\/wp-content\/uploads\/2020\/11\/premis_literaris_ciutat_alzira-391x260.jpeg 391w\" sizes=\"(max-width: 706px) 89vw, (max-width: 767px) 82vw, 740px\" \/><\/p>\n","protected":false},"excerpt":{"rendered":"<p>El escritor catal\u00e1n Jordi Torrent es el ganador del XXXII Premio de Novela Ciudadde Alzira con Los fantasmas y madame *Levy. El XXVI Premio Europeo de Divulgaci\u00f3nCient\u00edfica Estudio General ha sido para \u00c1lvaro Mart\u00ednez por Lo com\u00fan y loextraordinario. El ox\u00edgeno: historia \u00edntima de una mol\u00e9cula corriente; el XXII Premiode Ensayo Mancomunidad de la Ribera &hellip; <\/p>\n<p class=\"link-more\"><a href=\"https:\/\/alzira.es\/es\/guanyador-plca\/\" class=\"more-link\">Continuar leyendo<span class=\"screen-reader-text\"> \u00abJordi Torrent gana en Ciudad de Alzira de Novela con Los fantasmas y madame Levy\u00bb<\/span><\/a><\/p>\n","protected":false},"author":29,"featured_media":52451,"comment_status":"","ping_status":"","sticky":false,"template":"","format":"standard","meta":{"_acf_changed":false,"footnotes":""},"categories":[4936],"tags":[],"class_list":["post-52453","post","type-post","status-publish","format-standard","has-post-thumbnail","hentry","category-hemeroteca-es"],"acf":[],"_links":{"self":[{"href":"https:\/\/alzira.es\/es\/wp-json\/wp\/v2\/posts\/52453","targetHints":{"allow":["GET"]}}],"collection":[{"href":"https:\/\/alzira.es\/es\/wp-json\/wp\/v2\/posts"}],"about":[{"href":"https:\/\/alzira.es\/es\/wp-json\/wp\/v2\/types\/post"}],"author":[{"embeddable":true,"href":"https:\/\/alzira.es\/es\/wp-json\/wp\/v2\/users\/29"}],"replies":[{"embeddable":true,"href":"https:\/\/alzira.es\/es\/wp-json\/wp\/v2\/comments?post=52453"}],"version-history":[{"count":0,"href":"https:\/\/alzira.es\/es\/wp-json\/wp\/v2\/posts\/52453\/revisions"}],"wp:featuredmedia":[{"embeddable":true,"href":"https:\/\/alzira.es\/es\/wp-json\/wp\/v2\/media\/52451"}],"wp:attachment":[{"href":"https:\/\/alzira.es\/es\/wp-json\/wp\/v2\/media?parent=52453"}],"wp:term":[{"taxonomy":"category","embeddable":true,"href":"https:\/\/alzira.es\/es\/wp-json\/wp\/v2\/categories?post=52453"},{"taxonomy":"post_tag","embeddable":true,"href":"https:\/\/alzira.es\/es\/wp-json\/wp\/v2\/tags?post=52453"}],"curies":[{"name":"wp","href":"https:\/\/api.w.org\/{rel}","templated":true}]}}