{"id":52450,"date":"2020-11-13T12:38:33","date_gmt":"2020-11-13T11:38:33","guid":{"rendered":"https:\/\/alzira.es\/formacio-agricultura-ecollogica-2\/"},"modified":"2020-11-13T12:38:33","modified_gmt":"2020-11-13T11:38:33","slug":"formacio-agricultura-ecollogica-2","status":"publish","type":"post","link":"https:\/\/alzira.es\/es\/formacio-agricultura-ecollogica-2\/","title":{"rendered":"Ve\u00efns i ve\u00efnes d&#8217;Alzira es formen en agricultura ecol\u00f2gica i sostenible"},"content":{"rendered":"<p>Des del mes de setembre passat, 20 ve\u00efns i ve\u00efnes d&#8217;Alzira participen en una nova edici\u00f3 d&#8217;este curs de formaci\u00f3 b\u00e0sica en agroecologia que s&#8217;emmarca dins del projecte OR\u00cdGENS que porta 2 anys a Alzira, per a la coordinaci\u00f3 i treball en xarxa de l&#8217;Ajuntament d&#8217;Alzira a trav\u00e9s del Centre de Participaci\u00f3 Ciutadana i de l&#8217;\u00c0rea d&#8217;Agricultura, Medi Ambient i Transici\u00f3 Ecol\u00f2gica, la Fundaci\u00f3 Cepaim i l&#8217;ONG El Norte Perdido.<\/p>\n<p>\u00abLa finalitat principal d&#8217;esta formaci\u00f3 \u00e9s capacitar i donar eines als participants en l&#8217;autocultiu dom\u00e8stic, d&#8217;esta manera es garantix un major autoprove\u00efment d&#8217;aliments de qualitat i de quil\u00f2metre zero. Estem molt satisfets amb el bon funcionament d&#8217;esta iniciativa, que ha tingut una gran acollida en l&#8217;edici\u00f3 d&#8217;enguany, fins al punt que ha sigut necessari crear dos grups de treball per a la seua formaci\u00f3\u00bb ha explicat la regidora de Serveis Socials, <strong>Marina Mir<\/strong>.<\/p>\n<p>Esta nova edici\u00f3 es realitza en les circumst\u00e0ncies especials de la pand\u00e8mia per la COVID-19 i, a pesar de les problem\u00e0tiques i dificultats de gesti\u00f3, arriba en molt bon moment per a oferir coneixements en mat\u00e8ria de seguretat aliment\u00e0ria, que en molts casos s&#8217;ha vist disminu\u00efda. Des de l&#8217;organitzaci\u00f3 s&#8217;assegura el rigor\u00f3s compliment de les mesures sanit\u00e0ries concordes amb la situaci\u00f3 actual.<\/p>\n<p>A m\u00e9s, OR\u00cdGENS actua com un recurs comunitari, no merament formatiu, que fomenta valors i principis vinculats a l&#8217;agroecologia. Es tracten temes com la interculturalitat, cohesi\u00f3 social, trobada intergeneracional, empoderament i autosufici\u00e8ncia. Amb este plantejament es vol acostar les persones participants a l&#8217;actualitat del medi rural valenci\u00e0, ja que una de les metes \u00e9s l&#8217;acompanyament en l&#8217;emprenedoria agr\u00e0ria.<\/p>\n<p>A m\u00e9s, tamb\u00e9 s&#8217;ha tractat la integraci\u00f3 i participaci\u00f3 de les dones en l&#8217;activitat agr\u00edcola, normalment majorit\u00e0riament masculina, tant en el projecte com en la formaci\u00f3 i coordinaci\u00f3.<\/p>\n<p>Finalment, cal esmentar que esta iniciativa s&#8217;emmarca dins del projecte Alzira Diversa 2020, finan\u00e7at per l&#8217;Ajuntament d&#8217;Alzira, que t\u00e9 per objectiu el foment i desenvolupament soci laboral.<\/p>\n<p><img fetchpriority=\"high\" decoding=\"async\" width=\"750\" height=\"1000\" class=\" size-full wp-image-52447\" src=\"https:\/\/alzira.es\/wp-content\/uploads\/2020\/11\/agricultura_ecologica_sostenible.jpg\" alt=\"agricultura ecologica sostenible\" srcset=\"https:\/\/alzira.es\/wp-content\/uploads\/2020\/11\/agricultura_ecologica_sostenible.jpg 750w, https:\/\/alzira.es\/wp-content\/uploads\/2020\/11\/agricultura_ecologica_sostenible-383x510.jpg 383w, https:\/\/alzira.es\/wp-content\/uploads\/2020\/11\/agricultura_ecologica_sostenible-300x400.jpg 300w\" sizes=\"(max-width: 706px) 89vw, (max-width: 767px) 82vw, 740px\" \/><\/p>\n","protected":false},"excerpt":{"rendered":"<p>Des del mes de setembre passat, 20 ve\u00efns i ve\u00efnes d&#8217;Alzira participen en una nova edici\u00f3 d&#8217;este curs de formaci\u00f3 b\u00e0sica en agroecologia que s&#8217;emmarca dins del projecte OR\u00cdGENS que porta 2 anys a Alzira, per a la coordinaci\u00f3 i treball en xarxa de l&#8217;Ajuntament d&#8217;Alzira a trav\u00e9s del Centre de Participaci\u00f3 Ciutadana i de &hellip; <\/p>\n<p class=\"link-more\"><a href=\"https:\/\/alzira.es\/es\/formacio-agricultura-ecollogica-2\/\" class=\"more-link\">Continuar leyendo<span class=\"screen-reader-text\"> \u00abVe\u00efns i ve\u00efnes d&#8217;Alzira es formen en agricultura ecol\u00f2gica i sostenible\u00bb<\/span><\/a><\/p>\n","protected":false},"author":29,"featured_media":52447,"comment_status":"","ping_status":"","sticky":false,"template":"","format":"standard","meta":{"_acf_changed":false,"footnotes":""},"categories":[],"tags":[],"class_list":["post-52450","post","type-post","status-publish","format-standard","has-post-thumbnail","hentry"],"acf":[],"_links":{"self":[{"href":"https:\/\/alzira.es\/es\/wp-json\/wp\/v2\/posts\/52450","targetHints":{"allow":["GET"]}}],"collection":[{"href":"https:\/\/alzira.es\/es\/wp-json\/wp\/v2\/posts"}],"about":[{"href":"https:\/\/alzira.es\/es\/wp-json\/wp\/v2\/types\/post"}],"author":[{"embeddable":true,"href":"https:\/\/alzira.es\/es\/wp-json\/wp\/v2\/users\/29"}],"replies":[{"embeddable":true,"href":"https:\/\/alzira.es\/es\/wp-json\/wp\/v2\/comments?post=52450"}],"version-history":[{"count":0,"href":"https:\/\/alzira.es\/es\/wp-json\/wp\/v2\/posts\/52450\/revisions"}],"wp:featuredmedia":[{"embeddable":true,"href":"https:\/\/alzira.es\/es\/wp-json\/wp\/v2\/media\/52447"}],"wp:attachment":[{"href":"https:\/\/alzira.es\/es\/wp-json\/wp\/v2\/media?parent=52450"}],"wp:term":[{"taxonomy":"category","embeddable":true,"href":"https:\/\/alzira.es\/es\/wp-json\/wp\/v2\/categories?post=52450"},{"taxonomy":"post_tag","embeddable":true,"href":"https:\/\/alzira.es\/es\/wp-json\/wp\/v2\/tags?post=52450"}],"curies":[{"name":"wp","href":"https:\/\/api.w.org\/{rel}","templated":true}]}}