{"id":52449,"date":"2020-11-13T12:38:33","date_gmt":"2020-11-13T11:38:33","guid":{"rendered":"https:\/\/alzira.es\/formacio-agricultura-ecollogica\/"},"modified":"2020-11-13T12:38:33","modified_gmt":"2020-11-13T11:38:33","slug":"formacio-agricultura-ecollogica","status":"publish","type":"post","link":"https:\/\/alzira.es\/es\/formacio-agricultura-ecollogica\/","title":{"rendered":"Vecinos y vecinas de Alzira se forman en agricultura ecol\u00f3gica y sostenible"},"content":{"rendered":"<p>Desde el mes de septiembre pasado, 20 vecinos y vecinas de Alzira participan en una nueva edici\u00f3n de este curso de formaci\u00f3n b\u00e1sica en agroecolog\u00eda que se enmarca dentro del proyecto OR\u00cdGENES que lleva 2 a\u00f1os a Alzira, para la coordinaci\u00f3n y trabajo en red del Ayuntamiento de Alzira a trav\u00e9s del Centro de Participaci\u00f3n Ciudadana y del \u00e1rea de Agricultura, Medio Ambiente y Transici\u00f3n Ecol\u00f3gica, la Fundaci\u00f3n Cepaim y la ONG El Norte Perdido.<\/p>\n<p>\u00abLa finalidad principal de esta formaci\u00f3n es capacitar y dar herramientas a los participantes en el autocultivo dom\u00e9stico, de esta manera se garantiza un mayor autoabastecimiento de alimentos de calidad y de kil\u00f3metro cero. Estamos muy satisfechos con el buen funcionamiento de esta iniciativa, que ha tenido una gran acogida en la edici\u00f3n de este a\u00f1o, hasta el punto que ha sido necesario crear dos grupos de trabajo para su formaci\u00f3n\u00bb ha explicado la regidora de Servicios Sociales,<span style=\"color: #000000;\"> Marina Mir<\/span>.<\/p>\n<p>Esta nueva edici\u00f3n se realiza en las circunstancias especiales de la pandemia por la COVID-19 y, a pesar de las problem\u00e1ticas y dificultades de gesti\u00f3n, llega en muy buen momento para ofrecer conocimientos en materia de seguridad alimentaria, que en muchos casos se ha visto disminuida. Desde la organizaci\u00f3n se asegura el riguroso cumplimiento de las medidas sanitarias acordes con la situaci\u00f3n actual.<\/p>\n<p>Adem\u00e1s, OR\u00cdGENES act\u00faa como un recurso comunitario, no meramente formativo, que fomenta valores y principios vinculados a la agroecolog\u00eda. Se tratan temas como la interculturalidad, cohesi\u00f3n social, encuentro intergeneracional, empoderamiento y autosuficiencia. Con este planteamiento se quiere acercar las personas participantes a la actualidad del medio rural valenciano, puesto que una de las metas es el acompa\u00f1amiento en el emprendimiento agrario.<\/p>\n<p>Adem\u00e1s, tambi\u00e9n se ha tratado la integraci\u00f3n y participaci\u00f3n de las mujeres en la actividad agr\u00edcola, normalmente mayoritariamente masculina, tanto en el proyecto como en la formaci\u00f3n y coordinaci\u00f3n.<\/p>\n<p>Finalmente, hay que mencionar que esta iniciativa se enmarca dentro del proyecto Alzira Diversa 2020, financiado por el Ayuntamiento de Alzira, que tiene por objetivo el fomento y desarrollo socio laboral.<\/p>\n<p><img fetchpriority=\"high\" decoding=\"async\" width=\"750\" height=\"1000\" class=\" size-full wp-image-52447\" src=\"https:\/\/alzira.es\/wp-content\/uploads\/2020\/11\/agricultura_ecologica_sostenible.jpg\" alt=\"agricultura ecologica sostenible\" srcset=\"https:\/\/alzira.es\/wp-content\/uploads\/2020\/11\/agricultura_ecologica_sostenible.jpg 750w, https:\/\/alzira.es\/wp-content\/uploads\/2020\/11\/agricultura_ecologica_sostenible-383x510.jpg 383w, https:\/\/alzira.es\/wp-content\/uploads\/2020\/11\/agricultura_ecologica_sostenible-300x400.jpg 300w\" sizes=\"(max-width: 706px) 89vw, (max-width: 767px) 82vw, 740px\" \/><\/p>\n","protected":false},"excerpt":{"rendered":"<p>Desde el mes de septiembre pasado, 20 vecinos y vecinas de Alzira participan en una nueva edici\u00f3n de este curso de formaci\u00f3n b\u00e1sica en agroecolog\u00eda que se enmarca dentro del proyecto OR\u00cdGENES que lleva 2 a\u00f1os a Alzira, para la coordinaci\u00f3n y trabajo en red del Ayuntamiento de Alzira a trav\u00e9s del Centro de Participaci\u00f3n &hellip; <\/p>\n<p class=\"link-more\"><a href=\"https:\/\/alzira.es\/es\/formacio-agricultura-ecollogica\/\" class=\"more-link\">Continuar leyendo<span class=\"screen-reader-text\"> \u00abVecinos y vecinas de Alzira se forman en agricultura ecol\u00f3gica y sostenible\u00bb<\/span><\/a><\/p>\n","protected":false},"author":29,"featured_media":52447,"comment_status":"","ping_status":"","sticky":false,"template":"","format":"standard","meta":{"_acf_changed":false,"footnotes":""},"categories":[4936],"tags":[],"class_list":["post-52449","post","type-post","status-publish","format-standard","has-post-thumbnail","hentry","category-hemeroteca-es"],"acf":[],"_links":{"self":[{"href":"https:\/\/alzira.es\/es\/wp-json\/wp\/v2\/posts\/52449","targetHints":{"allow":["GET"]}}],"collection":[{"href":"https:\/\/alzira.es\/es\/wp-json\/wp\/v2\/posts"}],"about":[{"href":"https:\/\/alzira.es\/es\/wp-json\/wp\/v2\/types\/post"}],"author":[{"embeddable":true,"href":"https:\/\/alzira.es\/es\/wp-json\/wp\/v2\/users\/29"}],"replies":[{"embeddable":true,"href":"https:\/\/alzira.es\/es\/wp-json\/wp\/v2\/comments?post=52449"}],"version-history":[{"count":0,"href":"https:\/\/alzira.es\/es\/wp-json\/wp\/v2\/posts\/52449\/revisions"}],"wp:featuredmedia":[{"embeddable":true,"href":"https:\/\/alzira.es\/es\/wp-json\/wp\/v2\/media\/52447"}],"wp:attachment":[{"href":"https:\/\/alzira.es\/es\/wp-json\/wp\/v2\/media?parent=52449"}],"wp:term":[{"taxonomy":"category","embeddable":true,"href":"https:\/\/alzira.es\/es\/wp-json\/wp\/v2\/categories?post=52449"},{"taxonomy":"post_tag","embeddable":true,"href":"https:\/\/alzira.es\/es\/wp-json\/wp\/v2\/tags?post=52449"}],"curies":[{"name":"wp","href":"https:\/\/api.w.org\/{rel}","templated":true}]}}