{"id":52446,"date":"2020-11-13T10:20:14","date_gmt":"2020-11-13T09:20:14","guid":{"rendered":"https:\/\/alzira.es\/reduccio-taxa-residus-2021-2\/"},"modified":"2020-11-13T10:20:14","modified_gmt":"2020-11-13T09:20:14","slug":"reduccio-taxa-residus-2021-2","status":"publish","type":"post","link":"https:\/\/alzira.es\/es\/reduccio-taxa-residus-2021-2\/","title":{"rendered":"Els alzireny pagarem un 6\u201965% menys en el rebut de la taxa de residus del 2021"},"content":{"rendered":"<p>Alzira \u00e9s una de les poblacions de la comarca on s&#8217;aplicar\u00e0 en el rebut de la taxa de residus del 2021 una important rebaixa. Concretament del 6&#8217;65%, gr\u00e0cies a la bona pr\u00e0ctica del ve\u00efnat de separar en origen.<\/p>\n<p>Un major coneixement dels avantatges de separar, una consci\u00e8ncia pel medi ambient m\u00e9s interioritzada, junt a les pol\u00edtiques impulsades en els \u00faltims anys per a incentivar esta bona pr\u00e0ctica han donat com a resultat un magn\u00edfic resultat que reverteix amb l&#8217;estalvi en el rebut.<\/p>\n<p>\u00abEls alzirenys hem demostrat estar implicats en l&#8217;acci\u00f3 de separar en origen i per aix\u00f2 deguem de felicitar-nos i seguir endavant en esta acci\u00f3\u00bb, segons <strong>Fernando Pascual<\/strong>, regidor de Serveis Urbans de l&#8217;Ajuntament d&#8217;Alzira, i anima a totes i tos a seguir sensibilitzats en la tasca de reciclar.<\/p>\n<p>A la separaci\u00f3 en origen cal sumar l&#8217;altra via que podem fer servir els ciutadans per a tindre cura del medi ambient i obtindre fins a 12 euros de descompte en el nostre rebut, la d&#8217;utilitzar l&#8217;Ecoparc per dipositar tot all\u00f2 que ja no necessitem.<\/p>\n<p>Este gest d&#8217;utilitzar l&#8217;Ecoparc \u00e9s un acte de molta import\u00e0ncia per a tots, ja que ens permet la reutilitzaci\u00f3 dels elements i objectes de distint tipus que d&#8217;altra manera serien rebutjats. \u00ab\u00c9s necessari contribuir a reduir la quantitat de fem i deixalles i no danyat el planeta. El reciclat est\u00e0 lligat amb l&#8217;ecologia la qual cosa ens permet aprofitar els recursos que el planeta i la natura ens brinden\u00bb, ha assenyalat el regidor.<\/p>\n<h2>Import\u00e0ncia de separar en origen i reciclar<\/h2>\n<p>Reciclant 1.000 quilos de paper evitem la tala de deu arbres, s&#8217;estalvien 26.000 litres d&#8217;aigua i s&#8217;estalvien 40% de l&#8217;energia que costa la fabricaci\u00f3 del paper.<br \/>Reutilitzant una llanda estem estalviat una quantitat d&#8217;energia que permetr\u00e0 que un electrodom\u00e8stic funcione durant 3 hores.<\/p>\n<p>Una botella de pl\u00e0stic es degrada definitivament despr\u00e9s de 100 anys.<br \/>Reciclant un quilo de vidre estem estalviant un quilo de petroli. En este sentit, val la pena recordar que una botella de vidre es pot reutilitzar unes 50 vegades.<br \/>Estos s\u00f3n tant sols alguns exemples que ens demostren que podem donar un nou \u00fas.<\/p>\n<p><img fetchpriority=\"high\" decoding=\"async\" width=\"1042\" height=\"750\" class=\" size-full wp-image-52443\" src=\"https:\/\/alzira.es\/wp-content\/uploads\/2020\/11\/taxa-reciclatge.jpg\" alt=\"taxa-reciclatge\" srcset=\"https:\/\/alzira.es\/wp-content\/uploads\/2020\/11\/taxa-reciclatge.jpg 1042w, https:\/\/alzira.es\/wp-content\/uploads\/2020\/11\/taxa-reciclatge-680x489.jpg 680w, https:\/\/alzira.es\/wp-content\/uploads\/2020\/11\/taxa-reciclatge-768x553.jpg 768w\" sizes=\"(max-width: 706px) 89vw, (max-width: 767px) 82vw, 740px\" \/><\/p>\n","protected":false},"excerpt":{"rendered":"<p>Alzira \u00e9s una de les poblacions de la comarca on s&#8217;aplicar\u00e0 en el rebut de la taxa de residus del 2021 una important rebaixa. Concretament del 6&#8217;65%, gr\u00e0cies a la bona pr\u00e0ctica del ve\u00efnat de separar en origen. Un major coneixement dels avantatges de separar, una consci\u00e8ncia pel medi ambient m\u00e9s interioritzada, junt a les &hellip; <\/p>\n<p class=\"link-more\"><a href=\"https:\/\/alzira.es\/es\/reduccio-taxa-residus-2021-2\/\" class=\"more-link\">Continuar leyendo<span class=\"screen-reader-text\"> \u00abEls alzireny pagarem un 6\u201965% menys en el rebut de la taxa de residus del 2021\u00bb<\/span><\/a><\/p>\n","protected":false},"author":29,"featured_media":52443,"comment_status":"","ping_status":"","sticky":false,"template":"","format":"standard","meta":{"_acf_changed":false,"footnotes":""},"categories":[],"tags":[],"class_list":["post-52446","post","type-post","status-publish","format-standard","has-post-thumbnail","hentry"],"acf":[],"_links":{"self":[{"href":"https:\/\/alzira.es\/es\/wp-json\/wp\/v2\/posts\/52446","targetHints":{"allow":["GET"]}}],"collection":[{"href":"https:\/\/alzira.es\/es\/wp-json\/wp\/v2\/posts"}],"about":[{"href":"https:\/\/alzira.es\/es\/wp-json\/wp\/v2\/types\/post"}],"author":[{"embeddable":true,"href":"https:\/\/alzira.es\/es\/wp-json\/wp\/v2\/users\/29"}],"replies":[{"embeddable":true,"href":"https:\/\/alzira.es\/es\/wp-json\/wp\/v2\/comments?post=52446"}],"version-history":[{"count":0,"href":"https:\/\/alzira.es\/es\/wp-json\/wp\/v2\/posts\/52446\/revisions"}],"wp:featuredmedia":[{"embeddable":true,"href":"https:\/\/alzira.es\/es\/wp-json\/wp\/v2\/media\/52443"}],"wp:attachment":[{"href":"https:\/\/alzira.es\/es\/wp-json\/wp\/v2\/media?parent=52446"}],"wp:term":[{"taxonomy":"category","embeddable":true,"href":"https:\/\/alzira.es\/es\/wp-json\/wp\/v2\/categories?post=52446"},{"taxonomy":"post_tag","embeddable":true,"href":"https:\/\/alzira.es\/es\/wp-json\/wp\/v2\/tags?post=52446"}],"curies":[{"name":"wp","href":"https:\/\/api.w.org\/{rel}","templated":true}]}}