{"id":52442,"date":"2020-11-12T13:42:40","date_gmt":"2020-11-12T12:42:40","guid":{"rendered":"https:\/\/alzira.es\/prorroga-mesures-covid-alzira-2020-2\/"},"modified":"2020-11-12T13:42:40","modified_gmt":"2020-11-12T12:42:40","slug":"prorroga-mesures-covid-alzira-2020-2","status":"publish","type":"post","link":"https:\/\/alzira.es\/es\/prorroga-mesures-covid-alzira-2020-2\/","title":{"rendered":"Alzira prorroga les mesures restrictives fins al 28 de novembre"},"content":{"rendered":"<ul style=\"list-style-type: circle;\">\n<li>\n<h3>Diego G\u00f3mez: \u00abDemane al Consell que actue per a reduir el creixement de casos\u00bb<\/h3>\n<\/li>\n<\/ul>\n<p>Este mat\u00ed ha tingut lloc la reuni\u00f3 setmanal de Salut P\u00fablica amb els responsables de sanitat dels diferents municipis, en la qual s&#8217;han donat les dades actualitzades dels \u00faltims 7 dies. En el cas d&#8217;Alzira, han assistit l&#8217;alcalde, Diego G\u00f3mez, i la regidora de Sanitat, Gemma Al\u00f3s, que han sabut que a 9 de novembre, hem passat de 418 a <strong>470 casos per cada 100.000 habitants<\/strong>. Nom\u00e9s en els \u00faltims tres dies hi ha 42 nous positius, en total tenim 215 casos actius.<\/p>\n<p>\u00abAmb estes dades, la meua responsabilitat com a alcalde \u00e9s seguir amb les mesures que vam anunciar fa 15 dies, i prorrogar-les fins al proper 28 de novembre. Estem fent tot el que est\u00e0 a la nostra m\u00e0 i \u00e9s de compet\u00e8ncia local per a aconseguir que la incid\u00e8ncia es redu\u00efsca. Demane al Consell i a la Conselleria que actuen per a reduir el creixement de casos, amb mesures m\u00e9s restrictives pel que fa a la mobilitat a l&#8217;\u00e0rea del Departament de Salut de la Ribera, cal controlar els horaris i aforaments\u00bb, ha explicat l&#8217;alcalde d&#8217;Alzira, <strong>Diego G\u00f3mez<\/strong>.<\/p>\n<p>Amb les dades conegudes hui veiem que el nivell de contagis no baixa de moment, encara que pareix que la tend\u00e8ncia \u00e9s a l&#8217;estabilitzaci\u00f3. Les xifres indiquen transmissi\u00f3 comunit\u00e0ria no controlada i sostinguda que excedix la capacitat de resposta del nostre sistema sanitari.<\/p>\n<p>Preocupa l&#8217;evoluci\u00f3 a les escoles, on el nombre de PCR \u00e9s cada vegada superior. En els primers 10 dies de novembre s&#8217;han fet el mateix nombre de proves que en tot el mes d&#8217;octubre. Esta circumst\u00e0ncia a m\u00e9s indica que el sistema d&#8217;atenci\u00f3 prim\u00e0ria rep cada vegada m\u00e9s pacients i per tant afecta l&#8217;atenci\u00f3 general del centre.<\/p>\n<p>Pel que fa a resid\u00e8ncies, de moment la situaci\u00f3 \u00e9s estable i no hi ha problema, d&#8217;igual manera que al sector agr\u00edcola, entre collidors i magatzems.<\/p>\n<p>\u00abEls alzirenys hem de ser responsables i actuar amb precauci\u00f3 seguint les mesures indicades. Redu\u00efm la mobilitat a l&#8217;estrictament necessari. En estos moments \u00e9s fonamental la col\u00b7laboraci\u00f3 de tots i totes, perqu\u00e8 nom\u00e9s junts podrem aconseguir-ho\u00bb, ha indicat l&#8217;alcalde.<\/p>\n<p>Recordem que l&#8217;Ajuntament d&#8217;Alzira, seguint les recomanacions de les autoritats sanit\u00e0ries, prorroga les mesures dictades el passat 29 d&#8217;octubre fins al 28 de novembre:<br \/>\u2022 Tancar els parcs, jardins i zones de joc infantils en el nucli urb\u00e0 i en les escoles.<br \/>\u2022 Tancar al p\u00fablic les depend\u00e8ncies municipals. Nom\u00e9s es podr\u00e0 acudir amb cita pr\u00e8via.<br \/>\u2022 Tancar les instal\u00b7lacions esportives municipals. Nom\u00e9s es permet l&#8217;activitat federada a porta tancada.<br \/>\u2022 Al cementeri municipal, cal intensificar el protocol COVID i fer una crida a la responsabilitat.<br \/>\u2022 Suspendre els tallers de joventut i els d&#8217;arts pl\u00e0stiques organitzats per l&#8217;Ajuntament a la Casa de la Cultura.<br \/>\u2022 L&#8217;activitat acad\u00e8mica obligat\u00f2ria (escoles i instituts) continua amb normalitat.<br \/>\u2022 Ajornar activitats culturals, d&#8217;oci i joventut programades.<br \/>\u2022 Es recomana no realitzar reunions d&#8217;associacions festives, l\u00fadiques i culturals.<br \/>\u2022 L&#8217;Ajuntament intensificar\u00e0 el control policial per assegurar el compliment d&#8217;estes mesures, <strong>vigents fins al 28 de novembre<\/strong>. No respectar les mesures pot comportar sanci\u00f3 econ\u00f2mica.<\/p>\n<h2>ALTRES MESURES<\/h2>\n<p>\u2022 Tancament perimetral de la Comunitat Valenciana fins al divendres 13 de novembre a les 12:00 h.<br \/>\u2022 Es limita la circulaci\u00f3 de persones entre les 00.00 i les 06:00 h.<br \/>\u2022 Es limiten a un m\u00e0xim de 6 persones les reunions sociofamiliars, excepte convivents.<br \/>\u2022 No es podr\u00e0 fumar en la via p\u00fablica, terrasses, platges o altres espais a l&#8217;aire lliure, quan no es puga respectar la dist\u00e0ncia de 2 metres.<br \/>\u2022 Noves mesures aprovades el dia 7 de novembre fins a les 23.59 del 9 de desembre de 2020, relatives als aforaments en vetlatoris i soterrars, actes i celebracions, comer\u00e7, hostaleria i restauraci\u00f3, espais culturals i d&#8217;oci, establiments de joc, parcs infantils, activitats esportives i piscines.<\/p>\n<p>Consulta totes les mesures vigents <a href=\"index.php\/val\/noticies\/12485-mesures-vigents-contra-la-covid19\">ac\u00ed<\/a>.&nbsp;<\/p>\n<p><img fetchpriority=\"high\" decoding=\"async\" width=\"1024\" height=\"768\" class=\" size-full wp-image-52439\" src=\"https:\/\/alzira.es\/wp-content\/uploads\/2020\/11\/reunio_sanitat_1.jpeg\" alt=\"reunio sanitat 1\" srcset=\"https:\/\/alzira.es\/wp-content\/uploads\/2020\/11\/reunio_sanitat_1.jpeg 1024w, https:\/\/alzira.es\/wp-content\/uploads\/2020\/11\/reunio_sanitat_1-680x510.jpeg 680w, https:\/\/alzira.es\/wp-content\/uploads\/2020\/11\/reunio_sanitat_1-768x576.jpeg 768w\" sizes=\"(max-width: 706px) 89vw, (max-width: 767px) 82vw, 740px\" \/><\/p>\n","protected":false},"excerpt":{"rendered":"<p>Diego G\u00f3mez: \u00abDemane al Consell que actue per a reduir el creixement de casos\u00bb Este mat\u00ed ha tingut lloc la reuni\u00f3 setmanal de Salut P\u00fablica amb els responsables de sanitat dels diferents municipis, en la qual s&#8217;han donat les dades actualitzades dels \u00faltims 7 dies. En el cas d&#8217;Alzira, han assistit l&#8217;alcalde, Diego G\u00f3mez, i &hellip; <\/p>\n<p class=\"link-more\"><a href=\"https:\/\/alzira.es\/es\/prorroga-mesures-covid-alzira-2020-2\/\" class=\"more-link\">Continuar leyendo<span class=\"screen-reader-text\"> \u00abAlzira prorroga les mesures restrictives fins al 28 de novembre\u00bb<\/span><\/a><\/p>\n","protected":false},"author":29,"featured_media":52439,"comment_status":"","ping_status":"","sticky":false,"template":"","format":"standard","meta":{"_acf_changed":false,"footnotes":""},"categories":[],"tags":[],"class_list":["post-52442","post","type-post","status-publish","format-standard","has-post-thumbnail","hentry"],"acf":[],"_links":{"self":[{"href":"https:\/\/alzira.es\/es\/wp-json\/wp\/v2\/posts\/52442","targetHints":{"allow":["GET"]}}],"collection":[{"href":"https:\/\/alzira.es\/es\/wp-json\/wp\/v2\/posts"}],"about":[{"href":"https:\/\/alzira.es\/es\/wp-json\/wp\/v2\/types\/post"}],"author":[{"embeddable":true,"href":"https:\/\/alzira.es\/es\/wp-json\/wp\/v2\/users\/29"}],"replies":[{"embeddable":true,"href":"https:\/\/alzira.es\/es\/wp-json\/wp\/v2\/comments?post=52442"}],"version-history":[{"count":0,"href":"https:\/\/alzira.es\/es\/wp-json\/wp\/v2\/posts\/52442\/revisions"}],"wp:featuredmedia":[{"embeddable":true,"href":"https:\/\/alzira.es\/es\/wp-json\/wp\/v2\/media\/52439"}],"wp:attachment":[{"href":"https:\/\/alzira.es\/es\/wp-json\/wp\/v2\/media?parent=52442"}],"wp:term":[{"taxonomy":"category","embeddable":true,"href":"https:\/\/alzira.es\/es\/wp-json\/wp\/v2\/categories?post=52442"},{"taxonomy":"post_tag","embeddable":true,"href":"https:\/\/alzira.es\/es\/wp-json\/wp\/v2\/tags?post=52442"}],"curies":[{"name":"wp","href":"https:\/\/api.w.org\/{rel}","templated":true}]}}