{"id":52441,"date":"2020-11-12T13:42:40","date_gmt":"2020-11-12T12:42:40","guid":{"rendered":"https:\/\/alzira.es\/prorroga-mesures-covid-alzira-2020\/"},"modified":"2020-11-12T13:42:40","modified_gmt":"2020-11-12T12:42:40","slug":"prorroga-mesures-covid-alzira-2020","status":"publish","type":"post","link":"https:\/\/alzira.es\/es\/prorroga-mesures-covid-alzira-2020\/","title":{"rendered":"Alzira prorroga las medidas restrictivas hasta el 28 de noviembre"},"content":{"rendered":"<ul style=\"list-style-type: circle;\">\n<li>\n<h3>Diego G\u00f3mez: \u00abPido al Consejo que act\u00fae para reducir el crecimiento de casos\u00bb<\/h3>\n<\/li>\n<li>\n<p>Esta ma\u00f1ana ha tenido lugar la reuni\u00f3n semanal de Salud P\u00fablica con los responsables de sanidad de los diferentes municipios, en la cual se han dado los datos actualizados de los \u00faltimos 7 d\u00edas. En el caso de Alzira, han asistido el alcalde, Diego G\u00f3mez, y la regidora de Sanidad, Gemma Al\u00f3s, que han sabido que a 9 de noviembre, hemos pasado de 418 a <strong>470 casos por cada 100.000 habitantes.<\/strong> Solo en los \u00faltimos tres d\u00edas hay 42 nuevos positivos, en total tenemos 215 casos activos.<\/p>\n<p>\u00abCon estos datos, mi responsabilidad como alcalde es seguir con las medidas que anunciamos hace 15 d\u00edas, y prorrogarlas hasta el pr\u00f3ximo 28 de noviembre. Estamos haciendo todo el que est\u00e1 en nuestra mano y es de competencia local para conseguir que la incidencia se reduzca. Pido al Consejo y a la Conseller\u00eda que act\u00faen para reducir el crecimiento de casos, con medidas m\u00e1s restrictivas en cuanto a la movilidad en el \u00e1rea del Departamento de Salud de la Ribera, hay que controlar los horarios y aforos\u00bb, ha explicado el alcalde de Alzira,<strong> Diego G\u00f3mez<\/strong>.<\/p>\n<p>Con los datos conocidos hoy vemos que el nivel de contagios no baja de momento, aunque parezca que la tendencia es a la estabilizaci\u00f3n. Las cifras indican transmisi\u00f3n comunitaria no controlada y sostenida que excede la capacidad de respuesta de nuestro sistema sanitario.<\/p>\n<p>Preocupa la evoluci\u00f3n en las escuelas, donde el n\u00famero de PCR es cada vez superior. En los primeros 10 d\u00edas de noviembre se han hecho el mismo n\u00famero de pruebas que en todo el mes de octubre. Esta circunstancia adem\u00e1s indica que el sistema de atenci\u00f3n primaria recibe cada vez m\u00e1s pacientes y por tanto afecta la atenci\u00f3n general del centro.<\/p>\n<p>En cuanto a residencias, de momento la situaci\u00f3n es estable y no hay problema, de igual manera que al sector agr\u00edcola, entre recolectores y almacenes.<\/p>\n<p>\u00abLos alzire\u00f1os tenemos que ser responsables y actuar con precauci\u00f3n siguiendo las medidas indicadas. Reducimos la movilidad a lo estrictamente necesario. En estos momentos es fundamental la colaboraci\u00f3n de todos y todas, porque solo juntos podremos conseguirlo\u00bb, ha indicado el alcalde.<\/p>\n<p>Recordamos que el Ayuntamiento de Alzira, siguiendo las recomendaciones de las autoridades sanitarias, prorroga las medidas dictadas el pasado 29 de octubre hasta el 28 de noviembre:<br \/>\u2022 Cerrar los parques, jardines y zonas de juego infantiles en el casco urbano y en las escuelas.<br \/>\u2022 Cerrar al p\u00fablico las dependencias municipales. Solo se podr\u00e1 acudir con cita previa.<br \/>\u2022 Cerrar las instalaciones deportivas municipales. Solo se permite la actividad federada a puerta cerrada.<br \/>\u2022 Al cementerio municipal, hay que intensificar el protocolo COVID y hacer un llamamiento a la responsabilidad.<br \/>\u2022 Suspender los talleres de juventud y los de artes pl\u00e1sticas organizados por el Ayuntamiento en la Casa de la Cultura.<br \/>\u2022 La actividad acad\u00e9mica obligatoria (escuelas e institutos) contin\u00faa con normalidad.<br \/>\u2022 Aplazar actividades culturales, de ocio y juventud programadas.<br \/>\u2022 Se recomienda no realizar reuniones de asociaciones festivas, l\u00fadicas y culturales.<br \/>\u2022 El Ayuntamiento intensificar\u00e1 el control policial para asegurar el cumplimiento de estas medidas, <strong>vigentes hasta el 28 de noviembre<\/strong>. No respetar las medidas puede comportar sanci\u00f3n econ\u00f3mica.<\/p>\n<h3>OTRAS MEDIDAS<\/h3>\n<\/li>\n<li>\n<p>\u2022 Cierre perimetral de la Comunidad Valenciana hasta el viernes 13 de noviembre a las 12:00 h.&nbsp;&nbsp;<br \/>\u2022 Se limita la circulaci\u00f3n de personas entre las 00.00 y las 06:00 h.<br \/>\u2022 Se limitan a un m\u00e1ximo de 6 personas las reuniones sociofamiliares, excepto convivientes.<br \/>\u2022 No se podr\u00e1 fumar en la v\u00eda p\u00fablica, terrazas, playas u otros espacios al aire libre, cuando no se pueda respetar la distancia de 2 metros.<br \/>\u2022 Nuevas medidas aprobadas el d\u00eda 7 de noviembre hasta las 23.59 del 9 de diciembre de 2020, relativas a los aforos en velatorios y subterraneos, actas y celebraciones, comercio, hosteler\u00eda y restauraci\u00f3n, espacios culturales y de ocio, establecimientos de juego, parques infantiles, actividades deportivas y piscinas.<\/p>\n<\/li>\n<li>\n<p>Consulta todas las medidas vigentes aqu\u00ed.<\/p>\n<\/li>\n<\/ul>\n<p><img fetchpriority=\"high\" decoding=\"async\" width=\"1024\" height=\"768\" class=\" size-full wp-image-52439\" src=\"https:\/\/alzira.es\/wp-content\/uploads\/2020\/11\/reunio_sanitat_1.jpeg\" alt=\"reunio sanitat 1\" srcset=\"https:\/\/alzira.es\/wp-content\/uploads\/2020\/11\/reunio_sanitat_1.jpeg 1024w, https:\/\/alzira.es\/wp-content\/uploads\/2020\/11\/reunio_sanitat_1-680x510.jpeg 680w, https:\/\/alzira.es\/wp-content\/uploads\/2020\/11\/reunio_sanitat_1-768x576.jpeg 768w\" sizes=\"(max-width: 706px) 89vw, (max-width: 767px) 82vw, 740px\" \/><\/p>\n","protected":false},"excerpt":{"rendered":"<p>Diego G\u00f3mez: \u00abPido al Consejo que act\u00fae para reducir el crecimiento de casos\u00bb Esta ma\u00f1ana ha tenido lugar la reuni\u00f3n semanal de Salud P\u00fablica con los responsables de sanidad de los diferentes municipios, en la cual se han dado los datos actualizados de los \u00faltimos 7 d\u00edas. En el caso de Alzira, han asistido el &hellip; <\/p>\n<p class=\"link-more\"><a href=\"https:\/\/alzira.es\/es\/prorroga-mesures-covid-alzira-2020\/\" class=\"more-link\">Continuar leyendo<span class=\"screen-reader-text\"> \u00abAlzira prorroga las medidas restrictivas hasta el 28 de noviembre\u00bb<\/span><\/a><\/p>\n","protected":false},"author":29,"featured_media":52439,"comment_status":"","ping_status":"","sticky":false,"template":"","format":"standard","meta":{"_acf_changed":false,"footnotes":""},"categories":[4936],"tags":[],"class_list":["post-52441","post","type-post","status-publish","format-standard","has-post-thumbnail","hentry","category-hemeroteca-es"],"acf":[],"_links":{"self":[{"href":"https:\/\/alzira.es\/es\/wp-json\/wp\/v2\/posts\/52441","targetHints":{"allow":["GET"]}}],"collection":[{"href":"https:\/\/alzira.es\/es\/wp-json\/wp\/v2\/posts"}],"about":[{"href":"https:\/\/alzira.es\/es\/wp-json\/wp\/v2\/types\/post"}],"author":[{"embeddable":true,"href":"https:\/\/alzira.es\/es\/wp-json\/wp\/v2\/users\/29"}],"replies":[{"embeddable":true,"href":"https:\/\/alzira.es\/es\/wp-json\/wp\/v2\/comments?post=52441"}],"version-history":[{"count":0,"href":"https:\/\/alzira.es\/es\/wp-json\/wp\/v2\/posts\/52441\/revisions"}],"wp:featuredmedia":[{"embeddable":true,"href":"https:\/\/alzira.es\/es\/wp-json\/wp\/v2\/media\/52439"}],"wp:attachment":[{"href":"https:\/\/alzira.es\/es\/wp-json\/wp\/v2\/media?parent=52441"}],"wp:term":[{"taxonomy":"category","embeddable":true,"href":"https:\/\/alzira.es\/es\/wp-json\/wp\/v2\/categories?post=52441"},{"taxonomy":"post_tag","embeddable":true,"href":"https:\/\/alzira.es\/es\/wp-json\/wp\/v2\/tags?post=52441"}],"curies":[{"name":"wp","href":"https:\/\/api.w.org\/{rel}","templated":true}]}}