{"id":52438,"date":"2020-11-12T14:52:48","date_gmt":"2020-11-12T13:52:48","guid":{"rendered":"https:\/\/alzira.es\/continuen-les-tasques-de-ressembra-al-luis-suner-2\/"},"modified":"2020-11-12T14:52:48","modified_gmt":"2020-11-12T13:52:48","slug":"continuen-les-tasques-de-ressembra-al-luis-suner-2","status":"publish","type":"post","link":"https:\/\/alzira.es\/es\/continuen-les-tasques-de-ressembra-al-luis-suner-2\/","title":{"rendered":"Continuen les tasques de ressembra al Luis Su\u00f1er"},"content":{"rendered":"<p>El terreny de joc de <strong>l&#8217;estadi Luis Su\u00f1er Pic\u00f3 continua amb el proc\u00e9s de ressembra<\/strong>, en tot moment baix la supervisi\u00f3 dels t\u00e8cnics de l&#8217;empresa encarregada de dur a terme les tasques de recuperaci\u00f3 de la gespa natural.<\/p>\n<p>Esta pr\u00f2xima setmana, dilluns i dijous, hi ha previst tornar a actuar sobre el terreny per tal d&#8217;afavorir el creixement de la planta, complint els terminis previstos per a cada fase. Ara cal anar amb compte, ja que cal previndre l&#8217;aparici\u00f3 del Pythium, malaltia que pot causar problemes a la varietat de gespa ressembrada, segons han determinat els t\u00e8cnics.<\/p>\n<p>Pel que fa al tema de la segada, els responsables de la supervisi\u00f3 de la ressembra estimen que al llarg de tres setmanes cal realitzar una doble segada abans de passar la m\u00e0quina helicoidal, que assentar\u00e0 i compactar\u00e0 el terreny, per\u00f2 havent desenvolupat suficient arrel per a poder acabar la implantaci\u00f3 i no haver d&#8217;afrontar problemes per exc\u00e9s de compactaci\u00f3.<\/p>\n<p><em>\u00abEstem treballant per tal d&#8217;aconseguir una humitat del 25% en el terreny de joc amb la qual aconseguirem disminuir la humitat de la planta en fulla i evitar aix\u00ed la perman\u00e8ncia d&#8217;esta al llarg d&#8217;hores, la qual cosa \u00e9s freq\u00fcent en la tardor\u00bb<\/em>, segons ha assenyalat <strong>Fernando Pascual<\/strong>, regidor d&#8217;Esports.<\/p>\n<p>El regidor continua realitzant visites al Su\u00f1er per tal de comprovar de primera m\u00e0 l&#8217;estat del terreny, seguint en tot moment els criteris dels t\u00e8cnics per tal d&#8217;aconseguir uns terrenys de joc d&#8217;immillorables condicions per al desenvolupament dels partits.<\/p>\n<p>Una vegada m\u00e9s cal recordar que l&#8217;objectiu del Departament d&#8217;Esport, encap\u00e7alat pel regidor Fernando Pascual, \u00e9s ajudar a totes les entitats esportives i millorar les instal\u00b7lacions que ocupen i on desenvolupen les seues disciplines esportives.<\/p>\n<p><img fetchpriority=\"high\" decoding=\"async\" class=\" size-full wp-image-52435\" style=\"margin-right: auto; margin-left: auto; display: block;\" src=\"https:\/\/alzira.es\/wp-content\/uploads\/2020\/11\/resembra_gespa.jpg\" alt=\"resembra gespa\" width=\"1040\" height=\"780\" srcset=\"https:\/\/alzira.es\/wp-content\/uploads\/2020\/11\/resembra_gespa.jpg 1600w, https:\/\/alzira.es\/wp-content\/uploads\/2020\/11\/resembra_gespa-680x510.jpg 680w, https:\/\/alzira.es\/wp-content\/uploads\/2020\/11\/resembra_gespa-1430x1072.jpg 1430w, https:\/\/alzira.es\/wp-content\/uploads\/2020\/11\/resembra_gespa-768x576.jpg 768w, https:\/\/alzira.es\/wp-content\/uploads\/2020\/11\/resembra_gespa-1536x1152.jpg 1536w\" sizes=\"(max-width: 706px) 89vw, (max-width: 767px) 82vw, 740px\" \/><\/p>\n<p>&nbsp;<\/p>\n<p>&nbsp;<\/p>\n","protected":false},"excerpt":{"rendered":"<p>El terreny de joc de l&#8217;estadi Luis Su\u00f1er Pic\u00f3 continua amb el proc\u00e9s de ressembra, en tot moment baix la supervisi\u00f3 dels t\u00e8cnics de l&#8217;empresa encarregada de dur a terme les tasques de recuperaci\u00f3 de la gespa natural. Esta pr\u00f2xima setmana, dilluns i dijous, hi ha previst tornar a actuar sobre el terreny per tal &hellip; <\/p>\n<p class=\"link-more\"><a href=\"https:\/\/alzira.es\/es\/continuen-les-tasques-de-ressembra-al-luis-suner-2\/\" class=\"more-link\">Continuar leyendo<span class=\"screen-reader-text\"> \u00abContinuen les tasques de ressembra al Luis Su\u00f1er\u00bb<\/span><\/a><\/p>\n","protected":false},"author":36,"featured_media":52435,"comment_status":"","ping_status":"","sticky":false,"template":"","format":"standard","meta":{"_acf_changed":false,"footnotes":""},"categories":[],"tags":[],"class_list":["post-52438","post","type-post","status-publish","format-standard","has-post-thumbnail","hentry"],"acf":[],"_links":{"self":[{"href":"https:\/\/alzira.es\/es\/wp-json\/wp\/v2\/posts\/52438","targetHints":{"allow":["GET"]}}],"collection":[{"href":"https:\/\/alzira.es\/es\/wp-json\/wp\/v2\/posts"}],"about":[{"href":"https:\/\/alzira.es\/es\/wp-json\/wp\/v2\/types\/post"}],"author":[{"embeddable":true,"href":"https:\/\/alzira.es\/es\/wp-json\/wp\/v2\/users\/36"}],"replies":[{"embeddable":true,"href":"https:\/\/alzira.es\/es\/wp-json\/wp\/v2\/comments?post=52438"}],"version-history":[{"count":0,"href":"https:\/\/alzira.es\/es\/wp-json\/wp\/v2\/posts\/52438\/revisions"}],"wp:featuredmedia":[{"embeddable":true,"href":"https:\/\/alzira.es\/es\/wp-json\/wp\/v2\/media\/52435"}],"wp:attachment":[{"href":"https:\/\/alzira.es\/es\/wp-json\/wp\/v2\/media?parent=52438"}],"wp:term":[{"taxonomy":"category","embeddable":true,"href":"https:\/\/alzira.es\/es\/wp-json\/wp\/v2\/categories?post=52438"},{"taxonomy":"post_tag","embeddable":true,"href":"https:\/\/alzira.es\/es\/wp-json\/wp\/v2\/tags?post=52438"}],"curies":[{"name":"wp","href":"https:\/\/api.w.org\/{rel}","templated":true}]}}