{"id":52352,"date":"2020-11-05T20:46:15","date_gmt":"2020-11-05T19:46:15","guid":{"rendered":"https:\/\/alzira.es\/actualitzacio-pluges-5-de-novembre-20-30-hores-2\/"},"modified":"2020-11-05T20:46:15","modified_gmt":"2020-11-05T19:46:15","slug":"actualitzacio-pluges-5-de-novembre-20-30-hores-2","status":"publish","type":"post","link":"https:\/\/alzira.es\/es\/actualitzacio-pluges-5-de-novembre-20-30-hores-2\/","title":{"rendered":"Actualitzaci\u00f3 pluges 5 de novembre 20.30 hores"},"content":{"rendered":"<p>Alzira ha patit hui un important episodi de pluja. Els carrers dels diferents barris de la ciutat s&#8217;han inundat al llarg del mat\u00ed i encara que l&#8217;aigua ha baixat a primera hora de la vesprada, ara queda pendent molta tasca de neteja.<\/p>\n<p>Esta mateixa nit la brigada de FOVASA, concession\u00e0ria de la neteja vi\u00e0ria de la ciutat, comen\u00e7ar\u00e0 les tasques al carrer Mestra Josefina Fern\u00e0ndez. Dem\u00e0 divendres, pel mat\u00ed est\u00e0 previst continuar en els carrers compresos entre Josefina Fern\u00e1ndez i Crist\u00f3bal Monterde. En acabar es seguir\u00e0 amb la retirada de brut\u00edcia als barris m\u00e9s afectats en les zones de Ven\u00e8cia i les Basses.<\/p>\n<p>A hores d&#8217;ara el barranc de la Casella ha baixat un metre des de les 18.30, estem en 2.50 metres i amb esta milloria es rebaixa la pressi\u00f3 sobre el barri de les Basses i es possibilita per tant, desaig\u00fcar del Canal en el barranc.<\/p>\n<p>Continuem en el nivel de emergencia roig i seguirem pendents tota la nit a l&#8217;evoluci\u00f3.<\/p>\n<p>La previsi\u00f3 de les pr\u00f2ximes hores \u00e9s bona pel que fa a l&#8217;oratge.<\/p>\n<p>Es recorda a la ciutadania:<br \/>1. La suspensi\u00f3 de l&#8217;activitat acad\u00e8mica de tots els centres educatius de la ciutat per al dia de dem\u00e0 6 de novembre.<br \/>2. Tota la comarca est\u00e0 afectada per les inundacions. molta precauci\u00f3 a les carreteres. No agafeu els cotxes si no \u00e9s imprescindible i informeu-vos abans de l&#8217;estat de les carreteres.<img fetchpriority=\"high\" decoding=\"async\" class=\" size-full wp-image-52349\" style=\"margin-right: auto; margin-left: auto; display: block;\" src=\"https:\/\/alzira.es\/wp-content\/uploads\/2020\/11\/WhatsApp_Image_2020-11-05_at_20.32.09.jpeg\" alt=\"WhatsApp Image 2020-11-05 at 20.32.09\" width=\"500\" height=\"375\" srcset=\"https:\/\/alzira.es\/wp-content\/uploads\/2020\/11\/WhatsApp_Image_2020-11-05_at_20.32.09.jpeg 1600w, https:\/\/alzira.es\/wp-content\/uploads\/2020\/11\/WhatsApp_Image_2020-11-05_at_20.32.09-680x510.jpeg 680w, https:\/\/alzira.es\/wp-content\/uploads\/2020\/11\/WhatsApp_Image_2020-11-05_at_20.32.09-1430x1072.jpeg 1430w, https:\/\/alzira.es\/wp-content\/uploads\/2020\/11\/WhatsApp_Image_2020-11-05_at_20.32.09-768x576.jpeg 768w, https:\/\/alzira.es\/wp-content\/uploads\/2020\/11\/WhatsApp_Image_2020-11-05_at_20.32.09-1536x1152.jpeg 1536w\" sizes=\"(max-width: 500px) 100vw, 500px\" \/><\/p>\n<p>&nbsp;<\/p>\n","protected":false},"excerpt":{"rendered":"<p>Alzira ha patit hui un important episodi de pluja. Els carrers dels diferents barris de la ciutat s&#8217;han inundat al llarg del mat\u00ed i encara que l&#8217;aigua ha baixat a primera hora de la vesprada, ara queda pendent molta tasca de neteja. Esta mateixa nit la brigada de FOVASA, concession\u00e0ria de la neteja vi\u00e0ria de &hellip; <\/p>\n<p class=\"link-more\"><a href=\"https:\/\/alzira.es\/es\/actualitzacio-pluges-5-de-novembre-20-30-hores-2\/\" class=\"more-link\">Continuar leyendo<span class=\"screen-reader-text\"> \u00abActualitzaci\u00f3 pluges 5 de novembre 20.30 hores\u00bb<\/span><\/a><\/p>\n","protected":false},"author":36,"featured_media":52349,"comment_status":"","ping_status":"","sticky":false,"template":"","format":"standard","meta":{"_acf_changed":false,"footnotes":""},"categories":[],"tags":[],"class_list":["post-52352","post","type-post","status-publish","format-standard","has-post-thumbnail","hentry"],"acf":[],"_links":{"self":[{"href":"https:\/\/alzira.es\/es\/wp-json\/wp\/v2\/posts\/52352","targetHints":{"allow":["GET"]}}],"collection":[{"href":"https:\/\/alzira.es\/es\/wp-json\/wp\/v2\/posts"}],"about":[{"href":"https:\/\/alzira.es\/es\/wp-json\/wp\/v2\/types\/post"}],"author":[{"embeddable":true,"href":"https:\/\/alzira.es\/es\/wp-json\/wp\/v2\/users\/36"}],"replies":[{"embeddable":true,"href":"https:\/\/alzira.es\/es\/wp-json\/wp\/v2\/comments?post=52352"}],"version-history":[{"count":0,"href":"https:\/\/alzira.es\/es\/wp-json\/wp\/v2\/posts\/52352\/revisions"}],"wp:featuredmedia":[{"embeddable":true,"href":"https:\/\/alzira.es\/es\/wp-json\/wp\/v2\/media\/52349"}],"wp:attachment":[{"href":"https:\/\/alzira.es\/es\/wp-json\/wp\/v2\/media?parent=52352"}],"wp:term":[{"taxonomy":"category","embeddable":true,"href":"https:\/\/alzira.es\/es\/wp-json\/wp\/v2\/categories?post=52352"},{"taxonomy":"post_tag","embeddable":true,"href":"https:\/\/alzira.es\/es\/wp-json\/wp\/v2\/tags?post=52352"}],"curies":[{"name":"wp","href":"https:\/\/api.w.org\/{rel}","templated":true}]}}