{"id":51833,"date":"2020-10-08T13:46:19","date_gmt":"2020-10-08T11:46:19","guid":{"rendered":"https:\/\/alzira.es\/alzira-incorpora-7-persones-del-programa-d-ocupacio-emcorp-subvencionat-amb-115-508-2\/"},"modified":"2020-10-08T13:46:19","modified_gmt":"2020-10-08T11:46:19","slug":"alzira-incorpora-7-persones-del-programa-d-ocupacio-emcorp-subvencionat-amb-115-508-2","status":"publish","type":"post","link":"https:\/\/alzira.es\/es\/alzira-incorpora-7-persones-del-programa-d-ocupacio-emcorp-subvencionat-amb-115-508-2\/","title":{"rendered":"Alzira incorpora 7 persones del programa d\u2019ocupaci\u00f3 EMCORP, subvencionat amb 115.508 \u20ac"},"content":{"rendered":"<p>L&#8217;alcalde d&#8217;Alzira, <strong>Diego G\u00f3mez<\/strong>, ha donat la benvinguda este mat\u00ed a les 7 persones que han sigut contractades per l&#8217;Ajuntament gr\u00e0cies al programa de Foment d&#8217;ocupaci\u00f3 EMCORP, subvencionat pel Labora, amb un import total de 115.508,85 euros.<\/p>\n<p>L&#8217;objectiu d&#8217;este programa \u00e9s donar una oportunitat laboral, durant sis mesos a jornada completa, a persones majors de 30 anys, qualificades i en situaci\u00f3 pr\u00e8via de desocupaci\u00f3.<\/p>\n<p>L&#8217;alcalde d&#8217;Alzira, Diego G\u00f3mez, ha acollit els seleccionats en un breu acte al Sal\u00f3 d&#8217;Actes i ha assenyalat \u00abla voluntat de l&#8217;equip de govern per a dur endavant totes les pol\u00edtiques orientades a la ciutadania que ajuden, tant en l&#8217;\u00e0mbit formatiu com en l&#8217;\u00e0mbit professional, a la millora de la situaci\u00f3 laboral dels alzirenys\u00bb.<\/p>\n<p>Les persones incorporades donaran suport a les tasques administratives i de gesti\u00f3 general, suport al Servei d&#8217;Emprenedors i de Comer\u00e7 i Gesti\u00f3 de Programes Europeus en Idea, tasques de revisi\u00f3 i actualitzaci\u00f3 de b\u00e9ns historicoart\u00edstics municipals inventariats al Muma, tasques al Departament de Patrimoni, Prevenci\u00f3 de Riscos Laborals i Gesti\u00f3 del Territori.<\/p>\n<p><img fetchpriority=\"high\" decoding=\"async\" width=\"1088\" height=\"740\" class=\" size-full wp-image-51830\" src=\"https:\/\/alzira.es\/wp-content\/uploads\/2020\/10\/incorporacions-emcorp-alzira-2020.jpg\" alt=\"incorporacions-emcorp-alzira-2020\" srcset=\"https:\/\/alzira.es\/wp-content\/uploads\/2020\/10\/incorporacions-emcorp-alzira-2020.jpg 1088w, https:\/\/alzira.es\/wp-content\/uploads\/2020\/10\/incorporacions-emcorp-alzira-2020-680x463.jpg 680w, https:\/\/alzira.es\/wp-content\/uploads\/2020\/10\/incorporacions-emcorp-alzira-2020-768x522.jpg 768w\" sizes=\"(max-width: 706px) 89vw, (max-width: 767px) 82vw, 740px\" \/><\/p>\n","protected":false},"excerpt":{"rendered":"<p>L&#8217;alcalde d&#8217;Alzira, Diego G\u00f3mez, ha donat la benvinguda este mat\u00ed a les 7 persones que han sigut contractades per l&#8217;Ajuntament gr\u00e0cies al programa de Foment d&#8217;ocupaci\u00f3 EMCORP, subvencionat pel Labora, amb un import total de 115.508,85 euros. L&#8217;objectiu d&#8217;este programa \u00e9s donar una oportunitat laboral, durant sis mesos a jornada completa, a persones majors de &hellip; <\/p>\n<p class=\"link-more\"><a href=\"https:\/\/alzira.es\/es\/alzira-incorpora-7-persones-del-programa-d-ocupacio-emcorp-subvencionat-amb-115-508-2\/\" class=\"more-link\">Continuar leyendo<span class=\"screen-reader-text\"> \u00abAlzira incorpora 7 persones del programa d\u2019ocupaci\u00f3 EMCORP, subvencionat amb 115.508 \u20ac\u00bb<\/span><\/a><\/p>\n","protected":false},"author":29,"featured_media":51830,"comment_status":"","ping_status":"","sticky":false,"template":"","format":"standard","meta":{"_acf_changed":false,"footnotes":""},"categories":[],"tags":[],"class_list":["post-51833","post","type-post","status-publish","format-standard","has-post-thumbnail","hentry"],"acf":[],"_links":{"self":[{"href":"https:\/\/alzira.es\/es\/wp-json\/wp\/v2\/posts\/51833","targetHints":{"allow":["GET"]}}],"collection":[{"href":"https:\/\/alzira.es\/es\/wp-json\/wp\/v2\/posts"}],"about":[{"href":"https:\/\/alzira.es\/es\/wp-json\/wp\/v2\/types\/post"}],"author":[{"embeddable":true,"href":"https:\/\/alzira.es\/es\/wp-json\/wp\/v2\/users\/29"}],"replies":[{"embeddable":true,"href":"https:\/\/alzira.es\/es\/wp-json\/wp\/v2\/comments?post=51833"}],"version-history":[{"count":0,"href":"https:\/\/alzira.es\/es\/wp-json\/wp\/v2\/posts\/51833\/revisions"}],"wp:featuredmedia":[{"embeddable":true,"href":"https:\/\/alzira.es\/es\/wp-json\/wp\/v2\/media\/51830"}],"wp:attachment":[{"href":"https:\/\/alzira.es\/es\/wp-json\/wp\/v2\/media?parent=51833"}],"wp:term":[{"taxonomy":"category","embeddable":true,"href":"https:\/\/alzira.es\/es\/wp-json\/wp\/v2\/categories?post=51833"},{"taxonomy":"post_tag","embeddable":true,"href":"https:\/\/alzira.es\/es\/wp-json\/wp\/v2\/tags?post=51833"}],"curies":[{"name":"wp","href":"https:\/\/api.w.org\/{rel}","templated":true}]}}