{"id":51785,"date":"2020-10-06T14:40:32","date_gmt":"2020-10-06T12:40:32","guid":{"rendered":"https:\/\/alzira.es\/cactus-substituix-pupil-les-al-cartell-del-concert-del-8-d-octubre-2\/"},"modified":"2020-10-06T14:40:32","modified_gmt":"2020-10-06T12:40:32","slug":"cactus-substituix-pupil-les-al-cartell-del-concert-del-8-d-octubre-2","status":"publish","type":"post","link":"https:\/\/alzira.es\/es\/cactus-substituix-pupil-les-al-cartell-del-concert-del-8-d-octubre-2\/","title":{"rendered":"Cactus substitu\u00efx Pupil\u00b7les al cartell del Concert del 8 d\u2019Octubre"},"content":{"rendered":"<p>Des de la <strong>Regidoria de Cultura <\/strong>s&#8217;<strong>anuncia un canvi en els participants del Concert del 8 d&#8217;octubre<\/strong>. La formaci\u00f3 <strong><em>Cactus prendr\u00e0 el relleu de Pupil\u00b7les<\/em><\/strong>, que no podr\u00e0 actuar-hi per motius aliens a este Ajuntament. Les entrades adquirides fins al moment tindran la mateixa validesa. No obstant aix\u00f2, tots aquells que ho desitgen, poden demanar la devoluci\u00f3 de la seua entrada sol\u00b7licitant-ho pel mateix canal de compra.<\/p>\n<p><strong>Cactus<\/strong> <strong>\u00e9s un trio valenci\u00e0<\/strong> que es reafirma com un dels grups amb m\u00e9s vitalitat i projecci\u00f3 de l&#8217;escena musical actual en valenci\u00e0, amb un estil que barreja el hip-hop electr\u00f2nic amb el pop m\u00e9s comercial i mel\u00f2dic aix\u00ed com el reggae, un mix ple de matisos i brillantor que ells mateixos anomenen<em> &#8216;electro-urban&#8217;<\/em>.<\/p>\n<p><em>\u00abLamentem que Pupil\u00b7les no ens puga acompanyar en la cita alzirenya que est\u00e0 assolint any rere any un nivell de referent dins el panorama musical en valenci\u00e0. Hem pogut comptar amb la participaci\u00f3 de Cactus, un grup destacat i amb molta energia, gr\u00e0cies a la gesti\u00f3 efectiva de tots els implicats. Anime a tota la gent de la Ribera que vinga a gaudir del concert\u00bb<\/em>, ha manifestat <strong>Alfred Aranda<\/strong>, regidor de l&#8217;\u00c0rea de Cultura.<\/p>\n<p>Cal recordar que tots els <strong>menors<\/strong> d&#8217;entre <strong>16 i 17 anys<em> hauran d&#8217;emplenar una autoritzaci\u00f3<\/em><\/strong> del seu responsable per a accedir-hi, b\u00e9 a la porta del concert o b\u00e9 demanant el formulari abans de les 14 hores del 8 d&#8217;octubre per correu electr\u00f2nic a <span style=\"text-decoration: underline;\"><span style=\"color: #3366ff;\"><strong><a href=\"mailto:granteatre@alzira.es\"><span style=\"color: #3366ff; text-decoration: underline;\">granteatre@alzira.es<\/span><\/a><\/strong><\/span><\/span>. Els <strong>menors de 14 anys<\/strong> hauran d&#8217;anar <em><strong>acompanyats obligat\u00f2riament d&#8217;un adult<\/strong><\/em>. <strong>El recinte firal obrir\u00e0 les portes a les 20.15 h i est\u00e0 permesa l&#8217;entrada de menjar i begudes no alcoh\u00f2liques<\/strong>.<\/p>\n<p style=\"margin-left: 30px;\"><span style=\"text-decoration: underline;\">Per a gaudir d&#8217;un espectacle amb la seguretat necess\u00e0ria no hem d&#8217;abaixar la gu\u00e0rdia i seguir les recomanacions i protocols davant la Covid-19<\/span>:<br \/>&#8211; \u00das obligatori de mascareta.<br \/>&#8211; Respecteu la dist\u00e0ncia de seguretat, tant en la cua d&#8217;acc\u00e9s com en la resta de moments.<br \/>&#8211; A l&#8217;entrada, poseu-vos gel hidroalcoh\u00f2lic.<br \/>&#8211; No podeu moure les cadires i abandonar el vostre lloc si no \u00e9s per una causa justificada.<br \/>&#8211; No transiteu enmig de les butaques si no \u00e9s estrictament necessari.<br \/>&#8211; Quan acabe l&#8217;espectacle eixiu del recinte ordenadament i sense aglomeracions.<br \/>&#8211; Seguiu en tot moment les indicacions del personal de l&#8217;organitzaci\u00f3.<\/p>\n<p><img fetchpriority=\"high\" decoding=\"async\" width=\"1387\" height=\"780\" class=\" size-full wp-image-51782\" style=\"display: block; margin-left: auto; margin-right: auto;\" src=\"https:\/\/alzira.es\/wp-content\/uploads\/2020\/10\/cartell-9cotubre-cactus.jpg\" alt=\"cartell-9cotubre-cactus\" srcset=\"https:\/\/alzira.es\/wp-content\/uploads\/2020\/10\/cartell-9cotubre-cactus.jpg 1387w, https:\/\/alzira.es\/wp-content\/uploads\/2020\/10\/cartell-9cotubre-cactus-680x382.jpg 680w, https:\/\/alzira.es\/wp-content\/uploads\/2020\/10\/cartell-9cotubre-cactus-768x432.jpg 768w\" sizes=\"(max-width: 706px) 89vw, (max-width: 767px) 82vw, 740px\" \/><\/p>\n","protected":false},"excerpt":{"rendered":"<p>Des de la Regidoria de Cultura s&#8217;anuncia un canvi en els participants del Concert del 8 d&#8217;octubre. La formaci\u00f3 Cactus prendr\u00e0 el relleu de Pupil\u00b7les, que no podr\u00e0 actuar-hi per motius aliens a este Ajuntament. Les entrades adquirides fins al moment tindran la mateixa validesa. No obstant aix\u00f2, tots aquells que ho desitgen, poden demanar &hellip; <\/p>\n<p class=\"link-more\"><a href=\"https:\/\/alzira.es\/es\/cactus-substituix-pupil-les-al-cartell-del-concert-del-8-d-octubre-2\/\" class=\"more-link\">Continuar leyendo<span class=\"screen-reader-text\"> \u00abCactus substitu\u00efx Pupil\u00b7les al cartell del Concert del 8 d\u2019Octubre\u00bb<\/span><\/a><\/p>\n","protected":false},"author":29,"featured_media":51782,"comment_status":"","ping_status":"","sticky":false,"template":"","format":"standard","meta":{"_acf_changed":false,"footnotes":""},"categories":[],"tags":[],"class_list":["post-51785","post","type-post","status-publish","format-standard","has-post-thumbnail","hentry"],"acf":[],"_links":{"self":[{"href":"https:\/\/alzira.es\/es\/wp-json\/wp\/v2\/posts\/51785","targetHints":{"allow":["GET"]}}],"collection":[{"href":"https:\/\/alzira.es\/es\/wp-json\/wp\/v2\/posts"}],"about":[{"href":"https:\/\/alzira.es\/es\/wp-json\/wp\/v2\/types\/post"}],"author":[{"embeddable":true,"href":"https:\/\/alzira.es\/es\/wp-json\/wp\/v2\/users\/29"}],"replies":[{"embeddable":true,"href":"https:\/\/alzira.es\/es\/wp-json\/wp\/v2\/comments?post=51785"}],"version-history":[{"count":0,"href":"https:\/\/alzira.es\/es\/wp-json\/wp\/v2\/posts\/51785\/revisions"}],"wp:featuredmedia":[{"embeddable":true,"href":"https:\/\/alzira.es\/es\/wp-json\/wp\/v2\/media\/51782"}],"wp:attachment":[{"href":"https:\/\/alzira.es\/es\/wp-json\/wp\/v2\/media?parent=51785"}],"wp:term":[{"taxonomy":"category","embeddable":true,"href":"https:\/\/alzira.es\/es\/wp-json\/wp\/v2\/categories?post=51785"},{"taxonomy":"post_tag","embeddable":true,"href":"https:\/\/alzira.es\/es\/wp-json\/wp\/v2\/tags?post=51785"}],"curies":[{"name":"wp","href":"https:\/\/api.w.org\/{rel}","templated":true}]}}