{"id":51427,"date":"2020-09-04T13:23:10","date_gmt":"2020-09-04T11:23:10","guid":{"rendered":"https:\/\/alzira.es\/neteja-canyes-del-riu-2\/"},"modified":"2020-09-04T13:23:10","modified_gmt":"2020-09-04T11:23:10","slug":"neteja-canyes-del-riu-2","status":"publish","type":"post","link":"https:\/\/alzira.es\/es\/neteja-canyes-del-riu-2\/","title":{"rendered":"Comen\u00e7a la neteja de canyes al riu X\u00faquer al seu pas per Alzira"},"content":{"rendered":"<p style=\"text-align: justify;\">Ahir van comen\u00e7ar les actuacions de neteja de canyes en el tram urb\u00e0 del Riu X\u00faquer al seu pas per la ciutat d&#8217;Alzira. L&#8217;objectiu \u00e9s la rehabilitaci\u00f3 ambiental del tram que va des del parc dels Furs fins al Recinte Firal.<\/p>\n<p style=\"text-align: justify;\">Esta actuaci\u00f3 es vincula al programa de la Diputaci\u00f3 de Val\u00e8ncia de recuperaci\u00f3 d&#8217;espais degradats, <strong>amb un cost total de 43.466,81 \u20ac<\/strong>, <strong>del qual la Diputaci\u00f3 subvenciona el 80 % del seu cost<\/strong>.<\/p>\n<p style=\"text-align: justify;\">La rehabilitaci\u00f3 consisitir\u00e0 en l&#8217;eliminaci\u00f3 mitjan\u00e7ant la retirada de rizoma de la canya, en una superf\u00edcie d&#8217;uns 4.500 m\u00b2, i la posterior plantaci\u00f3 de vegetaci\u00f3 de ribera, utilitzant esp\u00e8cies com Populus alba, Populus nigra, Fraxinus angustifolia i Ulmus minor.<\/p>\n<p style=\"text-align: justify;\"><em>\u00abAmb esta actuaci\u00f3 eliminem de manera definitiva la pres\u00e8ncia d&#8217;esta planta invasora en eixe tram del riu i, al mateix temps, donem continu\u00eftat a la tasca de recuperaci\u00f3 del bosc de ribera\u00bb<\/em>, ha explicat <strong>Pep Carreres<\/strong>, responsable de la Regidoria d&#8217;Agricultura, Medi Ambient i Transici\u00f3 Ecol\u00f2gica. <em>\u00abEn 2018 ja es va portar a terme la rehabilitaci\u00f3 d&#8217;una extensa superf\u00edcie al costat del Pont de Ferro, en la qual s&#8217;han aconseguit resultats excel\u2022lents per a la recuperaci\u00f3 de l&#8217;entorn del nostre riu\u00bb<\/em>, afig Carreres.<\/p>\n<p style=\"text-align: justify;\">Amb la recuperaci\u00f3 d&#8217;este tram, al costat del passeig fluvial, Alzira avan\u00e7a cap a la plena recuperaci\u00f3 del bosc de ribera en el tram urb\u00e0 del riu X\u00faquer.<\/p>\n<p style=\"text-align: center;\"><a class=\"jcepopup\" href=\"https:\/\/alzira.es\/wp-content\/uploads\/2020\/09\/20200813_092256.jpg\" target=\"_blank\" rel=\"noopener\"><img fetchpriority=\"high\" decoding=\"async\" class=\" size-full wp-image-51420\" src=\"https:\/\/alzira.es\/wp-content\/uploads\/2020\/09\/20200813_092256.jpg\" alt=\"20200813 092256\" width=\"450\" height=\"338\" srcset=\"https:\/\/alzira.es\/wp-content\/uploads\/2020\/09\/20200813_092256.jpg 1200w, https:\/\/alzira.es\/wp-content\/uploads\/2020\/09\/20200813_092256-680x510.jpg 680w, https:\/\/alzira.es\/wp-content\/uploads\/2020\/09\/20200813_092256-768x576.jpg 768w\" sizes=\"(max-width: 450px) 100vw, 450px\" \/><\/a>&nbsp;<a class=\"jcepopup\" style=\"text-align: center;\" type=\"image\" href=\"https:\/\/alzira.es\/wp-content\/uploads\/2020\/09\/20200903_114541.jpg\" target=\"_blank\" rel=\"noopener\"><img decoding=\"async\" class=\"size-full wp-image-51422 lazyload\" data-src=\"https:\/\/alzira.es\/wp-content\/uploads\/2020\/09\/20200903_114541.jpg\" alt=\"20200903 114541\" width=\"450\" height=\"337\" data-srcset=\"https:\/\/alzira.es\/wp-content\/uploads\/2020\/09\/20200903_114541.jpg 1200w, https:\/\/alzira.es\/wp-content\/uploads\/2020\/09\/20200903_114541-680x510.jpg 680w, https:\/\/alzira.es\/wp-content\/uploads\/2020\/09\/20200903_114541-768x576.jpg 768w\" data-sizes=\"(max-width: 450px) 100vw, 450px\" src=\"data:image\/svg+xml;base64,PHN2ZyB3aWR0aD0iMSIgaGVpZ2h0PSIxIiB4bWxucz0iaHR0cDovL3d3dy53My5vcmcvMjAwMC9zdmciPjwvc3ZnPg==\" style=\"--smush-placeholder-width: 450px; --smush-placeholder-aspect-ratio: 450\/337;\" \/><\/a>&nbsp;<a class=\"jcepopup\" style=\"text-align: center;\" type=\"image\" href=\"https:\/\/alzira.es\/wp-content\/uploads\/2020\/09\/20200903_115538.jpg\" target=\"_blank\" rel=\"noopener\"><img decoding=\"async\" class=\"size-full wp-image-51424 lazyload\" data-src=\"https:\/\/alzira.es\/wp-content\/uploads\/2020\/09\/20200903_115538.jpg\" alt=\"20200903 115538\" width=\"254\" height=\"338\" data-srcset=\"https:\/\/alzira.es\/wp-content\/uploads\/2020\/09\/20200903_115538.jpg 900w, https:\/\/alzira.es\/wp-content\/uploads\/2020\/09\/20200903_115538-383x510.jpg 383w, https:\/\/alzira.es\/wp-content\/uploads\/2020\/09\/20200903_115538-804x1072.jpg 804w, https:\/\/alzira.es\/wp-content\/uploads\/2020\/09\/20200903_115538-768x1024.jpg 768w, https:\/\/alzira.es\/wp-content\/uploads\/2020\/09\/20200903_115538-300x400.jpg 300w\" data-sizes=\"(max-width: 254px) 100vw, 254px\" src=\"data:image\/svg+xml;base64,PHN2ZyB3aWR0aD0iMSIgaGVpZ2h0PSIxIiB4bWxucz0iaHR0cDovL3d3dy53My5vcmcvMjAwMC9zdmciPjwvc3ZnPg==\" style=\"--smush-placeholder-width: 254px; --smush-placeholder-aspect-ratio: 254\/338;\" \/><\/a><\/p>\n","protected":false},"excerpt":{"rendered":"<p>Ahir van comen\u00e7ar les actuacions de neteja de canyes en el tram urb\u00e0 del Riu X\u00faquer al seu pas per la ciutat d&#8217;Alzira. L&#8217;objectiu \u00e9s la rehabilitaci\u00f3 ambiental del tram que va des del parc dels Furs fins al Recinte Firal. Esta actuaci\u00f3 es vincula al programa de la Diputaci\u00f3 de Val\u00e8ncia de recuperaci\u00f3 d&#8217;espais &hellip; <\/p>\n<p class=\"link-more\"><a href=\"https:\/\/alzira.es\/es\/neteja-canyes-del-riu-2\/\" class=\"more-link\">Continuar leyendo<span class=\"screen-reader-text\"> \u00abComen\u00e7a la neteja de canyes al riu X\u00faquer al seu pas per Alzira\u00bb<\/span><\/a><\/p>\n","protected":false},"author":29,"featured_media":51420,"comment_status":"","ping_status":"","sticky":false,"template":"","format":"standard","meta":{"_acf_changed":false,"footnotes":""},"categories":[],"tags":[],"class_list":["post-51427","post","type-post","status-publish","format-standard","has-post-thumbnail","hentry"],"acf":[],"_links":{"self":[{"href":"https:\/\/alzira.es\/es\/wp-json\/wp\/v2\/posts\/51427","targetHints":{"allow":["GET"]}}],"collection":[{"href":"https:\/\/alzira.es\/es\/wp-json\/wp\/v2\/posts"}],"about":[{"href":"https:\/\/alzira.es\/es\/wp-json\/wp\/v2\/types\/post"}],"author":[{"embeddable":true,"href":"https:\/\/alzira.es\/es\/wp-json\/wp\/v2\/users\/29"}],"replies":[{"embeddable":true,"href":"https:\/\/alzira.es\/es\/wp-json\/wp\/v2\/comments?post=51427"}],"version-history":[{"count":0,"href":"https:\/\/alzira.es\/es\/wp-json\/wp\/v2\/posts\/51427\/revisions"}],"wp:featuredmedia":[{"embeddable":true,"href":"https:\/\/alzira.es\/es\/wp-json\/wp\/v2\/media\/51420"}],"wp:attachment":[{"href":"https:\/\/alzira.es\/es\/wp-json\/wp\/v2\/media?parent=51427"}],"wp:term":[{"taxonomy":"category","embeddable":true,"href":"https:\/\/alzira.es\/es\/wp-json\/wp\/v2\/categories?post=51427"},{"taxonomy":"post_tag","embeddable":true,"href":"https:\/\/alzira.es\/es\/wp-json\/wp\/v2\/tags?post=51427"}],"curies":[{"name":"wp","href":"https:\/\/api.w.org\/{rel}","templated":true}]}}