{"id":51409,"date":"2020-09-04T11:06:06","date_gmt":"2020-09-04T09:06:06","guid":{"rendered":"https:\/\/alzira.es\/carril-bici-amcor-2\/"},"modified":"2020-09-04T11:06:06","modified_gmt":"2020-09-04T09:06:06","slug":"carril-bici-amcor-2","status":"publish","type":"post","link":"https:\/\/alzira.es\/es\/carril-bici-amcor-2\/","title":{"rendered":"Avancen les obres del carril bici davant d\u2019Amcor"},"content":{"rendered":"<p style=\"text-align: justify;\"><em>\u2022 El tram urb\u00e0 ja est\u00e0 acabat i est\u00e0 previst que la part interurbana finalitze esta tardor<\/em><\/p>\n<p style=\"text-align: justify;\">Hui han visitat l&#8217;estat de les obres del carril bici l&#8217;alcalde d&#8217;Alzira, <strong>Diego G\u00f3mez<\/strong>, el regidor de Medi Ambient, <strong>Pep Carreres<\/strong>,<strong> Sara Gar\u00e9s<\/strong>, regidora d&#8217;Infraestructures i Urbanisme i els t\u00e8cnics municipals.<\/p>\n<p style=\"text-align: justify;\"><em>\u00abEl nostre objectiu \u00e9s millorar la mobilitat sostenible amb este carril bici i la seua zona de vianants. Amb esta actuaci\u00f3 connectem la ciutat d&#8217;Alzira amb esta zona industrial\u00bb<\/em>, assegura l&#8217;alcalde, <strong>Diego G\u00f3mez<\/strong>.<\/p>\n<p style=\"text-align: justify;\">Les obres van comen\u00e7ar el passat mes de novembre de 2019 i van haver de parar-se amb motiu de la situaci\u00f3 sanit\u00e0ria. Ara mateix es troba finalitzat el tram urb\u00e0 i es treballa en la finalitzaci\u00f3 de l&#8217;interurb\u00e0. Concretament, la setmana pr\u00f2xima es col\u00b7locaran els fanals i a continuaci\u00f3 es far\u00e0 el treball de paviment.<br \/>Finalment, es treballar\u00e0 en l&#8217;adaptaci\u00f3 de l&#8217;arbratge i la jardineria i es col\u00b7locaran 210 arbres que actuen com a mitjana per a separar la zona de vianants de la zona condicionada per a bicicletes.<\/p>\n<p style=\"text-align: justify;\">Amb este projecte es dota d&#8217;una nova forma d&#8217;acc\u00e9s el pol\u00edgon industrial per via ciclista i s&#8217;atenen aix\u00ed les necessitats mediambientals pr\u00f2pies dels nostres temps en mat\u00e8ria de mitjans de transport ecol\u00f2gics per a l&#8217;acc\u00e9s a les \u00e0rees de treball. <em>\u00abDins del Pla de Mobilitat de l&#8217;Ajuntament, tenim com a objectiu facilitar la comunicaci\u00f3 i accessibilitat als pol\u00edgons industrials, oferint alternatives al transport motoritzat\u00bb<\/em>, ha explicat el regidor de Medi Ambient,<strong> Pep Carreres<\/strong>.<\/p>\n<p style=\"text-align: justify;\">En l&#8217;actualitat, l&#8217;\u00fanic mitj\u00e0 disponible que permet l&#8217;acc\u00e9s al pol\u00edgon industrial des d&#8217;Alzira \u00e9s el tr\u00e0nsit rodat a trav\u00e9s de la redona situada enfront de l&#8217;empresa Amcor que dona acc\u00e9s a la ciutat, on es creuen la CV-50 i la CV-572 procedent de Carcaixent. Amb estes obres es dota el pol\u00edgon industrial d&#8217;una nova forma d&#8217;acc\u00e9s per via ciclista, per tal d&#8217;atendre aix\u00ed les peticions que feren a l&#8217;Ajuntament d&#8217;Alzira els comit\u00e9s d&#8217;empresa de les dues empreses i facilitar la mobilitat no motoritzada de les treballadores i treballadors.<\/p>\n<p style=\"text-align: justify;\">Este carril bici, situat al quil\u00f2metre 18 de la CV 50, a m\u00e9s, enlla\u00e7a amb el que discorre entre Alzira i Carcaixent paral\u00b7lel a la carretera CV-572 i dins de la ciutat, al punt del carrer Frac\u00e0, on se substituir\u00e0 una banda d&#8217;aparcament pel carril, fins a la rotonda de l&#8217;encreuament amb el carrer Gandia i l&#8217;acc\u00e9s al seg\u00fcent pol\u00edgon industrial. El projecte continuar\u00e0 el seu recorregut pel carrer dels Campaners, dissenyat amb carril bici bidireccional, una via de circulaci\u00f3 de sentit \u00fanic i una banda d&#8217;aparcament en cord\u00f3.<\/p>\n<p style=\"text-align: justify;\"><strong>Dades del projecte:<\/strong><\/p>\n<p style=\"text-align: justify; margin-left: 30px;\"><strong>Nom del projecte:<\/strong> Itinerari Carril Bici \u2013 Alzira CV5 entre el quil\u00f2metre 18 i el 20.<br \/><strong>Promou:<\/strong> Direcci\u00f3 General de Mobilitat del Servei Territorial d&#8217;Obres P\u00fabliques de Val\u00e8ncia.<br \/><strong>Contractista:<\/strong> Elsan-Torresc\u00e1mara UTE<br \/><strong>Pressupost general:<\/strong> 354.162,07 \u20ac<br \/><strong>Longitud del carril bici:<\/strong> 2.000 metres, aproximadament 500 metres en zona urbana i 1.500 en zona interurbana.<\/p>\n<p style=\"text-align: center;\"><a class=\"jcepopup\" href=\"https:\/\/alzira.es\/wp-content\/uploads\/2020\/09\/carril_bici_1.jpg\" target=\"_blank\" rel=\"noopener\"><img fetchpriority=\"high\" decoding=\"async\" class=\" size-full wp-image-51402\" src=\"https:\/\/alzira.es\/wp-content\/uploads\/2020\/09\/carril_bici_1.jpg\" alt=\"carril bici 1\" width=\"345\" height=\"300\" srcset=\"https:\/\/alzira.es\/wp-content\/uploads\/2020\/09\/carril_bici_1.jpg 1024w, https:\/\/alzira.es\/wp-content\/uploads\/2020\/09\/carril_bici_1-586x510.jpg 586w, https:\/\/alzira.es\/wp-content\/uploads\/2020\/09\/carril_bici_1-768x668.jpg 768w\" sizes=\"(max-width: 345px) 100vw, 345px\" \/><\/a>&nbsp;<a class=\"jcepopup\" style=\"text-align: center;\" type=\"image\" href=\"https:\/\/alzira.es\/wp-content\/uploads\/2020\/09\/carril_bici_2.jpg\" target=\"_blank\" rel=\"noopener\"><img decoding=\"async\" class=\"size-full wp-image-51404 lazyload\" data-src=\"https:\/\/alzira.es\/wp-content\/uploads\/2020\/09\/carril_bici_2.jpg\" alt=\"carril bici 2\" width=\"400\" height=\"300\" data-srcset=\"https:\/\/alzira.es\/wp-content\/uploads\/2020\/09\/carril_bici_2.jpg 1024w, https:\/\/alzira.es\/wp-content\/uploads\/2020\/09\/carril_bici_2-680x510.jpg 680w, https:\/\/alzira.es\/wp-content\/uploads\/2020\/09\/carril_bici_2-768x576.jpg 768w\" data-sizes=\"(max-width: 400px) 100vw, 400px\" src=\"data:image\/svg+xml;base64,PHN2ZyB3aWR0aD0iMSIgaGVpZ2h0PSIxIiB4bWxucz0iaHR0cDovL3d3dy53My5vcmcvMjAwMC9zdmciPjwvc3ZnPg==\" style=\"--smush-placeholder-width: 400px; --smush-placeholder-aspect-ratio: 400\/300;\" \/><\/a>&nbsp;<a class=\"jcepopup\" style=\"text-align: center;\" type=\"image\" href=\"https:\/\/alzira.es\/wp-content\/uploads\/2020\/09\/carril_bici_3.jpg\" target=\"_blank\" rel=\"noopener\"><img decoding=\"async\" class=\"size-full wp-image-51406 lazyload\" data-src=\"https:\/\/alzira.es\/wp-content\/uploads\/2020\/09\/carril_bici_3.jpg\" alt=\"carril bici 3\" width=\"435\" height=\"300\" data-srcset=\"https:\/\/alzira.es\/wp-content\/uploads\/2020\/09\/carril_bici_3.jpg 1024w, https:\/\/alzira.es\/wp-content\/uploads\/2020\/09\/carril_bici_3-680x469.jpg 680w, https:\/\/alzira.es\/wp-content\/uploads\/2020\/09\/carril_bici_3-768x530.jpg 768w\" data-sizes=\"(max-width: 435px) 100vw, 435px\" src=\"data:image\/svg+xml;base64,PHN2ZyB3aWR0aD0iMSIgaGVpZ2h0PSIxIiB4bWxucz0iaHR0cDovL3d3dy53My5vcmcvMjAwMC9zdmciPjwvc3ZnPg==\" style=\"--smush-placeholder-width: 435px; --smush-placeholder-aspect-ratio: 435\/300;\" \/><\/a><\/p>\n","protected":false},"excerpt":{"rendered":"<p>\u2022 El tram urb\u00e0 ja est\u00e0 acabat i est\u00e0 previst que la part interurbana finalitze esta tardor Hui han visitat l&#8217;estat de les obres del carril bici l&#8217;alcalde d&#8217;Alzira, Diego G\u00f3mez, el regidor de Medi Ambient, Pep Carreres, Sara Gar\u00e9s, regidora d&#8217;Infraestructures i Urbanisme i els t\u00e8cnics municipals. \u00abEl nostre objectiu \u00e9s millorar la mobilitat &hellip; <\/p>\n<p class=\"link-more\"><a href=\"https:\/\/alzira.es\/es\/carril-bici-amcor-2\/\" class=\"more-link\">Continuar leyendo<span class=\"screen-reader-text\"> \u00abAvancen les obres del carril bici davant d\u2019Amcor\u00bb<\/span><\/a><\/p>\n","protected":false},"author":29,"featured_media":51402,"comment_status":"","ping_status":"","sticky":false,"template":"","format":"standard","meta":{"_acf_changed":false,"footnotes":""},"categories":[],"tags":[],"class_list":["post-51409","post","type-post","status-publish","format-standard","has-post-thumbnail","hentry"],"acf":[],"_links":{"self":[{"href":"https:\/\/alzira.es\/es\/wp-json\/wp\/v2\/posts\/51409","targetHints":{"allow":["GET"]}}],"collection":[{"href":"https:\/\/alzira.es\/es\/wp-json\/wp\/v2\/posts"}],"about":[{"href":"https:\/\/alzira.es\/es\/wp-json\/wp\/v2\/types\/post"}],"author":[{"embeddable":true,"href":"https:\/\/alzira.es\/es\/wp-json\/wp\/v2\/users\/29"}],"replies":[{"embeddable":true,"href":"https:\/\/alzira.es\/es\/wp-json\/wp\/v2\/comments?post=51409"}],"version-history":[{"count":0,"href":"https:\/\/alzira.es\/es\/wp-json\/wp\/v2\/posts\/51409\/revisions"}],"wp:featuredmedia":[{"embeddable":true,"href":"https:\/\/alzira.es\/es\/wp-json\/wp\/v2\/media\/51402"}],"wp:attachment":[{"href":"https:\/\/alzira.es\/es\/wp-json\/wp\/v2\/media?parent=51409"}],"wp:term":[{"taxonomy":"category","embeddable":true,"href":"https:\/\/alzira.es\/es\/wp-json\/wp\/v2\/categories?post=51409"},{"taxonomy":"post_tag","embeddable":true,"href":"https:\/\/alzira.es\/es\/wp-json\/wp\/v2\/tags?post=51409"}],"curies":[{"name":"wp","href":"https:\/\/api.w.org\/{rel}","templated":true}]}}