{"id":51349,"date":"2020-08-19T10:46:37","date_gmt":"2020-08-19T08:46:37","guid":{"rendered":"https:\/\/alzira.es\/nous-albellons-avinguda-joan-calot-3\/"},"modified":"2020-08-19T10:46:37","modified_gmt":"2020-08-19T08:46:37","slug":"nous-albellons-avinguda-joan-calot-3","status":"publish","type":"post","link":"https:\/\/alzira.es\/es\/nous-albellons-avinguda-joan-calot-3\/","title":{"rendered":"Dos nous albellons solucionaran el problema d\u2019embassaments a l\u2019avinguda Joan Calot"},"content":{"rendered":"<p style=\"text-align: justify;\">La Regidoria d&#8217;Obres i Serveis Urbans junt amb Aig\u00fces de Val\u00e8ncia, empresa concession\u00e0ria dels serveis d&#8217;aigua potable i clavegueram d&#8217;Alzira, continuen les tasques de millora en l&#8217;entramat urb\u00e0.<\/p>\n<p style=\"text-align: justify;\">En esta ocasi\u00f3, atenent la const\u00e0ncia d&#8217;acumulacions d&#8217;aigua en forma de bassa a les voreres de l&#8217;avinguda Joan Calot, que dificulta tant l&#8217;acc\u00e9s als vehicles estacionats com a la pla\u00e7a de la Generalitat, s&#8217;executaran les tasques de soluci\u00f3 i millora. <strong>Consistiran en l&#8217;execuci\u00f3 de dos albellons que<\/strong> seran connectats a la l\u00ednia d&#8217;albellons existents a les dues voreres de l&#8217;avinguda Joan Calot, la qual cosa <strong>solucionar\u00e0 l&#8217;actual problem\u00e0tica d&#8217;embassament d&#8217;aigua en este punt concret<\/strong>.<\/p>\n<p style=\"text-align: justify;\">Per a realitzar la instal\u00b7lacions d&#8217;estos dos nous albellons s&#8217;ha mesurat, per part d&#8217;Aig\u00fces de Val\u00e8ncia, quins s\u00f3n els dos punts m\u00e9s baixos a les zones amb basses d&#8217;aigua per a dur endavant l&#8217;execuci\u00f3 de l&#8217;obra.<\/p>\n<p style=\"text-align: justify;\"><strong>Fernando Pascual<\/strong>, regidor encarregat de l&#8217;\u00e0rea d&#8217;Obres i Serveis Urbans, recorda que <em>\u00abl&#8217;objectiu marcat des de la Regidora \u00e9s anar donant soluci\u00f3 a tot all\u00f2 que represente una dificultat en qualsevol punt de la via p\u00fablica. En esta ocasi\u00f3 se solucionar\u00e0 el problema d&#8217;embassament d&#8217;aigua en una avinguda transitada, la qual cosa facilitar\u00e0 tant la circulaci\u00f3 de vehicles com la facilitat del pas als vianants. Est\u00e0 previst que les obres d&#8217;instal\u00b7laci\u00f3 dels dos albellons es prolonguen al llarg d&#8217;una setmana\u00bb<\/em> .<\/p>\n<p style=\"text-align: center;\"><a class=\"jcepopup\" href=\"https:\/\/alzira.es\/wp-content\/uploads\/2020\/08\/IMG-20200819-WA0002.jpg\" target=\"_blank\" rel=\"noopener\"><img fetchpriority=\"high\" decoding=\"async\" class=\" size-full wp-image-51270\" src=\"https:\/\/alzira.es\/wp-content\/uploads\/2020\/08\/IMG-20200819-WA0002.jpg\" alt=\"IMG-20200819-WA0002\" width=\"375\" height=\"500\" srcset=\"https:\/\/alzira.es\/wp-content\/uploads\/2020\/08\/IMG-20200819-WA0002.jpg 1200w, https:\/\/alzira.es\/wp-content\/uploads\/2020\/08\/IMG-20200819-WA0002-383x510.jpg 383w, https:\/\/alzira.es\/wp-content\/uploads\/2020\/08\/IMG-20200819-WA0002-804x1072.jpg 804w, https:\/\/alzira.es\/wp-content\/uploads\/2020\/08\/IMG-20200819-WA0002-768x1024.jpg 768w, https:\/\/alzira.es\/wp-content\/uploads\/2020\/08\/IMG-20200819-WA0002-300x400.jpg 300w, https:\/\/alzira.es\/wp-content\/uploads\/2020\/08\/IMG-20200819-WA0002-1152x1536.jpg 1152w\" sizes=\"(max-width: 375px) 100vw, 375px\" \/><\/a>&nbsp;<a class=\"jcepopup\" style=\"font-size: 14.4px; text-align: center;\" type=\"image\" href=\"https:\/\/alzira.es\/wp-content\/uploads\/2020\/08\/IMG_20200818_122107_253.jpg\" target=\"_blank\" rel=\"noopener\"><img decoding=\"async\" class=\"size-full wp-image-51273 lazyload\" data-src=\"https:\/\/alzira.es\/wp-content\/uploads\/2020\/08\/IMG_20200818_122107_253.jpg\" alt=\"IMG 20200818 122107 253\" width=\"846\" height=\"500\" data-srcset=\"https:\/\/alzira.es\/wp-content\/uploads\/2020\/08\/IMG_20200818_122107_253.jpg 2132w, https:\/\/alzira.es\/wp-content\/uploads\/2020\/08\/IMG_20200818_122107_253-680x402.jpg 680w, https:\/\/alzira.es\/wp-content\/uploads\/2020\/08\/IMG_20200818_122107_253-1430x845.jpg 1430w, https:\/\/alzira.es\/wp-content\/uploads\/2020\/08\/IMG_20200818_122107_253-768x454.jpg 768w, https:\/\/alzira.es\/wp-content\/uploads\/2020\/08\/IMG_20200818_122107_253-1536x908.jpg 1536w, https:\/\/alzira.es\/wp-content\/uploads\/2020\/08\/IMG_20200818_122107_253-2048x1210.jpg 2048w\" data-sizes=\"(max-width: 706px) 89vw, (max-width: 767px) 82vw, 740px\" src=\"data:image\/svg+xml;base64,PHN2ZyB3aWR0aD0iMSIgaGVpZ2h0PSIxIiB4bWxucz0iaHR0cDovL3d3dy53My5vcmcvMjAwMC9zdmciPjwvc3ZnPg==\" style=\"--smush-placeholder-width: 846px; --smush-placeholder-aspect-ratio: 846\/500;\" \/><\/a><\/p>\n","protected":false},"excerpt":{"rendered":"<p>La Regidoria d&#8217;Obres i Serveis Urbans junt amb Aig\u00fces de Val\u00e8ncia, empresa concession\u00e0ria dels serveis d&#8217;aigua potable i clavegueram d&#8217;Alzira, continuen les tasques de millora en l&#8217;entramat urb\u00e0. En esta ocasi\u00f3, atenent la const\u00e0ncia d&#8217;acumulacions d&#8217;aigua en forma de bassa a les voreres de l&#8217;avinguda Joan Calot, que dificulta tant l&#8217;acc\u00e9s als vehicles estacionats com &hellip; <\/p>\n<p class=\"link-more\"><a href=\"https:\/\/alzira.es\/es\/nous-albellons-avinguda-joan-calot-3\/\" class=\"more-link\">Continuar leyendo<span class=\"screen-reader-text\"> \u00abDos nous albellons solucionaran el problema d\u2019embassaments a l\u2019avinguda Joan Calot\u00bb<\/span><\/a><\/p>\n","protected":false},"author":29,"featured_media":51270,"comment_status":"","ping_status":"","sticky":false,"template":"","format":"standard","meta":{"_acf_changed":false,"footnotes":""},"categories":[],"tags":[],"class_list":["post-51349","post","type-post","status-publish","format-standard","has-post-thumbnail","hentry"],"acf":[],"_links":{"self":[{"href":"https:\/\/alzira.es\/es\/wp-json\/wp\/v2\/posts\/51349","targetHints":{"allow":["GET"]}}],"collection":[{"href":"https:\/\/alzira.es\/es\/wp-json\/wp\/v2\/posts"}],"about":[{"href":"https:\/\/alzira.es\/es\/wp-json\/wp\/v2\/types\/post"}],"author":[{"embeddable":true,"href":"https:\/\/alzira.es\/es\/wp-json\/wp\/v2\/users\/29"}],"replies":[{"embeddable":true,"href":"https:\/\/alzira.es\/es\/wp-json\/wp\/v2\/comments?post=51349"}],"version-history":[{"count":0,"href":"https:\/\/alzira.es\/es\/wp-json\/wp\/v2\/posts\/51349\/revisions"}],"wp:featuredmedia":[{"embeddable":true,"href":"https:\/\/alzira.es\/es\/wp-json\/wp\/v2\/media\/51270"}],"wp:attachment":[{"href":"https:\/\/alzira.es\/es\/wp-json\/wp\/v2\/media?parent=51349"}],"wp:term":[{"taxonomy":"category","embeddable":true,"href":"https:\/\/alzira.es\/es\/wp-json\/wp\/v2\/categories?post=51349"},{"taxonomy":"post_tag","embeddable":true,"href":"https:\/\/alzira.es\/es\/wp-json\/wp\/v2\/tags?post=51349"}],"curies":[{"name":"wp","href":"https:\/\/api.w.org\/{rel}","templated":true}]}}