{"id":51343,"date":"2020-08-19T09:14:43","date_gmt":"2020-08-19T07:14:43","guid":{"rendered":"https:\/\/alzira.es\/l-alzireny-arnau-bataller-guanya-el-premi-a-millor-banda-sonora-al-festival-de-calzada-de-calatrava-3\/"},"modified":"2020-08-19T09:14:43","modified_gmt":"2020-08-19T07:14:43","slug":"l-alzireny-arnau-bataller-guanya-el-premi-a-millor-banda-sonora-al-festival-de-calzada-de-calatrava-3","status":"publish","type":"post","link":"https:\/\/alzira.es\/es\/l-alzireny-arnau-bataller-guanya-el-premi-a-millor-banda-sonora-al-festival-de-calzada-de-calatrava-3\/","title":{"rendered":"L\u2019alzireny Arnau Bataller guanya el premi a millor Banda Sonora al festival de Calzada de Calatrava"},"content":{"rendered":"<p><strong>L&#8217;Ajuntament d&#8217;Alzira felicita Arnau Bataller<\/strong>, compositor alzireny, per haver obtingut el <strong>premi a la millor banda sonora per la pel\u2022l\u00edcula Cuerdas<\/strong>,<em> dirigida per<\/em> Jos\u00e9 Lu\u00eds Montesinos, en el Festival de cinema de Calzada de Calatrava. Arnau Bataller, ha obtingut nombrosos premis al llarg de la seua carrera i \u00e9s un honor que difonga el nom d&#8217;Azira per tot arreu.<\/p>\n<p><em>&#8216;Cuerdas&#8217;<\/em>, \u00e9s el primer llargmetratge de <strong>Jos\u00e9 Luis Montesinos<\/strong>, director que ha recollit nombrosos premis amb els seus curtmetratges, entre molts altres el Goya i el Gaud\u00ed, per <em>&#8216;El Corredor&#8217; (<\/em>2015).<\/p>\n<p>La pel\u00b7l\u00edcula conta la hist\u00f2ria d&#8217;un desgraciat accident que deixa incomunicada a Elena, una jove tetrapl\u00e8gica, en una masia en el camp. All\u00ed nom\u00e9s t\u00e9 a Athos, un gos preparat per a ajudar-la. Per\u00f2 el que hauria de ser el seu millor amic, ha contret una estranya malaltia i s&#8217;ha convertit en el seu pitjor enemic.<\/p>\n<p><strong><em>&#8216;Cuerdas&#8217;<\/em><\/strong> comptava amb les nominacions a la <span style=\"text-decoration: underline;\"><em>&#8216;Millor Direcci\u00f3&#8217;<\/em><\/span> per a <strong>Jos\u00e9 Luis Montesinos<\/strong>, <span style=\"text-decoration: underline;\"><em>&#8216;Millor Actriu&#8217;<\/em><\/span> a Paula del Riu, <em><span style=\"text-decoration: underline;\">&#8216;Millor Actor de Repartiment&#8217;<\/span><\/em> a <strong>Miguel \u00c1ngel Jenner<\/strong>,<span style=\"text-decoration: underline;\"><em>&#8216;Millor Fotografia&#8217;<\/em><\/span> a <strong>Marck Zumbach<\/strong> i <span style=\"text-decoration: underline;\"><em>&#8216;Millor M\u00fasica&#8217;<\/em><\/span> a <strong>Arnau Bataller<\/strong>.<br \/>El film de producci\u00f3 valenciana ha rebut el <span style=\"text-decoration: underline;\"><em>premi a la millor banda sonora i millor fotografia<\/em><\/span> a c\u00e0rrec de <strong>Marc Zumba<\/strong>.<\/p>\n<p>Enguany se celebrava el VII Festival Internacional de Cinema de Cal\u00e7ada de Calatrava entregava els 22 premis i reconeixements determinats pel jurat i el p\u00fablic per a les obres concurrents al concurs.<\/p>\n<p>Una cita que va comptar amb la pres\u00e8ncia de nombrosos candidats i amb interpretacions en directe, i que ha hagut d&#8217;adaptar-se a les noves mesures de seguretat marcades per la Covid-19.<\/p>\n<p><img fetchpriority=\"high\" decoding=\"async\" class=\" size-full wp-image-51265\" style=\"margin-right: auto; margin-left: auto; display: block;\" src=\"https:\/\/alzira.es\/wp-content\/uploads\/2020\/08\/ARNAU_BATALLER.jpg\" alt=\"ARNAU BATALLER\" width=\"500\" height=\"667\" srcset=\"https:\/\/alzira.es\/wp-content\/uploads\/2020\/08\/ARNAU_BATALLER.jpg 720w, https:\/\/alzira.es\/wp-content\/uploads\/2020\/08\/ARNAU_BATALLER-383x510.jpg 383w, https:\/\/alzira.es\/wp-content\/uploads\/2020\/08\/ARNAU_BATALLER-300x400.jpg 300w\" sizes=\"(max-width: 500px) 100vw, 500px\" \/><\/p>\n<p style=\"text-align: center;\">&nbsp;<\/p>\n","protected":false},"excerpt":{"rendered":"<p>L&#8217;Ajuntament d&#8217;Alzira felicita Arnau Bataller, compositor alzireny, per haver obtingut el premi a la millor banda sonora per la pel\u2022l\u00edcula Cuerdas, dirigida per Jos\u00e9 Lu\u00eds Montesinos, en el Festival de cinema de Calzada de Calatrava. Arnau Bataller, ha obtingut nombrosos premis al llarg de la seua carrera i \u00e9s un honor que difonga el nom &hellip; <\/p>\n<p class=\"link-more\"><a href=\"https:\/\/alzira.es\/es\/l-alzireny-arnau-bataller-guanya-el-premi-a-millor-banda-sonora-al-festival-de-calzada-de-calatrava-3\/\" class=\"more-link\">Continuar leyendo<span class=\"screen-reader-text\"> \u00abL\u2019alzireny Arnau Bataller guanya el premi a millor Banda Sonora al festival de Calzada de Calatrava\u00bb<\/span><\/a><\/p>\n","protected":false},"author":36,"featured_media":51265,"comment_status":"","ping_status":"","sticky":false,"template":"","format":"standard","meta":{"_acf_changed":false,"footnotes":""},"categories":[],"tags":[],"class_list":["post-51343","post","type-post","status-publish","format-standard","has-post-thumbnail","hentry"],"acf":[],"_links":{"self":[{"href":"https:\/\/alzira.es\/es\/wp-json\/wp\/v2\/posts\/51343","targetHints":{"allow":["GET"]}}],"collection":[{"href":"https:\/\/alzira.es\/es\/wp-json\/wp\/v2\/posts"}],"about":[{"href":"https:\/\/alzira.es\/es\/wp-json\/wp\/v2\/types\/post"}],"author":[{"embeddable":true,"href":"https:\/\/alzira.es\/es\/wp-json\/wp\/v2\/users\/36"}],"replies":[{"embeddable":true,"href":"https:\/\/alzira.es\/es\/wp-json\/wp\/v2\/comments?post=51343"}],"version-history":[{"count":0,"href":"https:\/\/alzira.es\/es\/wp-json\/wp\/v2\/posts\/51343\/revisions"}],"wp:featuredmedia":[{"embeddable":true,"href":"https:\/\/alzira.es\/es\/wp-json\/wp\/v2\/media\/51265"}],"wp:attachment":[{"href":"https:\/\/alzira.es\/es\/wp-json\/wp\/v2\/media?parent=51343"}],"wp:term":[{"taxonomy":"category","embeddable":true,"href":"https:\/\/alzira.es\/es\/wp-json\/wp\/v2\/categories?post=51343"},{"taxonomy":"post_tag","embeddable":true,"href":"https:\/\/alzira.es\/es\/wp-json\/wp\/v2\/tags?post=51343"}],"curies":[{"name":"wp","href":"https:\/\/api.w.org\/{rel}","templated":true}]}}