{"id":51309,"date":"2020-08-14T14:09:27","date_gmt":"2020-08-14T12:09:27","guid":{"rendered":"https:\/\/alzira.es\/linia-1-bus-urba-3\/"},"modified":"2020-08-14T14:09:27","modified_gmt":"2020-08-14T12:09:27","slug":"linia-1-bus-urba-3","status":"publish","type":"post","link":"https:\/\/alzira.es\/es\/linia-1-bus-urba-3\/","title":{"rendered":"La l\u00ednia 1 de l&#8217;autob\u00fas urb\u00e0 modifica parades i recorregut entre el 17 i el 24 d&#8217;agost per les obres de condicionament del ferm de P\u00e9rez Gald\u00f3s"},"content":{"rendered":"<p style=\"text-align: justify;\"><strong>Alzira, 14 d&#8217;agost de 2020.-<\/strong> El tancament del tram de Benito P\u00e9rez Gald\u00f3s, des de la pla\u00e7a Major fins a l&#8217;encreuament amb Reis Cat\u00f2lics, per les obres de condicionament del ferm a c\u00e0rrec de l&#8217;empresa que va executar les obres en 2017, obliga ha realitzat una <strong>modificaci\u00f3 en el recorregut de la l\u00ednia 1 de l&#8217;autob\u00fas urb\u00e0<\/strong> al llarg del per\u00edode mentre duren les tasques, <strong>del dilluns 17 al dilluns 24 d&#8217;agost<\/strong>,<strong> ambd\u00f3s inclosos<\/strong>.<\/p>\n<p style=\"text-align: justify;\">Al llarg dels dies compresos en la setmana d&#8217;obres quedaran sense servici les parades de la pla\u00e7a Major i Benito P\u00e9rez Gald\u00f3s sent estes traslladades provisionalment a la pla\u00e7a del Regne, des d&#8217;on la l\u00ednia 1 es dirigir\u00e0 cap a l&#8217;Hospital o l&#8217;estaci\u00f3 de Renfe, depenent el sentit de la ruta que necessitem utilitzar.<\/p>\n<p style=\"text-align: justify;\">S&#8217;informa que per afavorir el servici es creen dos parades provisionals ubicades al carrer Uni\u00f3, la primera amb la conflu\u00e8ncia amb el carrer Taronger; i la segona amb l&#8217;encreuament al carrer Sagunt.<\/p>\n<p style=\"text-align: justify;\">Des de l&#8217;empresa encarregada de gestionar el servici de l&#8217;autob\u00fas urb\u00e0, aix\u00ed com des de la Regidoria d&#8217;Obres i Serveis P\u00fablics, es demanen disculpes als usuaris del transport urb\u00e0 pels inconvenients que estes modificacions puntuals els puguen ocasionar.<\/p>\n<p style=\"text-align: justify;\"><em>\u00abNecessitem realitzat estos canvis en les parades al llarg de la setmana compresa entre el 17 i el 24 d&#8217;agost pel tancament del primer tram de P\u00e9rez Gald\u00f3s, una vegada finalitzades les tasques de condicionament del ferm la l\u00ednia 1 recuperar\u00e0 tant les parades com el recorregut que realitza habitualment travessant Benito P\u00e9rez Gald\u00f3s\u00bb<\/em>, ha volgut remarcar el regidor encarregat de l&#8217;\u00e0rea<strong> Fernando Pascual<\/strong>.<\/p>\n<p style=\"text-align: center;\"><img fetchpriority=\"high\" decoding=\"async\" width=\"1653\" height=\"908\" class=\" size-full wp-image-51218\" src=\"https:\/\/alzira.es\/wp-content\/uploads\/2020\/08\/20200814_084644.jpg\" alt=\"20200814 084644\" srcset=\"https:\/\/alzira.es\/wp-content\/uploads\/2020\/08\/20200814_084644.jpg 1653w, https:\/\/alzira.es\/wp-content\/uploads\/2020\/08\/20200814_084644-680x374.jpg 680w, https:\/\/alzira.es\/wp-content\/uploads\/2020\/08\/20200814_084644-1430x786.jpg 1430w, https:\/\/alzira.es\/wp-content\/uploads\/2020\/08\/20200814_084644-768x422.jpg 768w, https:\/\/alzira.es\/wp-content\/uploads\/2020\/08\/20200814_084644-1536x844.jpg 1536w\" sizes=\"(max-width: 706px) 89vw, (max-width: 767px) 82vw, 740px\" \/><\/p>\n","protected":false},"excerpt":{"rendered":"<p>Alzira, 14 d&#8217;agost de 2020.- El tancament del tram de Benito P\u00e9rez Gald\u00f3s, des de la pla\u00e7a Major fins a l&#8217;encreuament amb Reis Cat\u00f2lics, per les obres de condicionament del ferm a c\u00e0rrec de l&#8217;empresa que va executar les obres en 2017, obliga ha realitzat una modificaci\u00f3 en el recorregut de la l\u00ednia 1 de &hellip; <\/p>\n<p class=\"link-more\"><a href=\"https:\/\/alzira.es\/es\/linia-1-bus-urba-3\/\" class=\"more-link\">Continuar leyendo<span class=\"screen-reader-text\"> \u00abLa l\u00ednia 1 de l&#8217;autob\u00fas urb\u00e0 modifica parades i recorregut entre el 17 i el 24 d&#8217;agost per les obres de condicionament del ferm de P\u00e9rez Gald\u00f3s\u00bb<\/span><\/a><\/p>\n","protected":false},"author":29,"featured_media":51218,"comment_status":"","ping_status":"","sticky":false,"template":"","format":"standard","meta":{"_acf_changed":false,"footnotes":""},"categories":[],"tags":[],"class_list":["post-51309","post","type-post","status-publish","format-standard","has-post-thumbnail","hentry"],"acf":[],"_links":{"self":[{"href":"https:\/\/alzira.es\/es\/wp-json\/wp\/v2\/posts\/51309","targetHints":{"allow":["GET"]}}],"collection":[{"href":"https:\/\/alzira.es\/es\/wp-json\/wp\/v2\/posts"}],"about":[{"href":"https:\/\/alzira.es\/es\/wp-json\/wp\/v2\/types\/post"}],"author":[{"embeddable":true,"href":"https:\/\/alzira.es\/es\/wp-json\/wp\/v2\/users\/29"}],"replies":[{"embeddable":true,"href":"https:\/\/alzira.es\/es\/wp-json\/wp\/v2\/comments?post=51309"}],"version-history":[{"count":0,"href":"https:\/\/alzira.es\/es\/wp-json\/wp\/v2\/posts\/51309\/revisions"}],"wp:featuredmedia":[{"embeddable":true,"href":"https:\/\/alzira.es\/es\/wp-json\/wp\/v2\/media\/51218"}],"wp:attachment":[{"href":"https:\/\/alzira.es\/es\/wp-json\/wp\/v2\/media?parent=51309"}],"wp:term":[{"taxonomy":"category","embeddable":true,"href":"https:\/\/alzira.es\/es\/wp-json\/wp\/v2\/categories?post=51309"},{"taxonomy":"post_tag","embeddable":true,"href":"https:\/\/alzira.es\/es\/wp-json\/wp\/v2\/tags?post=51309"}],"curies":[{"name":"wp","href":"https:\/\/api.w.org\/{rel}","templated":true}]}}