{"id":51301,"date":"2020-08-13T11:53:06","date_gmt":"2020-08-13T09:53:06","guid":{"rendered":"https:\/\/alzira.es\/la-fundacio-novaterra-obri-una-seu-a-alzira-3\/"},"modified":"2020-08-13T11:53:06","modified_gmt":"2020-08-13T09:53:06","slug":"la-fundacio-novaterra-obri-una-seu-a-alzira-3","status":"publish","type":"post","link":"https:\/\/alzira.es\/es\/la-fundacio-novaterra-obri-una-seu-a-alzira-3\/","title":{"rendered":"La Fundaci\u00f3 Novaterra obri una seu a Alzira"},"content":{"rendered":"<p style=\"margin: 0cm 0cm 0pt;\"><strong>Novaterra incorpora a la seua seu a la ciutat, dos t\u00e8cniques d&#8217;orientaci\u00f3 laboral.<\/strong><\/p>\n<p>En plena crisi pel Coronavirus, perqu\u00e8 \u00e9s precisament ara quan m\u00e9s es necessita, Novaterra obri la seua quarta seu a Alzira per a arribar a tota la gent de la Ribera.<\/p>\n<p>Treballant en xarxa amb el teixit ve\u00efnal, associatiu, empresarial i municipal s&#8217;han incorporat dos t\u00e8cniques d&#8217;orientaci\u00f3 laboral Cl\u00e0udia i Laura en la seu a Alzira, situada des del mes de juny en el Centre de Participaci\u00f3 Ciutadana (CPC), centre social adscrit a l&#8217;\u00c0rea de Serveis Socials i Innovaci\u00f3 Social de l&#8217;Ajuntament d&#8217;Alzira, entre els quals s&#8217;ha signat un conveni de col\u2022laboraci\u00f3 el passat mes de juliol.<\/p>\n<p>Mitjan\u00e7ant la creaci\u00f3 d&#8217;itineraris d&#8217;inserci\u00f3 sociolaboral i formaci\u00f3 espec\u00edfica amb poblaci\u00f3 vulnerable s&#8217;espera aconseguir les dades obtingudes en altres territoris, ja que l&#8217;any passat <strong>430 persones van realitzar el seu itinerari d&#8217;inserci\u00f3 en Novaterra<\/strong>,<strong> m\u00e9s de 90 van realitzar algun curs de formaci\u00f3 per a l&#8217;ocupaci\u00f3<\/strong>,<strong> i 245 persones van aconseguir una ocupaci\u00f3 al llarg de l&#8217;any<\/strong>.<\/p>\n<p>Tot aquest dispositiu d&#8217;inclusi\u00f3 social a trav\u00e9s de l&#8217;ocupaci\u00f3, amb una experi\u00e8ncia demostrada durant quasi 30 anys d&#8217;hist\u00f2ria, i milers de persones acompanyades arriba ara al nostre municipi per a sumar-se a un prop\u00f2sit com\u00fa d&#8217;ajuda al ciutad\u00e0.<\/p>\n<p style=\"margin: 0cm 0cm 0pt; text-align: center;\"><span style=\"color: #000000; font-family: Calibri; font-size: small;\"><span style=\"font-size: medium;\"><img fetchpriority=\"high\" decoding=\"async\" class=\" size-full wp-image-51206\" src=\"https:\/\/alzira.es\/wp-content\/uploads\/2020\/08\/foto_equipo.jpg\" alt=\"foto equipo\" width=\"500\" height=\"375\" srcset=\"https:\/\/alzira.es\/wp-content\/uploads\/2020\/08\/foto_equipo.jpg 1600w, https:\/\/alzira.es\/wp-content\/uploads\/2020\/08\/foto_equipo-680x510.jpg 680w, https:\/\/alzira.es\/wp-content\/uploads\/2020\/08\/foto_equipo-1430x1072.jpg 1430w, https:\/\/alzira.es\/wp-content\/uploads\/2020\/08\/foto_equipo-768x576.jpg 768w, https:\/\/alzira.es\/wp-content\/uploads\/2020\/08\/foto_equipo-1536x1152.jpg 1536w\" sizes=\"(max-width: 500px) 100vw, 500px\" \/><\/span><\/span><\/p>\n<p style=\"margin: 0cm 0cm 0pt; text-align: center;\">&nbsp;<\/p>\n<p style=\"margin: 0cm 0cm 0pt; text-align: justify;\"><span style=\"color: #000000; font-family: Calibri; font-size: small;\"><span style=\"font-size: medium;\"><span>&nbsp;<\/span><\/span><\/span><\/p>\n","protected":false},"excerpt":{"rendered":"<p>Novaterra incorpora a la seua seu a la ciutat, dos t\u00e8cniques d&#8217;orientaci\u00f3 laboral. En plena crisi pel Coronavirus, perqu\u00e8 \u00e9s precisament ara quan m\u00e9s es necessita, Novaterra obri la seua quarta seu a Alzira per a arribar a tota la gent de la Ribera. Treballant en xarxa amb el teixit ve\u00efnal, associatiu, empresarial i municipal &hellip; <\/p>\n<p class=\"link-more\"><a href=\"https:\/\/alzira.es\/es\/la-fundacio-novaterra-obri-una-seu-a-alzira-3\/\" class=\"more-link\">Continuar leyendo<span class=\"screen-reader-text\"> \u00abLa Fundaci\u00f3 Novaterra obri una seu a Alzira\u00bb<\/span><\/a><\/p>\n","protected":false},"author":36,"featured_media":51206,"comment_status":"","ping_status":"","sticky":false,"template":"","format":"standard","meta":{"_acf_changed":false,"footnotes":""},"categories":[],"tags":[],"class_list":["post-51301","post","type-post","status-publish","format-standard","has-post-thumbnail","hentry"],"acf":[],"_links":{"self":[{"href":"https:\/\/alzira.es\/es\/wp-json\/wp\/v2\/posts\/51301","targetHints":{"allow":["GET"]}}],"collection":[{"href":"https:\/\/alzira.es\/es\/wp-json\/wp\/v2\/posts"}],"about":[{"href":"https:\/\/alzira.es\/es\/wp-json\/wp\/v2\/types\/post"}],"author":[{"embeddable":true,"href":"https:\/\/alzira.es\/es\/wp-json\/wp\/v2\/users\/36"}],"replies":[{"embeddable":true,"href":"https:\/\/alzira.es\/es\/wp-json\/wp\/v2\/comments?post=51301"}],"version-history":[{"count":0,"href":"https:\/\/alzira.es\/es\/wp-json\/wp\/v2\/posts\/51301\/revisions"}],"wp:featuredmedia":[{"embeddable":true,"href":"https:\/\/alzira.es\/es\/wp-json\/wp\/v2\/media\/51206"}],"wp:attachment":[{"href":"https:\/\/alzira.es\/es\/wp-json\/wp\/v2\/media?parent=51301"}],"wp:term":[{"taxonomy":"category","embeddable":true,"href":"https:\/\/alzira.es\/es\/wp-json\/wp\/v2\/categories?post=51301"},{"taxonomy":"post_tag","embeddable":true,"href":"https:\/\/alzira.es\/es\/wp-json\/wp\/v2\/tags?post=51301"}],"curies":[{"name":"wp","href":"https:\/\/api.w.org\/{rel}","templated":true}]}}