{"id":51282,"date":"2020-08-20T10:13:53","date_gmt":"2020-08-20T08:13:53","guid":{"rendered":"https:\/\/alzira.es\/ecoparc-alzira-2\/"},"modified":"2020-08-20T10:13:53","modified_gmt":"2020-08-20T08:13:53","slug":"ecoparc-alzira-2","status":"publish","type":"post","link":"https:\/\/alzira.es\/es\/ecoparc-alzira-2\/","title":{"rendered":"L&#8217;ecoparc d&#8217;Alzira obri els caps de setmana de 9 a 14 hores per a facilitar la gesti\u00f3 dels residus"},"content":{"rendered":"<p>L&#8217;ecoparc \u00e9s la instal\u00b7laci\u00f3 de recollida selectiva que t\u00e9 com a objectiu fer una gesti\u00f3 adequada dels residus que, per les seues caracter\u00edstiques, no poden ser tractats com la resta dels residus dom\u00e8stics, d&#8217;ah\u00ed la import\u00e0ncia de no dipositar deixalles al voltant dels contenidors de fem, cart\u00f3 o vidre, ja que els coneguts popularment com trastos han de tractar-se directament a l&#8217;ecoparc.<\/p>\n<p>El d&#8217;Alzira mant\u00e9 un <strong>ampli horari d&#8217;atenci\u00f3 al p\u00fablic<\/strong>, incl\u00f2s <strong>dissabte i diumenge, de 9 a 14 hores<\/strong>, per tal de facilitar la gesti\u00f3 adequada dels residus tals com:<\/p>\n<p style=\"margin-left: 30px;\">&#8211; De gran grand\u00e0ria, com mobles, matalassos usats, enderrocs, o pneum\u00e0tics.<br \/>&#8211; Electr\u00f2nics: tant grans com menuts.<br \/>&#8211; Residus potencialment perillosos: piles i bateries, olis vegetals i de motor o tubs fluorescents.<br \/>&#8211; Residus que requerixen tractament espec\u00edfic: radiografies, roba i cal\u00e7at.<\/p>\n<p>La simple acci\u00f3 d&#8217;<strong>acostar-se a l&#8217;ecoparc<\/strong> per a dipositar el que no necessitem ens <strong>reporta<\/strong> un <strong>doble benefici<\/strong>:<\/p>\n<p style=\"margin-left: 30px;\"><strong>Mediambiental<\/strong>, ja que contribuix a la no aparici\u00f3 d&#8217;abocadors incontrolats. Es poden reciclar els gasos contaminats dels electrodom\u00e8stics i evitem la contaminaci\u00f3 del s\u00f2l per l&#8217;abandonament de residus.<br \/><strong>Econ\u00f2mic<\/strong>: cada vegada que dipositem deixalles a l&#8217;ecoparc d&#8217;Alzira se&#8217;ns atribuixen punts amb la finalitat de ser canviats per descomptes al nostre rebut de la taxa de reciclatge.<\/p>\n<p><strong>Fernando Pascual<\/strong>, regidor de Serveis Urbans, manifesta que: <em>\u00ab\u00c9s molt important acostumar-nos a fer un bon \u00fas de l&#8217;ecoparc, ja que aix\u00ed ens assegurem que cada residu \u00e9s gestionat espec\u00edficament segons les seues caracter\u00edstiques, nom\u00e9s aix\u00ed podem aconseguir reduccions en el volum de fem i deixalles. En 2020 per utilitzar l&#8217;ecoparc m\u00e9s de dos mil alzireneys\/nys s&#8217;han beneficiat d&#8217;un descompte en el rebut de la taxa de reciclatge\u00bb<\/em>.<\/p>\n<p>Una altra de les finalitats associades a l&#8217;ecoparc \u00e9s la d&#8217;evitar abocadors incontrolats, la qual cosa degrada l&#8217;entorn i causa un efecte visual totalment negatiu per a qualsevol ciutat com Alzira que compta amb tots els serveis necessaris per a evitar que proliferen este tipus d&#8217;actituds que encara alguns posen en pr\u00e0ctica en ple segle XXI, molt a pesar de les reiterades recomanacions de fer un \u00fas correcte de les deixalles i enderrocs.<\/p>\n<p>Formem part d&#8217;una societat en constant evoluci\u00f3, que di\u00e0riament generem una gran quantitat de residus, i de tota mena, aix\u00ed que de nosaltres dep\u00e9n acatar les normes de conducta correctes i dipositat tot all\u00f2 que ja no necessitem a l&#8217;ecoparc.<\/p>\n<p style=\"text-align: center;\"><img fetchpriority=\"high\" decoding=\"async\" width=\"1699\" height=\"2425\" class=\" size-full wp-image-51278\" src=\"https:\/\/alzira.es\/wp-content\/uploads\/2020\/08\/Ecoparc.jpg\" alt=\"Ecoparc\" srcset=\"https:\/\/alzira.es\/wp-content\/uploads\/2020\/08\/Ecoparc.jpg 1699w, https:\/\/alzira.es\/wp-content\/uploads\/2020\/08\/Ecoparc-357x510.jpg 357w, https:\/\/alzira.es\/wp-content\/uploads\/2020\/08\/Ecoparc-751x1072.jpg 751w, https:\/\/alzira.es\/wp-content\/uploads\/2020\/08\/Ecoparc-768x1096.jpg 768w, https:\/\/alzira.es\/wp-content\/uploads\/2020\/08\/Ecoparc-1076x1536.jpg 1076w, https:\/\/alzira.es\/wp-content\/uploads\/2020\/08\/Ecoparc-1435x2048.jpg 1435w\" sizes=\"(max-width: 706px) 89vw, (max-width: 767px) 82vw, 740px\" \/><\/p>\n","protected":false},"excerpt":{"rendered":"<p>L&#8217;ecoparc \u00e9s la instal\u00b7laci\u00f3 de recollida selectiva que t\u00e9 com a objectiu fer una gesti\u00f3 adequada dels residus que, per les seues caracter\u00edstiques, no poden ser tractats com la resta dels residus dom\u00e8stics, d&#8217;ah\u00ed la import\u00e0ncia de no dipositar deixalles al voltant dels contenidors de fem, cart\u00f3 o vidre, ja que els coneguts popularment com &hellip; <\/p>\n<p class=\"link-more\"><a href=\"https:\/\/alzira.es\/es\/ecoparc-alzira-2\/\" class=\"more-link\">Continuar leyendo<span class=\"screen-reader-text\"> \u00abL&#8217;ecoparc d&#8217;Alzira obri els caps de setmana de 9 a 14 hores per a facilitar la gesti\u00f3 dels residus\u00bb<\/span><\/a><\/p>\n","protected":false},"author":29,"featured_media":51278,"comment_status":"","ping_status":"","sticky":false,"template":"","format":"standard","meta":{"_acf_changed":false,"footnotes":""},"categories":[],"tags":[],"class_list":["post-51282","post","type-post","status-publish","format-standard","has-post-thumbnail","hentry"],"acf":[],"_links":{"self":[{"href":"https:\/\/alzira.es\/es\/wp-json\/wp\/v2\/posts\/51282","targetHints":{"allow":["GET"]}}],"collection":[{"href":"https:\/\/alzira.es\/es\/wp-json\/wp\/v2\/posts"}],"about":[{"href":"https:\/\/alzira.es\/es\/wp-json\/wp\/v2\/types\/post"}],"author":[{"embeddable":true,"href":"https:\/\/alzira.es\/es\/wp-json\/wp\/v2\/users\/29"}],"replies":[{"embeddable":true,"href":"https:\/\/alzira.es\/es\/wp-json\/wp\/v2\/comments?post=51282"}],"version-history":[{"count":0,"href":"https:\/\/alzira.es\/es\/wp-json\/wp\/v2\/posts\/51282\/revisions"}],"wp:featuredmedia":[{"embeddable":true,"href":"https:\/\/alzira.es\/es\/wp-json\/wp\/v2\/media\/51278"}],"wp:attachment":[{"href":"https:\/\/alzira.es\/es\/wp-json\/wp\/v2\/media?parent=51282"}],"wp:term":[{"taxonomy":"category","embeddable":true,"href":"https:\/\/alzira.es\/es\/wp-json\/wp\/v2\/categories?post=51282"},{"taxonomy":"post_tag","embeddable":true,"href":"https:\/\/alzira.es\/es\/wp-json\/wp\/v2\/tags?post=51282"}],"curies":[{"name":"wp","href":"https:\/\/api.w.org\/{rel}","templated":true}]}}