{"id":51264,"date":"2020-08-07T13:17:00","date_gmt":"2020-08-07T11:17:00","guid":{"rendered":"https:\/\/alzira.es\/terreny-de-joc-del-luis-suner-3\/"},"modified":"2020-08-07T13:17:00","modified_gmt":"2020-08-07T11:17:00","slug":"terreny-de-joc-del-luis-suner-3","status":"publish","type":"post","link":"https:\/\/alzira.es\/es\/terreny-de-joc-del-luis-suner-3\/","title":{"rendered":"El terreny de joc del Luis Su\u00f1er es troba en un estat immillorable de cara a la pr\u00f2xima temporada"},"content":{"rendered":"<p style=\"text-align: justify;\"><strong>Alzira, 7 d&#8217;agost de 2020.-<\/strong> El terreny de joc del camp de futbol Luis Su\u00f1er es troba en un estat immillorable a hores d&#8217;ara, eixe \u00e9s el resultat del seguiment que s&#8217;ha estat realitzant a la gespa al llarg de tota la temporada per part d&#8217;una empresa especialitzada.<\/p>\n<p style=\"text-align: justify;\">En accedir a la Regidoria d&#8217;Esports, <strong>Fernando Pascual<\/strong>, regidor de l&#8217;\u00e0rea es va comprometre amb els directius del club a condicionar el terreny de joc i per a tal menester s&#8217;anava a comptar amb els servicis d&#8217;una empresa amb experi\u00e8ncia i d&#8217;avalada reputaci\u00f3 en el sector. La tasca ha consistit a anar supervisant la gespa i els treballs que en ella s&#8217;han anat realitzant per part dels treballadors municipals, als que el regidor agra\u00efx l&#8217;entrega i implicaci\u00f3 per tal que el Su\u00f1er compte actualment en un dels terrenys de joc m\u00e9s preparats i condicionats de tota la prov\u00edncia.<\/p>\n<p style=\"text-align: justify;\">El regidor ha visitat el camp de futbol per tal d&#8217;interessar-se per la situaci\u00f3 actual del camp per tal de seguir amb el manteniment de cara a la pr\u00f2xima temporada.<\/p>\n<p style=\"text-align: justify;\"><em>\u00abEstar al costat dels nostres clubs, donar prioritat als nostres esportistes, facilitar la pr\u00e0ctica de l&#8217;esport a totes i tots els alzirenys \u00e9s la nostra finalitat, per aix\u00f2 estem oberts a escoltar als clubs que ens aporten els seus suggeriments i plantejaments que des de la Regidora d&#8217;Esports tractem de fer-los possible per tal de seguir sent una ciutat activa i on la disciplina esportiva gaudix d&#8217;un gran seguiment entre la ciutadania\u00bb<\/em>, ha matisat el regidor.<\/p>\n<p style=\"text-align: center;\"><a class=\"jcepopup\" href=\"https:\/\/alzira.es\/wp-content\/uploads\/2020\/08\/IMG-20200806-WA0004.jpg\" target=\"_blank\" rel=\"noopener\"><img fetchpriority=\"high\" decoding=\"async\" class=\" size-full wp-image-51159\" src=\"https:\/\/alzira.es\/wp-content\/uploads\/2020\/08\/IMG-20200806-WA0004.jpg\" alt=\"IMG-20200806-WA0004\" width=\"500\" height=\"375\" srcset=\"https:\/\/alzira.es\/wp-content\/uploads\/2020\/08\/IMG-20200806-WA0004.jpg 1600w, https:\/\/alzira.es\/wp-content\/uploads\/2020\/08\/IMG-20200806-WA0004-680x510.jpg 680w, https:\/\/alzira.es\/wp-content\/uploads\/2020\/08\/IMG-20200806-WA0004-1430x1072.jpg 1430w, https:\/\/alzira.es\/wp-content\/uploads\/2020\/08\/IMG-20200806-WA0004-768x576.jpg 768w, https:\/\/alzira.es\/wp-content\/uploads\/2020\/08\/IMG-20200806-WA0004-1536x1152.jpg 1536w\" sizes=\"(max-width: 500px) 100vw, 500px\" \/><\/a>&nbsp;<a class=\"jcepopup\" style=\"text-align: center;\" type=\"image\" href=\"https:\/\/alzira.es\/wp-content\/uploads\/2020\/08\/IMG-20200806-WA0006.jpg\" target=\"_blank\" rel=\"noopener\"><img decoding=\"async\" class=\"size-full wp-image-51161 lazyload\" data-src=\"https:\/\/alzira.es\/wp-content\/uploads\/2020\/08\/IMG-20200806-WA0006.jpg\" alt=\"IMG-20200806-WA0006\" width=\"500\" height=\"375\" data-srcset=\"https:\/\/alzira.es\/wp-content\/uploads\/2020\/08\/IMG-20200806-WA0006.jpg 1600w, https:\/\/alzira.es\/wp-content\/uploads\/2020\/08\/IMG-20200806-WA0006-680x510.jpg 680w, https:\/\/alzira.es\/wp-content\/uploads\/2020\/08\/IMG-20200806-WA0006-1430x1072.jpg 1430w, https:\/\/alzira.es\/wp-content\/uploads\/2020\/08\/IMG-20200806-WA0006-768x576.jpg 768w, https:\/\/alzira.es\/wp-content\/uploads\/2020\/08\/IMG-20200806-WA0006-1536x1152.jpg 1536w\" data-sizes=\"(max-width: 500px) 100vw, 500px\" src=\"data:image\/svg+xml;base64,PHN2ZyB3aWR0aD0iMSIgaGVpZ2h0PSIxIiB4bWxucz0iaHR0cDovL3d3dy53My5vcmcvMjAwMC9zdmciPjwvc3ZnPg==\" style=\"--smush-placeholder-width: 500px; --smush-placeholder-aspect-ratio: 500\/375;\" \/><\/a><\/p>\n","protected":false},"excerpt":{"rendered":"<p>Alzira, 7 d&#8217;agost de 2020.- El terreny de joc del camp de futbol Luis Su\u00f1er es troba en un estat immillorable a hores d&#8217;ara, eixe \u00e9s el resultat del seguiment que s&#8217;ha estat realitzant a la gespa al llarg de tota la temporada per part d&#8217;una empresa especialitzada. En accedir a la Regidoria d&#8217;Esports, Fernando &hellip; <\/p>\n<p class=\"link-more\"><a href=\"https:\/\/alzira.es\/es\/terreny-de-joc-del-luis-suner-3\/\" class=\"more-link\">Continuar leyendo<span class=\"screen-reader-text\"> \u00abEl terreny de joc del Luis Su\u00f1er es troba en un estat immillorable de cara a la pr\u00f2xima temporada\u00bb<\/span><\/a><\/p>\n","protected":false},"author":29,"featured_media":51159,"comment_status":"","ping_status":"","sticky":false,"template":"","format":"standard","meta":{"_acf_changed":false,"footnotes":""},"categories":[],"tags":[],"class_list":["post-51264","post","type-post","status-publish","format-standard","has-post-thumbnail","hentry"],"acf":[],"_links":{"self":[{"href":"https:\/\/alzira.es\/es\/wp-json\/wp\/v2\/posts\/51264","targetHints":{"allow":["GET"]}}],"collection":[{"href":"https:\/\/alzira.es\/es\/wp-json\/wp\/v2\/posts"}],"about":[{"href":"https:\/\/alzira.es\/es\/wp-json\/wp\/v2\/types\/post"}],"author":[{"embeddable":true,"href":"https:\/\/alzira.es\/es\/wp-json\/wp\/v2\/users\/29"}],"replies":[{"embeddable":true,"href":"https:\/\/alzira.es\/es\/wp-json\/wp\/v2\/comments?post=51264"}],"version-history":[{"count":0,"href":"https:\/\/alzira.es\/es\/wp-json\/wp\/v2\/posts\/51264\/revisions"}],"wp:featuredmedia":[{"embeddable":true,"href":"https:\/\/alzira.es\/es\/wp-json\/wp\/v2\/media\/51159"}],"wp:attachment":[{"href":"https:\/\/alzira.es\/es\/wp-json\/wp\/v2\/media?parent=51264"}],"wp:term":[{"taxonomy":"category","embeddable":true,"href":"https:\/\/alzira.es\/es\/wp-json\/wp\/v2\/categories?post=51264"},{"taxonomy":"post_tag","embeddable":true,"href":"https:\/\/alzira.es\/es\/wp-json\/wp\/v2\/tags?post=51264"}],"curies":[{"name":"wp","href":"https:\/\/api.w.org\/{rel}","templated":true}]}}