{"id":51261,"date":"2020-08-18T14:13:47","date_gmt":"2020-08-18T12:13:47","guid":{"rendered":"https:\/\/alzira.es\/menors-reben-l-ajuda-per-a-alimentacio\/"},"modified":"2020-08-18T14:13:47","modified_gmt":"2020-08-18T12:13:47","slug":"menors-reben-l-ajuda-per-a-alimentacio","status":"publish","type":"post","link":"https:\/\/alzira.es\/es\/menors-reben-l-ajuda-per-a-alimentacio\/","title":{"rendered":"M\u00e1s de 600 menores reciben la ayuda para alimentaci\u00f3n del Ayuntamiento de Alzira en julio y agosto"},"content":{"rendered":"<p style=\"line-height: 150%;\">La Concejal\u00eda de Servicios Sociales del Ayuntamiento de Alzira cuantifica en <strong>606 las tarjetas para alimentaci\u00f3n infantil<\/strong> que se han otorgado tanto en los<strong> meses<\/strong> de <strong>julio<\/strong> como en <strong>agosto<\/strong>. Un total de 60.600 euros entre el alumnado becado por la Conseller\u00eda con la m\u00e1xima puntuaci\u00f3n y las familias con menores afectadas por la crisis que se encuentran en expediente abierto en Intervenci\u00f3n Familiar.<\/p>\n<p>Este programa se ha puesto en marcha gracias a las aportaciones ciudadanas al Fondo Solidario <strong>Som Alzira<\/strong> y cuenta tambi\u00e9n con la financiaci\u00f3n de las partidas correspondientes a las actividades de verano de servicios sociales que este a\u00f1o no se han podido llevar a cabo por la COVID-19.<\/p>\n<p>Las ayudas se dan a las familias mediante las Tarjetas de Compra de Alimentaci\u00f3n del supermercado Consum Alzira, cadena con la cual se inicia una colaboraci\u00f3n desde el \u00e1rea de Servicios Sociales.<\/p>\n<p>La cantidad otorgada var\u00eda en funci\u00f3n del n\u00famero de menores de la unidad de convivencia que se encuentra en edad escolar de la etapa de Primaria. En total se han otorgado un total de <strong>447 tarjetas a las familias, que cubren los 606 menores<\/strong>.<\/p>\n<p><strong>La inversi\u00f3n de m\u00e1s de 60.000 euros se ha repartido en tarjetas mensuales de 50\u20ac para cada ni\u00f1o y ni\u00f1a a lo largo de los meses de julio y agosto.<\/strong><br \/><em>\u00abDesde Servicios Sociales hemos trabajado para poder estar junto a la ciudadan\u00eda, y para dar respuesta a sus necesidades primarias, hemos estudiado las necesidades. Se trata de un sistema transparente que da seguridad y confianza y adem\u00e1s nos asegura que las familias hacen un uso adecuado y responsable de la ayuda\u00bb<\/em>, manifiesta la regidora de Servicios Sociales,<strong> Marina Mir<\/strong>.<\/p>\n<p>La participaci\u00f3n en el programa ha estado sujeta al cumplimiento del compromiso de responsabilidad que las familias han firmado con Servicios Sociales, e implica la revisi\u00f3n del gasto correspondiente con productos de primera necesidad y aptas para menores.<\/p>\n<p>Hay que destacar tambi\u00e9n que el supermercado adem\u00e1s colabora con vales descuente del 1,5% del valor de la compra para el beneficiario y otro 1,5% para el mismo Ayuntamiento, cantidad que se destinar\u00e1 a compra de productos de primera necesidad.<\/p>\n<p><strong>Som Alzira<\/strong><\/p>\n<p>Es un fondo solidario que ha contado con las aportaciones de la ciudadan\u00eda y que sigue en marcha para seguir recibiendo donaciones solidarias destinadas a cubrir primeras necesidades de los alzire\u00f1os y alzire\u00f1as.<\/p>\n<p><strong>De momento el fondo ha recaudado casi 30.000 euros gracias a las donaciones<\/strong>. Hay que recordar que las aportaciones suponen un beneficio fiscal para las personas que dan.<\/p>\n<p><strong>Los interesados pueden hacer su aportaci\u00f3n a la cuenta de Caja Popular<\/strong> ES09 3159 0054 2426 9480 2923.<\/p>\n<p style=\"margin: 6pt 0cm 18pt; line-height: 150%; background: white; text-align: center;\"><span style=\"font-size: 11pt; line-height: 150%; font-family: Arial, sans-serif;\"><a class=\"jcepopup\" href=\"https:\/\/alzira.es\/wp-content\/uploads\/2020\/08\/ajudes_alimentacio.jpg\" target=\"_blank\" rel=\"noopener\"><img fetchpriority=\"high\" decoding=\"async\" class=\" size-full wp-image-51256\" src=\"https:\/\/alzira.es\/wp-content\/uploads\/2020\/08\/ajudes_alimentacio.jpg\" alt=\"ajudes alimentacio\" width=\"600\" height=\"277\" srcset=\"https:\/\/alzira.es\/wp-content\/uploads\/2020\/08\/ajudes_alimentacio.jpg 2000w, https:\/\/alzira.es\/wp-content\/uploads\/2020\/08\/ajudes_alimentacio-680x314.jpg 680w, https:\/\/alzira.es\/wp-content\/uploads\/2020\/08\/ajudes_alimentacio-1430x660.jpg 1430w, https:\/\/alzira.es\/wp-content\/uploads\/2020\/08\/ajudes_alimentacio-768x354.jpg 768w, https:\/\/alzira.es\/wp-content\/uploads\/2020\/08\/ajudes_alimentacio-1536x709.jpg 1536w\" sizes=\"(max-width: 600px) 100vw, 600px\" \/><\/a>&nbsp;<a class=\"jcepopup\" style=\"font-size: 14.4px; text-align: center;\" type=\"image\" href=\"https:\/\/alzira.es\/wp-content\/uploads\/2020\/08\/fondosocial_VAL.jpg\" target=\"_blank\" rel=\"noopener\"><span style=\"font-size: 11pt; line-height: 22px; font-family: Arial, sans-serif;\"><img decoding=\"async\" class=\"size-full wp-image-51259 lazyload\" data-src=\"https:\/\/alzira.es\/wp-content\/uploads\/2020\/08\/fondosocial_VAL.jpg\" alt=\"fondosocial VAL\" width=\"332\" height=\"277\" data-srcset=\"https:\/\/alzira.es\/wp-content\/uploads\/2020\/08\/fondosocial_VAL.jpg 1200w, https:\/\/alzira.es\/wp-content\/uploads\/2020\/08\/fondosocial_VAL-612x510.jpg 612w, https:\/\/alzira.es\/wp-content\/uploads\/2020\/08\/fondosocial_VAL-768x640.jpg 768w\" data-sizes=\"(max-width: 332px) 100vw, 332px\" src=\"data:image\/svg+xml;base64,PHN2ZyB3aWR0aD0iMSIgaGVpZ2h0PSIxIiB4bWxucz0iaHR0cDovL3d3dy53My5vcmcvMjAwMC9zdmciPjwvc3ZnPg==\" style=\"--smush-placeholder-width: 332px; --smush-placeholder-aspect-ratio: 332\/277;\" \/><\/span><\/a><\/span><\/p>\n","protected":false},"excerpt":{"rendered":"<p>La Concejal\u00eda de Servicios Sociales del Ayuntamiento de Alzira cuantifica en 606 las tarjetas para alimentaci\u00f3n infantil que se han otorgado tanto en los meses de julio como en agosto. Un total de 60.600 euros entre el alumnado becado por la Conseller\u00eda con la m\u00e1xima puntuaci\u00f3n y las familias con menores afectadas por la crisis &hellip; <\/p>\n<p class=\"link-more\"><a href=\"https:\/\/alzira.es\/es\/menors-reben-l-ajuda-per-a-alimentacio\/\" class=\"more-link\">Continuar leyendo<span class=\"screen-reader-text\"> \u00abM\u00e1s de 600 menores reciben la ayuda para alimentaci\u00f3n del Ayuntamiento de Alzira en julio y agosto\u00bb<\/span><\/a><\/p>\n","protected":false},"author":29,"featured_media":51256,"comment_status":"","ping_status":"","sticky":false,"template":"","format":"standard","meta":{"_acf_changed":false,"footnotes":""},"categories":[4936],"tags":[],"class_list":["post-51261","post","type-post","status-publish","format-standard","has-post-thumbnail","hentry","category-hemeroteca-es"],"acf":[],"_links":{"self":[{"href":"https:\/\/alzira.es\/es\/wp-json\/wp\/v2\/posts\/51261","targetHints":{"allow":["GET"]}}],"collection":[{"href":"https:\/\/alzira.es\/es\/wp-json\/wp\/v2\/posts"}],"about":[{"href":"https:\/\/alzira.es\/es\/wp-json\/wp\/v2\/types\/post"}],"author":[{"embeddable":true,"href":"https:\/\/alzira.es\/es\/wp-json\/wp\/v2\/users\/29"}],"replies":[{"embeddable":true,"href":"https:\/\/alzira.es\/es\/wp-json\/wp\/v2\/comments?post=51261"}],"version-history":[{"count":0,"href":"https:\/\/alzira.es\/es\/wp-json\/wp\/v2\/posts\/51261\/revisions"}],"wp:featuredmedia":[{"embeddable":true,"href":"https:\/\/alzira.es\/es\/wp-json\/wp\/v2\/media\/51256"}],"wp:attachment":[{"href":"https:\/\/alzira.es\/es\/wp-json\/wp\/v2\/media?parent=51261"}],"wp:term":[{"taxonomy":"category","embeddable":true,"href":"https:\/\/alzira.es\/es\/wp-json\/wp\/v2\/categories?post=51261"},{"taxonomy":"post_tag","embeddable":true,"href":"https:\/\/alzira.es\/es\/wp-json\/wp\/v2\/tags?post=51261"}],"curies":[{"name":"wp","href":"https:\/\/api.w.org\/{rel}","templated":true}]}}