{"id":51239,"date":"2020-08-18T11:14:15","date_gmt":"2020-08-18T09:14:15","guid":{"rendered":"https:\/\/alzira.es\/noves-mesures-covid-2\/"},"modified":"2020-08-18T11:14:15","modified_gmt":"2020-08-18T09:14:15","slug":"noves-mesures-covid-2","status":"publish","type":"post","link":"https:\/\/alzira.es\/es\/noves-mesures-covid-2\/","title":{"rendered":"Noves mesures COVID"},"content":{"rendered":"<div class=\"text_exposed_show\" style=\"color: #1c1e21; text-transform: none; text-indent: 0px; letter-spacing: normal; font-family: Helvetica, Arial, sans-serif; font-size: 14px; font-style: normal; font-weight: 400; word-spacing: 0px; display: inline; white-space: normal; orphans: 2; widows: 2; background-color: #ffffff;\">\n<p style=\"margin: 0px 0px 6px; color: #1c1e21; text-transform: none; text-indent: 0px; letter-spacing: normal; font-family: Helvetica, Arial, sans-serif; font-size: 14px; font-style: normal; font-weight: 400; word-spacing: 0px; display: block; white-space: normal; orphans: 2; widows: 2; background-color: #ffffff;\"><strong>Des de hui entren en vigor en la Comunitat Valenciana les mesures anticovid sobre oci nocturn, hostaleria i restauraci\u00f3, esdeveniments massius, resid\u00e8ncies, tabac.<\/strong><br \/><strong>Es reavaluaran en 21 dies<\/strong>.<\/p>\n<ul style=\"list-style-type: circle;\">\n<li>Es tanquen discoteques, sales de ball i bars de copes.<\/li>\n<li>Els establiments d&#8217;hostaleria i restauraci\u00f3 podran obrir fins a la 1 h i acollir reunions de 10 persones m\u00e0xim.<\/li>\n<li>Tant dins com fora del local haur\u00e0 de respectar-se la dist\u00e0ncia interpersonal de 1,5 m.<\/li>\n<li>No es podr\u00e0 fumar en la via p\u00fablica o en espai a l&#8217;aire lliure quan no es puga respectar una dist\u00e0ncia m\u00ednima interpersonal de, almenys 2 metres.<\/li>\n<li>Aquesta limitaci\u00f3 inclou qualsevol altre dispositiu d&#8217;inhalaci\u00f3 de tabac, pipes d&#8217;aigua, pipes o assimilats.<\/li>\n<li>En resid\u00e8ncies i centres sociosanitaris es realitzaran proves PCR a tots els nous ingressos i reingressos.<\/li>\n<li>Es restringiran les visites a una hora al dia i a una persona per resident.<\/li>\n<li>Es limitaran al m\u00e0xim les eixides de les persones residents.<img fetchpriority=\"high\" decoding=\"async\" class=\" size-full wp-image-51235\" style=\"margin-right: auto; margin-left: auto; display: block;\" src=\"https:\/\/alzira.es\/wp-content\/uploads\/2020\/08\/PANTALLA_RRSS.jpg\" alt=\"PANTALLA RRSS\" width=\"500\" height=\"500\" \/><\/li>\n<\/ul>\n<p style=\"text-align: center;\">&nbsp;<\/p>\n<p>&nbsp;<\/p>\n<\/p><\/div>\n","protected":false},"excerpt":{"rendered":"<p>Des de hui entren en vigor en la Comunitat Valenciana les mesures anticovid sobre oci nocturn, hostaleria i restauraci\u00f3, esdeveniments massius, resid\u00e8ncies, tabac.Es reavaluaran en 21 dies. Es tanquen discoteques, sales de ball i bars de copes. Els establiments d&#8217;hostaleria i restauraci\u00f3 podran obrir fins a la 1 h i acollir reunions de 10 persones &hellip; <\/p>\n<p class=\"link-more\"><a href=\"https:\/\/alzira.es\/es\/noves-mesures-covid-2\/\" class=\"more-link\">Continuar leyendo<span class=\"screen-reader-text\"> \u00abNoves mesures COVID\u00bb<\/span><\/a><\/p>\n","protected":false},"author":36,"featured_media":51235,"comment_status":"","ping_status":"","sticky":false,"template":"","format":"standard","meta":{"_acf_changed":false,"footnotes":""},"categories":[],"tags":[],"class_list":["post-51239","post","type-post","status-publish","format-standard","has-post-thumbnail","hentry"],"acf":[],"_links":{"self":[{"href":"https:\/\/alzira.es\/es\/wp-json\/wp\/v2\/posts\/51239","targetHints":{"allow":["GET"]}}],"collection":[{"href":"https:\/\/alzira.es\/es\/wp-json\/wp\/v2\/posts"}],"about":[{"href":"https:\/\/alzira.es\/es\/wp-json\/wp\/v2\/types\/post"}],"author":[{"embeddable":true,"href":"https:\/\/alzira.es\/es\/wp-json\/wp\/v2\/users\/36"}],"replies":[{"embeddable":true,"href":"https:\/\/alzira.es\/es\/wp-json\/wp\/v2\/comments?post=51239"}],"version-history":[{"count":0,"href":"https:\/\/alzira.es\/es\/wp-json\/wp\/v2\/posts\/51239\/revisions"}],"wp:featuredmedia":[{"embeddable":true,"href":"https:\/\/alzira.es\/es\/wp-json\/wp\/v2\/media\/51235"}],"wp:attachment":[{"href":"https:\/\/alzira.es\/es\/wp-json\/wp\/v2\/media?parent=51239"}],"wp:term":[{"taxonomy":"category","embeddable":true,"href":"https:\/\/alzira.es\/es\/wp-json\/wp\/v2\/categories?post=51239"},{"taxonomy":"post_tag","embeddable":true,"href":"https:\/\/alzira.es\/es\/wp-json\/wp\/v2\/tags?post=51239"}],"curies":[{"name":"wp","href":"https:\/\/api.w.org\/{rel}","templated":true}]}}