{"id":51233,"date":"2020-08-17T11:00:48","date_gmt":"2020-08-17T09:00:48","guid":{"rendered":"https:\/\/alzira.es\/projecte-de-construccio-de-la-redona-en-la-carretera-corbera-2\/"},"modified":"2020-08-17T11:00:48","modified_gmt":"2020-08-17T09:00:48","slug":"projecte-de-construccio-de-la-redona-en-la-carretera-corbera-2","status":"publish","type":"post","link":"https:\/\/alzira.es\/es\/projecte-de-construccio-de-la-redona-en-la-carretera-corbera-2\/","title":{"rendered":"Projecte de construcci\u00f3 de la redona en la carretera Corbera"},"content":{"rendered":"<p style=\"margin: 0cm 0cm 0pt; text-align: justify; line-height: 150%;\"><span style=\"line-height: 150%; font-family: 'Arial',sans-serif; font-size: 11pt;\"><strong>El Departament de Carreteres i Infraestructures de la Diputaci\u00f3 de Val\u00e8ncia<\/strong> <strong>ha aprovat el projecte de construcci\u00f3 de dos redones<\/strong>, una en la intersecci\u00f3 de la CV-510 amb la CV-506 i una segona en la intersecci\u00f3 CV-506 amb el cam\u00ed Baix de Corbera, les quals formen part de la Xarxa Local de Carreteres de la Comunitat Valenciana; amb titularitat de la Diputaci\u00f3 de Val\u00e8ncia.<\/span><\/p>\n<p style=\"margin: 0cm 0cm 0pt; text-align: justify; line-height: 150%;\">&nbsp;<\/p>\n<p style=\"margin: 0cm 0cm 0pt; text-align: justify; line-height: 150%;\"><span style=\"line-height: 150%; font-family: 'Arial',sans-serif; font-size: 11pt;\">La finalitat d\u2019esta obra \u00e9s pal\u00b7liar i millorar la seguretat i el tr\u00e0nsit de les carreteres CV-510 i CV-506, entre Alzira i Corbera i La Murta i el Forn de Carrascosa<\/span><\/p>\n<p style=\"margin: 0cm 0cm 0pt; text-align: justify; line-height: 150%;\">&nbsp;<\/p>\n<p style=\"margin: 0cm 0cm 0pt; text-align: justify; line-height: 150%;\">&nbsp;<\/p>\n<p style=\"margin: 0cm 0cm 0pt; text-align: justify; line-height: 150%;\"><span style=\"line-height: 150%; font-family: 'Arial',sans-serif; font-size: 11pt;\">La primera d\u2019elles se situar\u00e0 a la carretera CV-510 que connecta la ciutat d\u2019Alzira amb Corbera, en la intersecci\u00f3 amb la carretera CV-506. S&#8217;implantar\u00e0 una glorieta circular, que disposar\u00e0 d&#8217;un illot central de 40 m de di\u00e0metre interior, i cal\u00e7ada de dos carrils.<\/span><\/p>\n<p style=\"margin: 0cm 0cm 0pt; text-align: justify; line-height: 150%;\">&nbsp;<\/p>\n<p style=\"margin: 0cm 0cm 0pt; text-align: justify; line-height: 150%;\"><span style=\"line-height: 150%; font-family: 'Arial',sans-serif; font-size: 11pt;\">Esta construcci\u00f3 quedar\u00e0 lleugerament despla\u00e7ada en sentit nord cap al Forn de Carrascosa, ja que les seues dimensiones ho requereixen. A m\u00e9s les propietats adjacents en direcci\u00f3 del paratge de La Murta s\u00f3n inalterables perqu\u00e8 estan protegides patrimonialment.<\/span><\/p>\n<p style=\"margin: 0cm 0cm 0pt; text-align: justify; line-height: 150%;\">&nbsp;<\/p>\n<p style=\"margin: 0cm 0cm 0pt; text-align: justify; line-height: 150%;\"><span style=\"line-height: 150%; font-family: 'Arial',sans-serif; font-size: 11pt;\">La intersecci\u00f3 concentra bona part dels accidents ocorreguts en el tram de carretera en el qual es troba. Segons el Servei de Seguretat Vi\u00e0ria de la<\/span><\/p>\n<p style=\"margin: 0cm 0cm 0pt; text-align: justify; line-height: 150%;\"><span style=\"line-height: 150%; font-family: 'Arial',sans-serif; font-size: 11pt;\">Diputaci\u00f3 de Val\u00e8ncia, ha registrat el 50% dels accidents ocorreguts a tota la via.<\/span><\/p>\n<p style=\"margin: 0cm 0cm 0pt; text-align: justify; line-height: 150%;\">&nbsp;<\/p>\n<p style=\"margin: 0cm 0cm 0pt; text-align: justify; line-height: 150%;\">&nbsp;<\/p>\n<p style=\"margin: 0cm 0cm 0pt; text-align: justify; line-height: 150%;\"><span style=\"line-height: 150%; font-family: 'Arial',sans-serif; font-size: 11pt;\">Per altra banda, la segona redona se situar\u00e0 a la carretera CV-506, amb la intersecci\u00f3 del cam\u00ed Baix de Corbera, esta redona ser\u00e0 de dimensions m\u00e9s redu\u00efdes amb la finalitat de depurar el transit de la zona, que \u00e9s eminentment rural. Es construir\u00e0 una glorieta circular, dotada d&#8217;un illot central de 18,00 m de di\u00e0metre interior i cal\u00e7ada d&#8217;un \u00fanic carril.<\/span><\/p>\n<p style=\"margin: 0cm 0cm 0pt; text-align: justify; line-height: 150%;\">&nbsp;<\/p>\n<p style=\"margin: 0cm 0cm 0pt; text-align: justify; line-height: 150%;\"><span style=\"line-height: 150%; font-family: 'Arial',sans-serif; font-size: 11pt;\">Finalment, es millorar\u00e0 el tram de la carretera CV-506 des de la redona anomenada abans cap al Forn de Carrascosa, a la fi d\u2019integrar estes millores a la carretera existent.<\/span><\/p>\n<p style=\"margin: 0cm 0cm 0pt; text-align: justify; line-height: 150%;\">&nbsp;<\/p>\n<p style=\"margin: 0cm 0cm 0pt; text-align: justify; line-height: 150%;\"><span style=\"line-height: 150%; font-family: 'Arial',sans-serif; font-size: 11pt;\">El proc\u00e9s d\u2019este projecte est\u00e0 en fase d\u2019informaci\u00f3 p\u00fablica, \u00e9s per aix\u00f2, que encara no estan establides les dates d\u2019inici d\u2019obra.<\/span><\/p>\n<p>&nbsp;<\/p>\n<p style=\"text-align: center;\"><span style=\"font-family: Times New Roman; font-size: small;\"><span style=\"line-height: 150%; font-family: 'Arial',sans-serif; font-size: 11pt;\"><img fetchpriority=\"high\" decoding=\"async\" class=\" size-full wp-image-51229\" src=\"https:\/\/alzira.es\/wp-content\/uploads\/2020\/08\/redona_carretera_corbera.jpg\" alt=\"redona carretera corbera\" width=\"500\" height=\"353\" \/><\/span><\/span><\/p>\n","protected":false},"excerpt":{"rendered":"<p>El Departament de Carreteres i Infraestructures de la Diputaci\u00f3 de Val\u00e8ncia ha aprovat el projecte de construcci\u00f3 de dos redones, una en la intersecci\u00f3 de la CV-510 amb la CV-506 i una segona en la intersecci\u00f3 CV-506 amb el cam\u00ed Baix de Corbera, les quals formen part de la Xarxa Local de Carreteres de la &hellip; <\/p>\n<p class=\"link-more\"><a href=\"https:\/\/alzira.es\/es\/projecte-de-construccio-de-la-redona-en-la-carretera-corbera-2\/\" class=\"more-link\">Continuar leyendo<span class=\"screen-reader-text\"> \u00abProjecte de construcci\u00f3 de la redona en la carretera Corbera\u00bb<\/span><\/a><\/p>\n","protected":false},"author":36,"featured_media":51229,"comment_status":"","ping_status":"","sticky":false,"template":"","format":"standard","meta":{"_acf_changed":false,"footnotes":""},"categories":[],"tags":[],"class_list":["post-51233","post","type-post","status-publish","format-standard","has-post-thumbnail","hentry"],"acf":[],"_links":{"self":[{"href":"https:\/\/alzira.es\/es\/wp-json\/wp\/v2\/posts\/51233","targetHints":{"allow":["GET"]}}],"collection":[{"href":"https:\/\/alzira.es\/es\/wp-json\/wp\/v2\/posts"}],"about":[{"href":"https:\/\/alzira.es\/es\/wp-json\/wp\/v2\/types\/post"}],"author":[{"embeddable":true,"href":"https:\/\/alzira.es\/es\/wp-json\/wp\/v2\/users\/36"}],"replies":[{"embeddable":true,"href":"https:\/\/alzira.es\/es\/wp-json\/wp\/v2\/comments?post=51233"}],"version-history":[{"count":0,"href":"https:\/\/alzira.es\/es\/wp-json\/wp\/v2\/posts\/51233\/revisions"}],"wp:featuredmedia":[{"embeddable":true,"href":"https:\/\/alzira.es\/es\/wp-json\/wp\/v2\/media\/51229"}],"wp:attachment":[{"href":"https:\/\/alzira.es\/es\/wp-json\/wp\/v2\/media?parent=51233"}],"wp:term":[{"taxonomy":"category","embeddable":true,"href":"https:\/\/alzira.es\/es\/wp-json\/wp\/v2\/categories?post=51233"},{"taxonomy":"post_tag","embeddable":true,"href":"https:\/\/alzira.es\/es\/wp-json\/wp\/v2\/tags?post=51233"}],"curies":[{"name":"wp","href":"https:\/\/api.w.org\/{rel}","templated":true}]}}